{"id":7790,"date":"2023-02-05T11:20:05","date_gmt":"2023-02-05T10:20:05","guid":{"rendered":"https:\/\/publikumskonferenz.de\/blog\/?post_type=news&#038;p=7790"},"modified":"2023-02-05T11:25:58","modified_gmt":"2023-02-05T10:25:58","slug":"was-tun-faktenchecker","status":"publish","type":"news","link":"https:\/\/publikumskonferenz.de\/blog\/news\/was-tun-faktenchecker\/","title":{"rendered":"Was tun \u201eFaktenchecker\u201c?"},"content":{"rendered":"<p><strong>Was tun \u201eFaktenchecker\u201c? An den M\u00f6glichkeiten von Wahrheit sind sie nicht interessiert<\/strong><\/p>\n<p>Das Handwerk aller \u201eFaktenchecker\u201c ist Konformit\u00e4tspr\u00fcfung der \u00f6ffentlichen Redebeitr\u00e4ge, damit sie in den gew\u00fcnschten Meinungs- und Faktenkorridor passen. (&#8230;) Urteile, die aus Begebenheiten bestimmte Fakten machen sollen, unterliegen immer leitenden Interessen. Welche sind das bei den mittlerweile mehr als 30 Faktenchecker-Organisationen in Europa? Nun, schauen Sie auf deren Websites einfach nach, wer sie jeweils finanziert.<\/p>\n<p>https:\/\/www.berliner-zeitung.de\/kultur-vergnuegen\/was-tun-faktenchecker-an-den-moeglichkeiten-von-wahrheit-sind-sie-nicht-interessiert-li.255165<\/p>\n<div class=\"twoclick_social_bookmarks_post_7790 social_share_privacy clearfix 1.6.4 locale-de_DE sprite-de_DE\"><\/div><div class=\"twoclick-js\"><script type=\"text\/javascript\">\/* <![CDATA[ *\/\njQuery(document).ready(function($){if($('.twoclick_social_bookmarks_post_7790')){$('.twoclick_social_bookmarks_post_7790').socialSharePrivacy({\"services\":{\"facebook\":{\"status\":\"on\",\"txt_info\":\"2 Klicks f\\u00fcr mehr Datenschutz: Erst wenn Sie hier klicken, wird der Button aktiv und Sie k\\u00f6nnen Ihre Empfehlung an Facebook senden. Schon beim Aktivieren werden Daten an Dritte \\u00fcbertragen - siehe <em>i<\\\/em>.\",\"perma_option\":\"off\",\"action\":\"like\",\"language\":\"de_DE\"},\"twitter\":{\"reply_to\":\"\",\"tweet_text\":\"%20Was%20tun%20%E2%80%9EFaktenchecker%E2%80%9C%3F%20%C2%BB%20St%C3%A4ndige%20Publikumskonferenz%20der%20...\",\"status\":\"on\",\"txt_info\":\"2 Klicks f\\u00fcr mehr Datenschutz: Erst wenn Sie hier klicken, wird der Button aktiv und Sie k\\u00f6nnen Ihre Empfehlung an Twitter senden. Schon beim Aktivieren werden Daten an Dritte \\u00fcbertragen - siehe <em>i<\\\/em>.\",\"perma_option\":\"off\",\"language\":\"de\",\"referrer_track\":\"\"}},\"txt_help\":\"Wenn Sie diese Felder durch einen Klick aktivieren, werden Informationen an Facebook, Twitter, Flattr, Xing, t3n, LinkedIn, Pinterest oder Google eventuell ins Ausland \\u00fcbertragen und unter Umst\\u00e4nden auch dort gespeichert. N\\u00e4heres erfahren Sie durch einen Klick auf das <em>i<\\\/em>.\",\"settings_perma\":\"Dauerhaft aktivieren und Daten\\u00fcber-tragung zustimmen:\",\"info_link\":\"http:\\\/\\\/www.heise.de\\\/ct\\\/artikel\\\/2-Klicks-fuer-mehr-Datenschutz-1333879.html\",\"uri\":\"https:\\\/\\\/publikumskonferenz.de\\\/blog\\\/news\\\/was-tun-faktenchecker\\\/\",\"post_id\":7790,\"post_title_referrer_track\":\"Was+tun+%E2%80%9EFaktenchecker%E2%80%9C%3F\",\"display_infobox\":\"on\"});}});\n\/* ]]> *\/<\/script><\/div>","protected":false},"excerpt":{"rendered":"<p>Was tun \u201eFaktenchecker\u201c? An den M\u00f6glichkeiten von Wahrheit sind sie nicht interessiert Das Handwerk aller \u201eFaktenchecker\u201c ist Konformit\u00e4tspr\u00fcfung der \u00f6ffentlichen Redebeitr\u00e4ge, damit sie in den gew\u00fcnschten Meinungs- und Faktenkorridor passen. (&#8230;) Urteile, die aus Begebenheiten bestimmte Fakten machen sollen, unterliegen &hellip;<\/p>\n<p class=\"read-more\"> <a class=\"more-link\" href=\"https:\/\/publikumskonferenz.de\/blog\/news\/was-tun-faktenchecker\/\"> <span class=\"screen-reader-text\">Was tun \u201eFaktenchecker\u201c?<\/span> Weiterlesen &raquo;<\/a><\/p>\n","protected":false},"author":2,"featured_media":0,"comment_status":"closed","ping_status":"closed","template":"","categories":[],"newstags":[],"class_list":["post-7790","news","type-news","status-publish","hentry"],"_links":{"self":[{"href":"https:\/\/publikumskonferenz.de\/blog\/wp-json\/wp\/v2\/news\/7790","targetHints":{"allow":["GET"]}}],"collection":[{"href":"https:\/\/publikumskonferenz.de\/blog\/wp-json\/wp\/v2\/news"}],"about":[{"href":"https:\/\/publikumskonferenz.de\/blog\/wp-json\/wp\/v2\/types\/news"}],"author":[{"embeddable":true,"href":"https:\/\/publikumskonferenz.de\/blog\/wp-json\/wp\/v2\/users\/2"}],"replies":[{"embeddable":true,"href":"https:\/\/publikumskonferenz.de\/blog\/wp-json\/wp\/v2\/comments?post=7790"}],"wp:attachment":[{"href":"https:\/\/publikumskonferenz.de\/blog\/wp-json\/wp\/v2\/media?parent=7790"}],"wp:term":[{"taxonomy":"category","embeddable":true,"href":"https:\/\/publikumskonferenz.de\/blog\/wp-json\/wp\/v2\/categories?post=7790"},{"taxonomy":"newstags","embeddable":true,"href":"https:\/\/publikumskonferenz.de\/blog\/wp-json\/wp\/v2\/newstags?post=7790"}],"curies":[{"name":"wp","href":"https:\/\/api.w.org\/{rel}","templated":true}]}}