{"id":7814,"date":"2023-02-08T20:14:14","date_gmt":"2023-02-08T19:14:14","guid":{"rendered":"https:\/\/publikumskonferenz.de\/blog\/?post_type=news&#038;p=7814"},"modified":"2023-02-08T20:14:14","modified_gmt":"2023-02-08T19:14:14","slug":"2022-gab-es-in-europa-mehr-als-80-verstoesse-gegen-die-pressefreiheit","status":"publish","type":"news","link":"https:\/\/publikumskonferenz.de\/blog\/news\/2022-gab-es-in-europa-mehr-als-80-verstoesse-gegen-die-pressefreiheit\/","title":{"rendered":"2022 gab es in Europa mehr als 80 Verst\u00f6\u00dfe gegen die Pressefreiheit."},"content":{"rendered":"<p><strong>2022 gab es in Europa mehr als 80 Verst\u00f6\u00dfe gegen die Pressefreiheit.<\/strong><\/p>\n<p>Insgesamt 813 Verst\u00f6\u00dfe gegen die Pressefreiheit z\u00e4hlt der Jahresbericht des Projekts Media Freedom Rapid Response 2022 in Europa, 415 davon in EU-Staaten. Mit 140 gemeldeten Verletzungen der Pressefreiheit entfallen 17,2 % aller Vorf\u00e4lle auf die Ukraine. In Deutschland gab es dem Bericht nach 87 Verst\u00f6\u00dfe.<\/p>\n<blockquote class=\"wp-embedded-content\" data-secret=\"Z9hq2rw8OY\"><p><a href=\"https:\/\/www.turi2.de\/aktuell\/zahl-des-tages-2022-gab-es-in-europa-mehr-als-80-verstoesse-gegen-die-pressefreiheit\/\">Zahl des Tages: 2022 gab es in Europa mehr als 80 Verst\u00f6\u00dfe gegen die Pressefreiheit.<\/a><\/p><\/blockquote>\n<p><iframe loading=\"lazy\" class=\"wp-embedded-content\" sandbox=\"allow-scripts\" security=\"restricted\" style=\"position: absolute; visibility: hidden;\" title=\"&#8222;Zahl des Tages: 2022 gab es in Europa mehr als 80 Verst\u00f6\u00dfe gegen die Pressefreiheit.&#8220; &#8212; turi2\" src=\"https:\/\/www.turi2.de\/aktuell\/zahl-des-tages-2022-gab-es-in-europa-mehr-als-80-verstoesse-gegen-die-pressefreiheit\/embed\/#?secret=Z9hq2rw8OY\" data-secret=\"Z9hq2rw8OY\" width=\"600\" height=\"338\" frameborder=\"0\" marginwidth=\"0\" marginheight=\"0\" scrolling=\"no\"><\/iframe><\/p>\n<p>Die insgesamt 140 gemeldeten Verletzungen der Pressefreiheit in der Ukraine machen 17,2 Prozent aller Vorf\u00e4lle in Europa aus. Ein weiterer Reporter, der Investigativ-Journalist G\u00fcng\u00f6r Arslan, wurde in der T\u00fcrkei get\u00f6tet.<\/p>\n<p>Innerhalb der EU-Mitgliedstaaten waren verbale Angriffe wie Drohungen und Beleidigungen mit 41,2 Prozent die h\u00e4ufigste Art von Vorkommnissen. In rund einem F\u00fcnftel aller F\u00e4lle ging es um k\u00f6rperliche Angriffe. Zu den meisten \u00dcbergriffen kam es bei Demonstrationen, diese gingen allerdings im Vergleich zum Vorjahr zur\u00fcck. Es stieg der Anteil an Online\u00fcbergriffen, zum Beispiel durch Belei\u00addigungen in den sozialen Netzwerken.<\/p>\n<p>https:\/\/www.faz.net\/aktuell\/feuilleton\/medien\/813-angriffe-auf-journalisten-in-europa-18660945.html<\/p>\n<p>The Monitoring Report \u2013 produced by the European Centre for Press and Media Freedom (ECPMF), the International Press Institute (IPI), and the European Federation of Journalists (EFJ) as part of the MFRR \u2013 gathers and analyses all media freedom violations recorded on Mapping Media Freedom throughout the year 2022.<\/p>\n<blockquote class=\"wp-embedded-content\" data-secret=\"deDPRlmYIm\"><p><a href=\"https:\/\/www.ecpmf.eu\/813-media-freedom-violations-in-12-months-mfrr-monitoring-report-2022\/\">813 media freedom violations in 12 months \u2013 MFRR Monitoring Report 2022<\/a><\/p><\/blockquote>\n<p><iframe loading=\"lazy\" class=\"wp-embedded-content\" sandbox=\"allow-scripts\" security=\"restricted\" style=\"position: absolute; visibility: hidden;\" title=\"&#8220;813 media freedom violations in 12 months \u2013 MFRR Monitoring Report 2022&#8221; &#8212; European Centre for Press and Media Freedom\" src=\"https:\/\/www.ecpmf.eu\/813-media-freedom-violations-in-12-months-mfrr-monitoring-report-2022\/embed\/#?secret=ntWlQwpabE#?secret=deDPRlmYIm\" data-secret=\"deDPRlmYIm\" width=\"600\" height=\"338\" frameborder=\"0\" marginwidth=\"0\" marginheight=\"0\" scrolling=\"no\"><\/iframe><\/p>\n<p>Report<\/p>\n<p>https:\/\/www.mappingmediafreedom.org\/wp-content\/uploads\/2023\/02\/MFRR-Monitoring-Report-2022.pdf<\/p>\n<div class=\"twoclick_social_bookmarks_post_7814 social_share_privacy clearfix 1.6.4 locale-de_DE sprite-de_DE\"><\/div><div class=\"twoclick-js\"><script type=\"text\/javascript\">\/* <![CDATA[ *\/\njQuery(document).ready(function($){if($('.twoclick_social_bookmarks_post_7814')){$('.twoclick_social_bookmarks_post_7814').socialSharePrivacy({\"services\":{\"facebook\":{\"status\":\"on\",\"txt_info\":\"2 Klicks f\\u00fcr mehr Datenschutz: Erst wenn Sie hier klicken, wird der Button aktiv und Sie k\\u00f6nnen Ihre Empfehlung an Facebook senden. Schon beim Aktivieren werden Daten an Dritte \\u00fcbertragen - siehe <em>i<\\\/em>.\",\"perma_option\":\"off\",\"action\":\"like\",\"language\":\"de_DE\"},\"twitter\":{\"reply_to\":\"\",\"tweet_text\":\"%202022%20gab%20es%20in%20Europa%20mehr%20als%2080%20Verst%C3%B6%C3%9Fe%20gegen%20die%20Pressefreiheit.%20...\",\"status\":\"on\",\"txt_info\":\"2 Klicks f\\u00fcr mehr Datenschutz: Erst wenn Sie hier klicken, wird der Button aktiv und Sie k\\u00f6nnen Ihre Empfehlung an Twitter senden. Schon beim Aktivieren werden Daten an Dritte \\u00fcbertragen - siehe <em>i<\\\/em>.\",\"perma_option\":\"off\",\"language\":\"de\",\"referrer_track\":\"\"}},\"txt_help\":\"Wenn Sie diese Felder durch einen Klick aktivieren, werden Informationen an Facebook, Twitter, Flattr, Xing, t3n, LinkedIn, Pinterest oder Google eventuell ins Ausland \\u00fcbertragen und unter Umst\\u00e4nden auch dort gespeichert. N\\u00e4heres erfahren Sie durch einen Klick auf das <em>i<\\\/em>.\",\"settings_perma\":\"Dauerhaft aktivieren und Daten\\u00fcber-tragung zustimmen:\",\"info_link\":\"http:\\\/\\\/www.heise.de\\\/ct\\\/artikel\\\/2-Klicks-fuer-mehr-Datenschutz-1333879.html\",\"uri\":\"https:\\\/\\\/publikumskonferenz.de\\\/blog\\\/news\\\/2022-gab-es-in-europa-mehr-als-80-verstoesse-gegen-die-pressefreiheit\\\/\",\"post_id\":7814,\"post_title_referrer_track\":\"2022+gab+es+in+Europa+mehr+als+80+Verst%C3%B6%C3%9Fe+gegen+die+Pressefreiheit.\",\"display_infobox\":\"on\"});}});\n\/* ]]> *\/<\/script><\/div>","protected":false},"excerpt":{"rendered":"<p>2022 gab es in Europa mehr als 80 Verst\u00f6\u00dfe gegen die Pressefreiheit. Insgesamt 813 Verst\u00f6\u00dfe gegen die Pressefreiheit z\u00e4hlt der Jahresbericht des Projekts Media Freedom Rapid Response 2022 in Europa, 415 davon in EU-Staaten. Mit 140 gemeldeten Verletzungen der Pressefreiheit &hellip;<\/p>\n<p class=\"read-more\"> <a class=\"more-link\" href=\"https:\/\/publikumskonferenz.de\/blog\/news\/2022-gab-es-in-europa-mehr-als-80-verstoesse-gegen-die-pressefreiheit\/\"> <span class=\"screen-reader-text\">2022 gab es in Europa mehr als 80 Verst\u00f6\u00dfe gegen die Pressefreiheit.<\/span> Weiterlesen &raquo;<\/a><\/p>\n","protected":false},"author":2,"featured_media":0,"comment_status":"closed","ping_status":"closed","template":"","categories":[],"newstags":[],"class_list":["post-7814","news","type-news","status-publish","hentry"],"_links":{"self":[{"href":"https:\/\/publikumskonferenz.de\/blog\/wp-json\/wp\/v2\/news\/7814","targetHints":{"allow":["GET"]}}],"collection":[{"href":"https:\/\/publikumskonferenz.de\/blog\/wp-json\/wp\/v2\/news"}],"about":[{"href":"https:\/\/publikumskonferenz.de\/blog\/wp-json\/wp\/v2\/types\/news"}],"author":[{"embeddable":true,"href":"https:\/\/publikumskonferenz.de\/blog\/wp-json\/wp\/v2\/users\/2"}],"replies":[{"embeddable":true,"href":"https:\/\/publikumskonferenz.de\/blog\/wp-json\/wp\/v2\/comments?post=7814"}],"wp:attachment":[{"href":"https:\/\/publikumskonferenz.de\/blog\/wp-json\/wp\/v2\/media?parent=7814"}],"wp:term":[{"taxonomy":"category","embeddable":true,"href":"https:\/\/publikumskonferenz.de\/blog\/wp-json\/wp\/v2\/categories?post=7814"},{"taxonomy":"newstags","embeddable":true,"href":"https:\/\/publikumskonferenz.de\/blog\/wp-json\/wp\/v2\/newstags?post=7814"}],"curies":[{"name":"wp","href":"https:\/\/api.w.org\/{rel}","templated":true}]}}