{"id":7823,"date":"2023-02-11T16:15:46","date_gmt":"2023-02-11T15:15:46","guid":{"rendered":"https:\/\/publikumskonferenz.de\/blog\/?post_type=news&#038;p=7823"},"modified":"2023-02-11T16:15:46","modified_gmt":"2023-02-11T15:15:46","slug":"freiheit-die-mehrzahl-der-deutschen-fuehlt-sich-eingeschraenkt","status":"publish","type":"news","link":"https:\/\/publikumskonferenz.de\/blog\/news\/freiheit-die-mehrzahl-der-deutschen-fuehlt-sich-eingeschraenkt\/","title":{"rendered":"Freiheit: Die Mehrzahl der Deutschen f\u00fchlt sich eingeschr\u00e4nkt"},"content":{"rendered":"<p>Der gelernte ostdeutsche Tatort-Schauspieler Jan Liefers brachte es zur Sprache: In dem Moment, als deutsche Leitmedien ihre Aufgabe nicht mehr in der Informationsvielfalt, sondern im Gleichklang definierten, entstand nun \u2013 30 Jahre nach dem Fall der Mauer \u2013 ein Erinnerungsflash des schon Dagewesenen.<br \/>\nDie DDR mag aus vielen Gr\u00fcnden kollabiert sein, aber unter den Top 3 werden die Menschen zwischen R\u00fcgen und Karl-Marx-Stadt das t\u00e4gliche Einerlei in Print, Radio und TV nennen. <\/p>\n<p>Nicht wenige wollten Liefers mit Auftrittsverbot im Tatort abstrafen. Aber selbst mit dem Abstand von 18 Monaten geht keiner der Frage nach, ob inbesondere Marietta Slomka sowie Maybritt Illner ihre Positionen als Moderatorinnen aus\u00fcbten? Keiner fragt Claus Kleber bzw. den Interdanten des ZDF bzw. den Rundfunkrat des ZDF, wie es sein konnte, dass zumindest im ZDF galt: \u201eWir haben praktisch die Rolle eines Pressesprechers oder Ministers eingenommen, der seiner Bev\u00f6lkerung erkl\u00e4rt, warum diese Massnahmen jetzt sein m\u00fcssen. Das ist einfach nicht uns Job\u201c (Claus Kleber im Juni 2020 bei der Heraeus Bildungsstiftung). <\/p>\n<p>In einfachen Worten zusammengefasst: In den Monaten, in denen die Menschen in der Bundesrepublik insbesondere auf Journalismus angewiesen waren, wurde ihnen PR pr\u00e4sentiert. Und wenn dann ein in der DDR aufgewachsener Mensch sich den Hinweis erlaubt: \u201eMir kommt das bekannt vor\u201c \u2013 da wird er nicht nur mit Methoden aus der damaligen DDR versucht, mundtot zu machen, sondern es wird im \u00f6ffentlich-rechtlichen Rundfunk die Forderung gestellt, ihm seine Berufsgrundlage zu nehmen. Der Vorgang<br \/>\nallein ist nicht nur ein Fall f\u00fcr die Justiz, sondern auch f\u00fcr den Bundestag. <\/p>\n<p>Was aber sahen wir, wenn wir uns ein Bild \u00fcber die Lage in der Bundesrepublik Deutschland und der Welt machen wollten?<\/p>\n<p>Mehr in der Studie zum Freiheitsindex Deutschland 2022: http:\/\/www.mediatenor.com\/images\/files\/Freiheitsindex_2022_final.pdf<\/p>\n<div class=\"twoclick_social_bookmarks_post_7823 social_share_privacy clearfix 1.6.4 locale-de_DE sprite-de_DE\"><\/div><div class=\"twoclick-js\"><script type=\"text\/javascript\">\/* <![CDATA[ *\/\njQuery(document).ready(function($){if($('.twoclick_social_bookmarks_post_7823')){$('.twoclick_social_bookmarks_post_7823').socialSharePrivacy({\"services\":{\"facebook\":{\"status\":\"on\",\"txt_info\":\"2 Klicks f\\u00fcr mehr Datenschutz: Erst wenn Sie hier klicken, wird der Button aktiv und Sie k\\u00f6nnen Ihre Empfehlung an Facebook senden. Schon beim Aktivieren werden Daten an Dritte \\u00fcbertragen - siehe <em>i<\\\/em>.\",\"perma_option\":\"off\",\"action\":\"like\",\"language\":\"de_DE\"},\"twitter\":{\"reply_to\":\"\",\"tweet_text\":\"%20Freiheit%3A%20Die%20Mehrzahl%20der%20Deutschen%20f%C3%BChlt%20sich%20eingeschr%C3%A4nkt%20%C2%BB%20...\",\"status\":\"on\",\"txt_info\":\"2 Klicks f\\u00fcr mehr Datenschutz: Erst wenn Sie hier klicken, wird der Button aktiv und Sie k\\u00f6nnen Ihre Empfehlung an Twitter senden. Schon beim Aktivieren werden Daten an Dritte \\u00fcbertragen - siehe <em>i<\\\/em>.\",\"perma_option\":\"off\",\"language\":\"de\",\"referrer_track\":\"\"}},\"txt_help\":\"Wenn Sie diese Felder durch einen Klick aktivieren, werden Informationen an Facebook, Twitter, Flattr, Xing, t3n, LinkedIn, Pinterest oder Google eventuell ins Ausland \\u00fcbertragen und unter Umst\\u00e4nden auch dort gespeichert. N\\u00e4heres erfahren Sie durch einen Klick auf das <em>i<\\\/em>.\",\"settings_perma\":\"Dauerhaft aktivieren und Daten\\u00fcber-tragung zustimmen:\",\"info_link\":\"http:\\\/\\\/www.heise.de\\\/ct\\\/artikel\\\/2-Klicks-fuer-mehr-Datenschutz-1333879.html\",\"uri\":\"https:\\\/\\\/publikumskonferenz.de\\\/blog\\\/news\\\/freiheit-die-mehrzahl-der-deutschen-fuehlt-sich-eingeschraenkt\\\/\",\"post_id\":7823,\"post_title_referrer_track\":\"Freiheit%3A+Die+Mehrzahl+der+Deutschen+f%C3%BChlt+sich+eingeschr%C3%A4nkt\",\"display_infobox\":\"on\"});}});\n\/* ]]> *\/<\/script><\/div>","protected":false},"excerpt":{"rendered":"<p>Der gelernte ostdeutsche Tatort-Schauspieler Jan Liefers brachte es zur Sprache: In dem Moment, als deutsche Leitmedien ihre Aufgabe nicht mehr in der Informationsvielfalt, sondern im Gleichklang definierten, entstand nun \u2013 30 Jahre nach dem Fall der Mauer \u2013 ein Erinnerungsflash &hellip;<\/p>\n<p class=\"read-more\"> <a class=\"more-link\" href=\"https:\/\/publikumskonferenz.de\/blog\/news\/freiheit-die-mehrzahl-der-deutschen-fuehlt-sich-eingeschraenkt\/\"> <span class=\"screen-reader-text\">Freiheit: Die Mehrzahl der Deutschen f\u00fchlt sich eingeschr\u00e4nkt<\/span> Weiterlesen &raquo;<\/a><\/p>\n","protected":false},"author":2,"featured_media":0,"comment_status":"closed","ping_status":"closed","template":"","categories":[],"newstags":[],"class_list":["post-7823","news","type-news","status-publish","hentry"],"_links":{"self":[{"href":"https:\/\/publikumskonferenz.de\/blog\/wp-json\/wp\/v2\/news\/7823","targetHints":{"allow":["GET"]}}],"collection":[{"href":"https:\/\/publikumskonferenz.de\/blog\/wp-json\/wp\/v2\/news"}],"about":[{"href":"https:\/\/publikumskonferenz.de\/blog\/wp-json\/wp\/v2\/types\/news"}],"author":[{"embeddable":true,"href":"https:\/\/publikumskonferenz.de\/blog\/wp-json\/wp\/v2\/users\/2"}],"replies":[{"embeddable":true,"href":"https:\/\/publikumskonferenz.de\/blog\/wp-json\/wp\/v2\/comments?post=7823"}],"wp:attachment":[{"href":"https:\/\/publikumskonferenz.de\/blog\/wp-json\/wp\/v2\/media?parent=7823"}],"wp:term":[{"taxonomy":"category","embeddable":true,"href":"https:\/\/publikumskonferenz.de\/blog\/wp-json\/wp\/v2\/categories?post=7823"},{"taxonomy":"newstags","embeddable":true,"href":"https:\/\/publikumskonferenz.de\/blog\/wp-json\/wp\/v2\/newstags?post=7823"}],"curies":[{"name":"wp","href":"https:\/\/api.w.org\/{rel}","templated":true}]}}