{"id":7833,"date":"2023-02-20T12:12:27","date_gmt":"2023-02-20T11:12:27","guid":{"rendered":"https:\/\/publikumskonferenz.de\/blog\/?post_type=news&#038;p=7833"},"modified":"2023-02-20T12:12:39","modified_gmt":"2023-02-20T11:12:39","slug":"uneinigkeit-ueber-besetzung-des-zukunftsrats","status":"publish","type":"news","link":"https:\/\/publikumskonferenz.de\/blog\/news\/uneinigkeit-ueber-besetzung-des-zukunftsrats\/","title":{"rendered":"Uneinigkeit \u00fcber Besetzung des \u201eZukunftsrats&#8220;"},"content":{"rendered":"<p>L\u00e4nder zu ARD und ZDF : Weniger Geld und Macht f\u00fcr die Intendanten<\/p>\n<p>Die Bundesl\u00e4nder setzen einen \u201eZukunftsrat\u201c ein und benennen Reformziele f\u00fcr die \u00d6ffentlich-Rechtlichen. Welche das sind, verr\u00e4t der Chef der Staatskanzlei von Sachsen-Anhalt, Rainer Robra, im Interview.<\/p>\n<p>Der Zukunftsrat wird eine einmalige In\u00adsti\u00adtu\u00adtion sein, welche die duale Medienordnung sowie die Ver\u00e4nderungen der Medienm\u00e4rkte und Mediennutzung analysiert und hier ARD und ZDF einordnet. Es ist wichtig, dazu die \u00f6ffentlich-rechtlichen, aber auch die privaten Medien in den Blick zu nehmen, um entscheiden zu k\u00f6nnen, welche Angebote in welchem Umfang und mit welchem finanziellen Aufwand k\u00fcnftig von den \u00f6ffentlich-rechtlichen Anstalten ben\u00f6tigt werden. <\/p>\n<p>Die Rundfunkkommission der Bundesl\u00e4nder konnte sich in ihrer Sitzung am Mittwoch nicht auf die Besetzung des \u201eZukunftsrats&#8220; verst\u00e4ndigen. [\u2026] Wie aus Teilnehmerkreisen verlautet, gab es vor allem einen Dissens zwischen SPD und CDU-regierten Bundesl\u00e4ndern \u00fcber die personelle Besetzung des Zukunftsrats. Man ist sich einig, so ist zu h\u00f6ren, dass dem Zukunftsrat acht Personen angeh\u00f6ren sollen. [\u2026] In der n\u00e4chsten Woche wollen die f\u00fcr Medienpolitik Verantwortlichen der L\u00e4nder abermals zusammenkommen, um das Vorhaben vollst\u00e4ndig zu beschlie\u00dfen.<\/p>\n<div class=\"twoclick_social_bookmarks_post_7833 social_share_privacy clearfix 1.6.4 locale-de_DE sprite-de_DE\"><\/div><div class=\"twoclick-js\"><script type=\"text\/javascript\">\/* <![CDATA[ *\/\njQuery(document).ready(function($){if($('.twoclick_social_bookmarks_post_7833')){$('.twoclick_social_bookmarks_post_7833').socialSharePrivacy({\"services\":{\"facebook\":{\"status\":\"on\",\"txt_info\":\"2 Klicks f\\u00fcr mehr Datenschutz: Erst wenn Sie hier klicken, wird der Button aktiv und Sie k\\u00f6nnen Ihre Empfehlung an Facebook senden. Schon beim Aktivieren werden Daten an Dritte \\u00fcbertragen - siehe <em>i<\\\/em>.\",\"perma_option\":\"off\",\"action\":\"like\",\"language\":\"de_DE\"},\"twitter\":{\"reply_to\":\"\",\"tweet_text\":\"%20Uneinigkeit%20%C3%BCber%20Besetzung%20des%20%E2%80%9EZukunftsrats%E2%80%9C%20%C2%BB%20St%C3%A4ndige%20...\",\"status\":\"on\",\"txt_info\":\"2 Klicks f\\u00fcr mehr Datenschutz: Erst wenn Sie hier klicken, wird der Button aktiv und Sie k\\u00f6nnen Ihre Empfehlung an Twitter senden. Schon beim Aktivieren werden Daten an Dritte \\u00fcbertragen - siehe <em>i<\\\/em>.\",\"perma_option\":\"off\",\"language\":\"de\",\"referrer_track\":\"\"}},\"txt_help\":\"Wenn Sie diese Felder durch einen Klick aktivieren, werden Informationen an Facebook, Twitter, Flattr, Xing, t3n, LinkedIn, Pinterest oder Google eventuell ins Ausland \\u00fcbertragen und unter Umst\\u00e4nden auch dort gespeichert. N\\u00e4heres erfahren Sie durch einen Klick auf das <em>i<\\\/em>.\",\"settings_perma\":\"Dauerhaft aktivieren und Daten\\u00fcber-tragung zustimmen:\",\"info_link\":\"http:\\\/\\\/www.heise.de\\\/ct\\\/artikel\\\/2-Klicks-fuer-mehr-Datenschutz-1333879.html\",\"uri\":\"https:\\\/\\\/publikumskonferenz.de\\\/blog\\\/news\\\/uneinigkeit-ueber-besetzung-des-zukunftsrats\\\/\",\"post_id\":7833,\"post_title_referrer_track\":\"Uneinigkeit+%C3%BCber+Besetzung+des+%E2%80%9EZukunftsrats%26%238220%3B\",\"display_infobox\":\"on\"});}});\n\/* ]]> *\/<\/script><\/div>","protected":false},"excerpt":{"rendered":"<p>L\u00e4nder zu ARD und ZDF : Weniger Geld und Macht f\u00fcr die Intendanten Die Bundesl\u00e4nder setzen einen \u201eZukunftsrat\u201c ein und benennen Reformziele f\u00fcr die \u00d6ffentlich-Rechtlichen. Welche das sind, verr\u00e4t der Chef der Staatskanzlei von Sachsen-Anhalt, Rainer Robra, im Interview. Der &hellip;<\/p>\n<p class=\"read-more\"> <a class=\"more-link\" href=\"https:\/\/publikumskonferenz.de\/blog\/news\/uneinigkeit-ueber-besetzung-des-zukunftsrats\/\"> <span class=\"screen-reader-text\">Uneinigkeit \u00fcber Besetzung des \u201eZukunftsrats&#8220;<\/span> Weiterlesen &raquo;<\/a><\/p>\n","protected":false},"author":2,"featured_media":0,"comment_status":"closed","ping_status":"closed","template":"","categories":[],"newstags":[],"class_list":["post-7833","news","type-news","status-publish","hentry"],"_links":{"self":[{"href":"https:\/\/publikumskonferenz.de\/blog\/wp-json\/wp\/v2\/news\/7833","targetHints":{"allow":["GET"]}}],"collection":[{"href":"https:\/\/publikumskonferenz.de\/blog\/wp-json\/wp\/v2\/news"}],"about":[{"href":"https:\/\/publikumskonferenz.de\/blog\/wp-json\/wp\/v2\/types\/news"}],"author":[{"embeddable":true,"href":"https:\/\/publikumskonferenz.de\/blog\/wp-json\/wp\/v2\/users\/2"}],"replies":[{"embeddable":true,"href":"https:\/\/publikumskonferenz.de\/blog\/wp-json\/wp\/v2\/comments?post=7833"}],"wp:attachment":[{"href":"https:\/\/publikumskonferenz.de\/blog\/wp-json\/wp\/v2\/media?parent=7833"}],"wp:term":[{"taxonomy":"category","embeddable":true,"href":"https:\/\/publikumskonferenz.de\/blog\/wp-json\/wp\/v2\/categories?post=7833"},{"taxonomy":"newstags","embeddable":true,"href":"https:\/\/publikumskonferenz.de\/blog\/wp-json\/wp\/v2\/newstags?post=7833"}],"curies":[{"name":"wp","href":"https:\/\/api.w.org\/{rel}","templated":true}]}}