{"id":7834,"date":"2023-02-20T12:40:07","date_gmt":"2023-02-20T11:40:07","guid":{"rendered":"https:\/\/publikumskonferenz.de\/blog\/?post_type=news&#038;p=7834"},"modified":"2023-02-20T12:41:18","modified_gmt":"2023-02-20T11:41:18","slug":"neustart-oerr-wie-weiter-mit-unseren-medien","status":"publish","type":"news","link":"https:\/\/publikumskonferenz.de\/blog\/news\/neustart-oerr-wie-weiter-mit-unseren-medien\/","title":{"rendered":"Neustart \u00d6RR: Wie weiter mit \u201eunseren Medien\u201d?"},"content":{"rendered":"<p><strong>Neustart \u00d6RR: Wie weiter mit \u201eunseren Medien\u201d?<\/strong><\/p>\n<p>Der Fall Schlesinger hat nicht nur den rbb, sondern mit ihr die ARD und den \u00f6ffentlich-rechtlichen Rundfunk insgesamt in die wohl gr\u00f6\u00dfte Krise seines Bestehens gest\u00fcrzt. Schnell wurde klar, dass es um mehr geht als um Compliance, Gremien und Intendantengeh\u00e4lter. W\u00e4hrend die journalistische Arbeit von ARD, ZDF und Deutschlandradio nach wie vor hohe Vertrauenswerte genie\u00dft, steckt das System dahinter in einer Identit\u00e4ts- und Akzeptanzkrise.<\/p>\n<p>Von einer \u201eNeubegr\u00fcndung\u201d \u00f6ffentlich-rechtlicher Medien unter st\u00e4rkerer Miteinbeziehung der Gesellschaft ist seither die Rede. Mehr oder minder bedeutungsschwangere Analogien (\u201eVerfassungskonvent\u201d, \u201eneuer Gesellschaftsvertrag\u201d, \u201eRunder Tisch\u201d) wurden bem\u00fcht, Mitte Januar schlie\u00dflich die Einberufung eines \u201eZukunftsrats\u201d zur Neuausrichtung der \u00d6ffentlich-Rechtlichen angek\u00fcndigt.<\/p>\n<p>&#8211; Was ist seit dem \u201eSkandalsommer\u201d 2022 passiert?<\/p>\n<p>&#8211; Wie sollen beitragsfinanzierte Medien heute und, eingedenk technologischer und gesellschaftlicher Ver\u00e4nderungen, in den n\u00e4chsten Jahren aufgestellt, ausgestattet und kontrolliert werden?<\/p>\n<p>&#8211; Und welche Verfahren eignen sich daf\u00fcr, Nutzer als Auftraggeber \u00f6ffentlich-rechtlicher Medien wie auch deren Mitarbeiter st\u00e4rker mit einzubeziehen \u2013 in den Reformprozess und den laufenden Betrieb?<\/p>\n<p>Diese Fragen stehen im Mittelpunkt der Fachkonferenz \u201eNeustart \u00d6RR\u201d von IfM, Unsere Medien und Sch\u00f6pflin Stiftung am 27. Februar in Berlin, zu deren Abschlussevent wir Sie heute herzlich einladen m\u00f6chten.<\/p>\n<p>Dr. Carsten Brosda, Senator f\u00fcr Kultur und Medien der Freien und Hansestadt Hamburg<br \/>\nDr. Katrin Vernau, Intendantin des Rundfunk Berlin-Brandenburg (rbb)<br \/>\nbUm \u2013 Raum f\u00fcr solidarisches Miteinander, Paul-Lincke-Ufer 21, 10999 Berlin<\/p>\n<p>27. Februar 2023, 18:30 Uhr<\/p>\n<p>Anmeldung \u00fcber: info@institut-medienpolitik.de<\/p>\n<div class=\"twoclick_social_bookmarks_post_7834 social_share_privacy clearfix 1.6.4 locale-de_DE sprite-de_DE\"><\/div><div class=\"twoclick-js\"><script type=\"text\/javascript\">\/* <![CDATA[ *\/\njQuery(document).ready(function($){if($('.twoclick_social_bookmarks_post_7834')){$('.twoclick_social_bookmarks_post_7834').socialSharePrivacy({\"services\":{\"facebook\":{\"status\":\"on\",\"txt_info\":\"2 Klicks f\\u00fcr mehr Datenschutz: Erst wenn Sie hier klicken, wird der Button aktiv und Sie k\\u00f6nnen Ihre Empfehlung an Facebook senden. Schon beim Aktivieren werden Daten an Dritte \\u00fcbertragen - siehe <em>i<\\\/em>.\",\"perma_option\":\"off\",\"action\":\"like\",\"language\":\"de_DE\"},\"twitter\":{\"reply_to\":\"\",\"tweet_text\":\"%20Neustart%20%C3%96RR%3A%20Wie%20weiter%20mit%20%E2%80%9Eunseren%20Medien%E2%80%9D%3F%20%C2%BB%20St%C3%A4ndige%20...\",\"status\":\"on\",\"txt_info\":\"2 Klicks f\\u00fcr mehr Datenschutz: Erst wenn Sie hier klicken, wird der Button aktiv und Sie k\\u00f6nnen Ihre Empfehlung an Twitter senden. Schon beim Aktivieren werden Daten an Dritte \\u00fcbertragen - siehe <em>i<\\\/em>.\",\"perma_option\":\"off\",\"language\":\"de\",\"referrer_track\":\"\"}},\"txt_help\":\"Wenn Sie diese Felder durch einen Klick aktivieren, werden Informationen an Facebook, Twitter, Flattr, Xing, t3n, LinkedIn, Pinterest oder Google eventuell ins Ausland \\u00fcbertragen und unter Umst\\u00e4nden auch dort gespeichert. N\\u00e4heres erfahren Sie durch einen Klick auf das <em>i<\\\/em>.\",\"settings_perma\":\"Dauerhaft aktivieren und Daten\\u00fcber-tragung zustimmen:\",\"info_link\":\"http:\\\/\\\/www.heise.de\\\/ct\\\/artikel\\\/2-Klicks-fuer-mehr-Datenschutz-1333879.html\",\"uri\":\"https:\\\/\\\/publikumskonferenz.de\\\/blog\\\/news\\\/neustart-oerr-wie-weiter-mit-unseren-medien\\\/\",\"post_id\":7834,\"post_title_referrer_track\":\"Neustart+%C3%96RR%3A+Wie+weiter+mit+%E2%80%9Eunseren+Medien%E2%80%9D%3F\",\"display_infobox\":\"on\"});}});\n\/* ]]> *\/<\/script><\/div>","protected":false},"excerpt":{"rendered":"<p>Neustart \u00d6RR: Wie weiter mit \u201eunseren Medien\u201d? Der Fall Schlesinger hat nicht nur den rbb, sondern mit ihr die ARD und den \u00f6ffentlich-rechtlichen Rundfunk insgesamt in die wohl gr\u00f6\u00dfte Krise seines Bestehens gest\u00fcrzt. Schnell wurde klar, dass es um mehr &hellip;<\/p>\n<p class=\"read-more\"> <a class=\"more-link\" href=\"https:\/\/publikumskonferenz.de\/blog\/news\/neustart-oerr-wie-weiter-mit-unseren-medien\/\"> <span class=\"screen-reader-text\">Neustart \u00d6RR: Wie weiter mit \u201eunseren Medien\u201d?<\/span> Weiterlesen &raquo;<\/a><\/p>\n","protected":false},"author":2,"featured_media":0,"comment_status":"closed","ping_status":"closed","template":"","categories":[],"newstags":[],"class_list":["post-7834","news","type-news","status-publish","hentry"],"_links":{"self":[{"href":"https:\/\/publikumskonferenz.de\/blog\/wp-json\/wp\/v2\/news\/7834","targetHints":{"allow":["GET"]}}],"collection":[{"href":"https:\/\/publikumskonferenz.de\/blog\/wp-json\/wp\/v2\/news"}],"about":[{"href":"https:\/\/publikumskonferenz.de\/blog\/wp-json\/wp\/v2\/types\/news"}],"author":[{"embeddable":true,"href":"https:\/\/publikumskonferenz.de\/blog\/wp-json\/wp\/v2\/users\/2"}],"replies":[{"embeddable":true,"href":"https:\/\/publikumskonferenz.de\/blog\/wp-json\/wp\/v2\/comments?post=7834"}],"wp:attachment":[{"href":"https:\/\/publikumskonferenz.de\/blog\/wp-json\/wp\/v2\/media?parent=7834"}],"wp:term":[{"taxonomy":"category","embeddable":true,"href":"https:\/\/publikumskonferenz.de\/blog\/wp-json\/wp\/v2\/categories?post=7834"},{"taxonomy":"newstags","embeddable":true,"href":"https:\/\/publikumskonferenz.de\/blog\/wp-json\/wp\/v2\/newstags?post=7834"}],"curies":[{"name":"wp","href":"https:\/\/api.w.org\/{rel}","templated":true}]}}