{"id":7840,"date":"2023-02-22T07:11:20","date_gmt":"2023-02-22T06:11:20","guid":{"rendered":"https:\/\/publikumskonferenz.de\/blog\/?post_type=news&#038;p=7840"},"modified":"2023-02-22T07:11:20","modified_gmt":"2023-02-22T06:11:20","slug":"zukunftsrat-fuer-ard-und-zdf-sorgt-fuer-streit-zwischen-parteien","status":"publish","type":"news","link":"https:\/\/publikumskonferenz.de\/blog\/news\/zukunftsrat-fuer-ard-und-zdf-sorgt-fuer-streit-zwischen-parteien\/","title":{"rendered":"\u201eZukunftsrat\u201c f\u00fcr ARD und ZDF sorgt f\u00fcr Streit zwischen Parteien"},"content":{"rendered":"<p>\u201eZukunftsrat\u201c f\u00fcr ARD und ZDF sorgt f\u00fcr Streit zwischen Parteien<\/p>\n<p>Die Bundesl\u00e4nder wollen einen Think Tank gr\u00fcnden, der die Reform des \u00f6ffentlich-rechtlichen Mediensystems begleiten soll. Die Kandidatenliste f\u00fcr das Beratergremium war bislang geheim. Medieninsider wei\u00df, wen die L\u00e4nder in den \u201eZukunftsrat\u201c entsenden wollen \u2013 und welche der geplanten Personalien f\u00fcr Streit zwischen den SPD- und unionsgef\u00fchrten L\u00e4ndern sorgt. [&#8230;]<\/p>\n<p>Schon in dieser Woche wollte man die Kandidaten f\u00fcr den neuen \u201eZukunftsrat\u201c berufen. Einige Tage vor Bekanntgabe droht der Politik aber etwas Gewohntes dazwischenzukommen: parteipolitische Machtspielchen.<\/p>\n<p>Noch bevor das Beratergremium loslegen kann, ist ein Streit zwischen den SPD- und unionsgef\u00fchrten Bundesl\u00e4ndern ausgebrochen. Beide L\u00e4ndergruppen k\u00f6nnen jeweils vier Personen f\u00fcr den \u201eZukunftsrat\u201c benennen. Medieninsider kennt die Kandidatenliste, die unter anderem aus Medienmanagern und Wissenschaftlern besteht \u2013 und wei\u00df, welche der geplanten Personalien aus den unionsgef\u00fchrten L\u00e4ndern f\u00fcr Unzufriedenheit sorgt. [&#8230;]<\/p>\n<p>Nach Informationen von Medieninsider entz\u00fcndet sich der Streit dabei vor allem an einer Person: Johannes Beermann. Der 62-J\u00e4hrige war in den vergangenen acht Jahren Vorstandsmitglied bei der Deutschen Bundesbank, schied Ende 2022 dort aus. F\u00fcr Unmut sorgt aber seine Karriere davor: Beermann war Medienpolitiker bei der CDU und Chef der s\u00e4chsischen Staatskanzlei. Dem Vernehmen nach sehen die SPD-gef\u00fchrten L\u00e4nder darin die Arbeit des \u201eZukunftsrats\u201c politisiert. (Paid)<\/p>\n<blockquote class=\"wp-embedded-content\" data-secret=\"0X46rSpNzO\"><p><a href=\"https:\/\/medieninsider.com\/zukunftsrat-fur-ard-und-zdf-kandidatenliste-sorgt-fur-streit-bei-bundeslandern\/15231\/\">\u201eZukunftsrat\u201c f\u00fcr ARD und ZDF sorgt f\u00fcr Streit zwischen Parteien<\/a><\/p><\/blockquote>\n<p><iframe loading=\"lazy\" class=\"wp-embedded-content\" sandbox=\"allow-scripts\" security=\"restricted\" style=\"position: absolute; clip: rect(1px, 1px, 1px, 1px);\" title=\"&#8222;\u201eZukunftsrat\u201c f\u00fcr ARD und ZDF sorgt f\u00fcr Streit zwischen Parteien&#8220; &#8212; Medieninsider\" src=\"https:\/\/medieninsider.com\/zukunftsrat-fur-ard-und-zdf-kandidatenliste-sorgt-fur-streit-bei-bundeslandern\/15231\/embed\/#?secret=5odBuwncYh#?secret=0X46rSpNzO\" data-secret=\"0X46rSpNzO\" width=\"600\" height=\"338\" frameborder=\"0\" marginwidth=\"0\" marginheight=\"0\" scrolling=\"no\"><\/iframe><\/p>\n<p>Hinweis: Johannes Beermann ist kein Vorschlag des s\u00e4chsischen Staatskanzleichefs Oliver Schenk, sondern von Reiner Robra, dem Medienminister Sachsen-Anhalts.<\/p>\n<div class=\"twoclick_social_bookmarks_post_7840 social_share_privacy clearfix 1.6.4 locale-de_DE sprite-de_DE\"><\/div><div class=\"twoclick-js\"><script type=\"text\/javascript\">\/* <![CDATA[ *\/\njQuery(document).ready(function($){if($('.twoclick_social_bookmarks_post_7840')){$('.twoclick_social_bookmarks_post_7840').socialSharePrivacy({\"services\":{\"facebook\":{\"status\":\"on\",\"txt_info\":\"2 Klicks f\\u00fcr mehr Datenschutz: Erst wenn Sie hier klicken, wird der Button aktiv und Sie k\\u00f6nnen Ihre Empfehlung an Facebook senden. Schon beim Aktivieren werden Daten an Dritte \\u00fcbertragen - siehe <em>i<\\\/em>.\",\"perma_option\":\"off\",\"action\":\"like\",\"language\":\"de_DE\"},\"twitter\":{\"reply_to\":\"\",\"tweet_text\":\"%20%E2%80%9EZukunftsrat%E2%80%9C%20f%C3%BCr%20ARD%20und%20ZDF%20sorgt%20f%C3%BCr%20Streit%20zwischen%20Parteien%20...\",\"status\":\"on\",\"txt_info\":\"2 Klicks f\\u00fcr mehr Datenschutz: Erst wenn Sie hier klicken, wird der Button aktiv und Sie k\\u00f6nnen Ihre Empfehlung an Twitter senden. Schon beim Aktivieren werden Daten an Dritte \\u00fcbertragen - siehe <em>i<\\\/em>.\",\"perma_option\":\"off\",\"language\":\"de\",\"referrer_track\":\"\"}},\"txt_help\":\"Wenn Sie diese Felder durch einen Klick aktivieren, werden Informationen an Facebook, Twitter, Flattr, Xing, t3n, LinkedIn, Pinterest oder Google eventuell ins Ausland \\u00fcbertragen und unter Umst\\u00e4nden auch dort gespeichert. N\\u00e4heres erfahren Sie durch einen Klick auf das <em>i<\\\/em>.\",\"settings_perma\":\"Dauerhaft aktivieren und Daten\\u00fcber-tragung zustimmen:\",\"info_link\":\"http:\\\/\\\/www.heise.de\\\/ct\\\/artikel\\\/2-Klicks-fuer-mehr-Datenschutz-1333879.html\",\"uri\":\"https:\\\/\\\/publikumskonferenz.de\\\/blog\\\/news\\\/zukunftsrat-fuer-ard-und-zdf-sorgt-fuer-streit-zwischen-parteien\\\/\",\"post_id\":7840,\"post_title_referrer_track\":\"%E2%80%9EZukunftsrat%E2%80%9C+f%C3%BCr+ARD+und+ZDF+sorgt+f%C3%BCr+Streit+zwischen+Parteien\",\"display_infobox\":\"on\"});}});\n\/* ]]> *\/<\/script><\/div>","protected":false},"excerpt":{"rendered":"<p>\u201eZukunftsrat\u201c f\u00fcr ARD und ZDF sorgt f\u00fcr Streit zwischen Parteien Die Bundesl\u00e4nder wollen einen Think Tank gr\u00fcnden, der die Reform des \u00f6ffentlich-rechtlichen Mediensystems begleiten soll. Die Kandidatenliste f\u00fcr das Beratergremium war bislang geheim. Medieninsider wei\u00df, wen die L\u00e4nder in den &hellip;<\/p>\n<p class=\"read-more\"> <a class=\"more-link\" href=\"https:\/\/publikumskonferenz.de\/blog\/news\/zukunftsrat-fuer-ard-und-zdf-sorgt-fuer-streit-zwischen-parteien\/\"> <span class=\"screen-reader-text\">\u201eZukunftsrat\u201c f\u00fcr ARD und ZDF sorgt f\u00fcr Streit zwischen Parteien<\/span> Weiterlesen &raquo;<\/a><\/p>\n","protected":false},"author":2,"featured_media":0,"comment_status":"closed","ping_status":"closed","template":"","categories":[],"newstags":[],"class_list":["post-7840","news","type-news","status-publish","hentry"],"_links":{"self":[{"href":"https:\/\/publikumskonferenz.de\/blog\/wp-json\/wp\/v2\/news\/7840","targetHints":{"allow":["GET"]}}],"collection":[{"href":"https:\/\/publikumskonferenz.de\/blog\/wp-json\/wp\/v2\/news"}],"about":[{"href":"https:\/\/publikumskonferenz.de\/blog\/wp-json\/wp\/v2\/types\/news"}],"author":[{"embeddable":true,"href":"https:\/\/publikumskonferenz.de\/blog\/wp-json\/wp\/v2\/users\/2"}],"replies":[{"embeddable":true,"href":"https:\/\/publikumskonferenz.de\/blog\/wp-json\/wp\/v2\/comments?post=7840"}],"wp:attachment":[{"href":"https:\/\/publikumskonferenz.de\/blog\/wp-json\/wp\/v2\/media?parent=7840"}],"wp:term":[{"taxonomy":"category","embeddable":true,"href":"https:\/\/publikumskonferenz.de\/blog\/wp-json\/wp\/v2\/categories?post=7840"},{"taxonomy":"newstags","embeddable":true,"href":"https:\/\/publikumskonferenz.de\/blog\/wp-json\/wp\/v2\/newstags?post=7840"}],"curies":[{"name":"wp","href":"https:\/\/api.w.org\/{rel}","templated":true}]}}