{"id":7874,"date":"2023-02-27T12:17:06","date_gmt":"2023-02-27T11:17:06","guid":{"rendered":"https:\/\/publikumskonferenz.de\/blog\/?post_type=news&#038;p=7874"},"modified":"2023-02-27T12:17:15","modified_gmt":"2023-02-27T11:17:15","slug":"muss-ein-intendant-mehr-verdienen-als-der-bundeskanzler","status":"publish","type":"news","link":"https:\/\/publikumskonferenz.de\/blog\/news\/muss-ein-intendant-mehr-verdienen-als-der-bundeskanzler\/","title":{"rendered":"Muss ein Intendant mehr verdienen als der Bundeskanzler?"},"content":{"rendered":"<p>Muss ein Intendant mehr verdienen als der Bundeskanzler?<\/p>\n<p>Der \u00f6ffentlich-rechtliche Rundfunk ist seit der Aff\u00e4re um die zur\u00fcckgetretene RBB-Intendantin Patricia Schlesinger ins Fadenkreuz seines Publikums geraten.<\/p>\n<p>8,5 Milliarden Euro zahlen die Beitragszahler pro Jahr f\u00fcr knapp 21 TV-Sender, 73 Radiosender und diverse Internetangebote.<\/p>\n<p>Man hat die Wahl, nicht zu schauen. Aber man hat nicht die Wahl, nicht zu zahlen.<\/p>\n<p>All das, um die Demokratie zu f\u00f6rdern, wie es ARD-Programmdirektor J\u00f6rg Sch\u00f6nenborn einst formulierte?<\/p>\n<p>Pioneer-Chefredakteur Michael Br\u00f6cker sieht das anders. Eine Reform ist \u00fcberf\u00e4llig und k\u00f6nnte Milliarden sparen. Deshalb hat er den ARD-Vorsitzenden und SWR-Intendanten Kai Gniffke an Bord der Pioneer One eingeladen, um ihm die unbequemen, aber notwendigen Fragen zu stellen:<\/p>\n<p>Muss ein Intendant mehr verdienen als der Bundeskanzler?<\/p>\n<p>Warum sind seine Journalistinnen und Journalisten so aufreizend links?<\/p>\n<p>Und wieso kommt ein renommierter Sender wie die britische BBC mit der H\u00e4lfte des Geldes aus?<\/p>\n<p>Kai Gniffke, ehemaliger Chef der Tagesschau, verteidigt seine Anstalten und k\u00fcndigt zugleich Reformen (Paid)<\/p>\n<p>https:\/\/news.gaborsteingart.com\/r\/t4y0a0i2179117ms44200.html<\/p>\n<p>&#8222;Es ist den Nutzern vollkommen egal, wie unsere Verwaltung und unsere Produktion organisiert sind&#8220;, sagt ARD-Vorsitzender Kai Gniffke im Pioneer-Podcast. &#8222;Fu\u00dfpilz ist in Friedrichshafen genauso unangenehm wie in Flensburg&#8220;, nennt er etwa ein Beispiel aus Gesundheits-Sendungen. Man pr\u00fcfe derzeit eine engere Zusammenarbeit der ARD-Anstalten bei Themen wie Gesundheit und Internet.<\/p>\n<blockquote class=\"wp-embedded-content\" data-secret=\"6hr2sIAuwt\"><p><a href=\"https:\/\/www.turi2.de\/aktuell\/hoer-tipp-kai-gniffke-ueber-eine-engere-zusammenarbeit-der-ard-anstalten\/\">H\u00f6r-Tipp: Kai Gniffke \u00fcber eine engere Zusammenarbeit der ARD-Anstalten.<\/a><\/p><\/blockquote>\n<p><iframe loading=\"lazy\" class=\"wp-embedded-content\" sandbox=\"allow-scripts\" security=\"restricted\" style=\"position: absolute; clip: rect(1px, 1px, 1px, 1px);\" title=\"&#8222;H\u00f6r-Tipp: Kai Gniffke \u00fcber eine engere Zusammenarbeit der ARD-Anstalten.&#8220; &#8212; turi2\" src=\"https:\/\/www.turi2.de\/aktuell\/hoer-tipp-kai-gniffke-ueber-eine-engere-zusammenarbeit-der-ard-anstalten\/embed\/#?secret=6hr2sIAuwt\" data-secret=\"6hr2sIAuwt\" width=\"600\" height=\"338\" frameborder=\"0\" marginwidth=\"0\" marginheight=\"0\" scrolling=\"no\"><\/iframe><\/p>\n<p>M\u00fcssen Sie als ARD-Chef mehr verdienen als der Bundeskanzler, Kai Gniffke?<\/p>\n<p>ARD-Chef und SWR-Intendant Kai Gniffke \u00fcber Reformen, Intendanten-Geh\u00e4lter und Parteib\u00fccher von Journalisten (Paid)<\/p>\n<p>https:\/\/www.thepioneer.de\/originals\/hauptstadt-das-briefing\/podcasts\/muessen-sie-als-ard-chef-mehr-verdienen-als-der-bundeskanzler-kai-gniffke<\/p>\n<p><strong>10-Min-Ausschnitt<\/strong><\/p>\n<p>https:\/\/open.spotify.com\/episode\/4ekQbrfvvwCFJ95IE2dIbe?si=d56a9475c5964cb0&#038;nd=1<\/p>\n<p>Hinweis der Redaktion I: Laut Anfrage an die Bundesregierung erh\u00e4lt Scholz k\u00fcnftig 30.189,81 Euro monatlich. Grund ist eine Di\u00e4tenerh\u00f6hung, die 2022 vom Bundestag beschlossen wurde. Bundeskanzler bekommt dann ein Grundgehalt von knapp 25.000 Euro, auf Grundlage der Besoldungsgruppe B11 der Bundesbesoldung errechnet wird. Weil Scholz dar\u00fcber hinaus Mitglied des Bundestags ist, darf er die H\u00e4lfte seiner Abgeordnetenentsch\u00e4digung behalten, berichten Medien. (28.12.2021)<\/p>\n<p>https:\/\/oeffentlicher-dienst-news.de\/gehalt-bundeskanzler-so-hoch-sind-die-amtsbezuege-2021\/<\/p>\n<p>Hinweis der Redaktion II: Ein direkter Vergleich der Bez\u00fcge des Bundeskanzlers (Beamtenbez\u00fcge) mit den Geh\u00e4ltern der Intendantinnen und Intendanten (Angestellten-Bruttogeh\u00e4lter) ist nur dann m\u00f6glich, wenn man f\u00fcr beide Verg\u00fctungskategorien dieselbe Basis herstellt. Dies liegt u.a. daran begr\u00fcndet, dass zum einen auf die Beamtenbez\u00fcge keinerlei Sozialversicherungsabgaben entrichtet werden m\u00fcssen. Zum anderen erfolgt die Besteuerung beider Verg\u00fctungskategorien unterschiedlich, da die Vorsorgeaufwendungen unterschiedlich gehandhabt werden. Au\u00dferdem m\u00fcssen alle Verg\u00fctungsbestandteile einbezogen werden.<\/p>\n<div class=\"twoclick_social_bookmarks_post_7874 social_share_privacy clearfix 1.6.4 locale-de_DE sprite-de_DE\"><\/div><div class=\"twoclick-js\"><script type=\"text\/javascript\">\/* <![CDATA[ *\/\njQuery(document).ready(function($){if($('.twoclick_social_bookmarks_post_7874')){$('.twoclick_social_bookmarks_post_7874').socialSharePrivacy({\"services\":{\"facebook\":{\"status\":\"on\",\"txt_info\":\"2 Klicks f\\u00fcr mehr Datenschutz: Erst wenn Sie hier klicken, wird der Button aktiv und Sie k\\u00f6nnen Ihre Empfehlung an Facebook senden. Schon beim Aktivieren werden Daten an Dritte \\u00fcbertragen - siehe <em>i<\\\/em>.\",\"perma_option\":\"off\",\"action\":\"like\",\"language\":\"de_DE\"},\"twitter\":{\"reply_to\":\"\",\"tweet_text\":\"%20Muss%20ein%20Intendant%20mehr%20verdienen%20als%20der%20Bundeskanzler%3F%20%C2%BB%20St%C3%A4ndige%20...\",\"status\":\"on\",\"txt_info\":\"2 Klicks f\\u00fcr mehr Datenschutz: Erst wenn Sie hier klicken, wird der Button aktiv und Sie k\\u00f6nnen Ihre Empfehlung an Twitter senden. Schon beim Aktivieren werden Daten an Dritte \\u00fcbertragen - siehe <em>i<\\\/em>.\",\"perma_option\":\"off\",\"language\":\"de\",\"referrer_track\":\"\"}},\"txt_help\":\"Wenn Sie diese Felder durch einen Klick aktivieren, werden Informationen an Facebook, Twitter, Flattr, Xing, t3n, LinkedIn, Pinterest oder Google eventuell ins Ausland \\u00fcbertragen und unter Umst\\u00e4nden auch dort gespeichert. N\\u00e4heres erfahren Sie durch einen Klick auf das <em>i<\\\/em>.\",\"settings_perma\":\"Dauerhaft aktivieren und Daten\\u00fcber-tragung zustimmen:\",\"info_link\":\"http:\\\/\\\/www.heise.de\\\/ct\\\/artikel\\\/2-Klicks-fuer-mehr-Datenschutz-1333879.html\",\"uri\":\"https:\\\/\\\/publikumskonferenz.de\\\/blog\\\/news\\\/muss-ein-intendant-mehr-verdienen-als-der-bundeskanzler\\\/\",\"post_id\":7874,\"post_title_referrer_track\":\"Muss+ein+Intendant+mehr+verdienen+als+der+Bundeskanzler%3F\",\"display_infobox\":\"on\"});}});\n\/* ]]> *\/<\/script><\/div>","protected":false},"excerpt":{"rendered":"<p>Muss ein Intendant mehr verdienen als der Bundeskanzler? Der \u00f6ffentlich-rechtliche Rundfunk ist seit der Aff\u00e4re um die zur\u00fcckgetretene RBB-Intendantin Patricia Schlesinger ins Fadenkreuz seines Publikums geraten. 8,5 Milliarden Euro zahlen die Beitragszahler pro Jahr f\u00fcr knapp 21 TV-Sender, 73 Radiosender &hellip;<\/p>\n<p class=\"read-more\"> <a class=\"more-link\" href=\"https:\/\/publikumskonferenz.de\/blog\/news\/muss-ein-intendant-mehr-verdienen-als-der-bundeskanzler\/\"> <span class=\"screen-reader-text\">Muss ein Intendant mehr verdienen als der Bundeskanzler?<\/span> Weiterlesen &raquo;<\/a><\/p>\n","protected":false},"author":2,"featured_media":0,"comment_status":"closed","ping_status":"closed","template":"","categories":[],"newstags":[],"class_list":["post-7874","news","type-news","status-publish","hentry"],"_links":{"self":[{"href":"https:\/\/publikumskonferenz.de\/blog\/wp-json\/wp\/v2\/news\/7874","targetHints":{"allow":["GET"]}}],"collection":[{"href":"https:\/\/publikumskonferenz.de\/blog\/wp-json\/wp\/v2\/news"}],"about":[{"href":"https:\/\/publikumskonferenz.de\/blog\/wp-json\/wp\/v2\/types\/news"}],"author":[{"embeddable":true,"href":"https:\/\/publikumskonferenz.de\/blog\/wp-json\/wp\/v2\/users\/2"}],"replies":[{"embeddable":true,"href":"https:\/\/publikumskonferenz.de\/blog\/wp-json\/wp\/v2\/comments?post=7874"}],"wp:attachment":[{"href":"https:\/\/publikumskonferenz.de\/blog\/wp-json\/wp\/v2\/media?parent=7874"}],"wp:term":[{"taxonomy":"category","embeddable":true,"href":"https:\/\/publikumskonferenz.de\/blog\/wp-json\/wp\/v2\/categories?post=7874"},{"taxonomy":"newstags","embeddable":true,"href":"https:\/\/publikumskonferenz.de\/blog\/wp-json\/wp\/v2\/newstags?post=7874"}],"curies":[{"name":"wp","href":"https:\/\/api.w.org\/{rel}","templated":true}]}}