{"id":8203,"date":"2023-07-07T08:02:08","date_gmt":"2023-07-07T07:02:08","guid":{"rendered":"https:\/\/publikumskonferenz.de\/blog\/?post_type=news&#038;p=8203"},"modified":"2023-07-07T08:03:00","modified_gmt":"2023-07-07T07:03:00","slug":"csu-fraktion-fuer-echte-reformen-und-stabile-rundfunkbeitraege","status":"publish","type":"news","link":"https:\/\/publikumskonferenz.de\/blog\/news\/csu-fraktion-fuer-echte-reformen-und-stabile-rundfunkbeitraege\/","title":{"rendered":"CSU-Fraktion f\u00fcr echte Reformen und stabile Rundfunkbeitr\u00e4ge"},"content":{"rendered":"<p><strong>CSU-Fraktion f\u00fcr echte Reformen und stabile Rundfunkbeitr\u00e4ge<\/strong><\/p>\n<p>Reformbedarf im \u00f6ffentlich-rechtlichen Rundfunk: Auf Initiative der CSU-Fraktion diskutiert morgen der Wissenschaftsausschuss mit einer hochkar\u00e4tigen Expertenrunde \u00fcber den richtigen Weg zu einem schlankeren und qualitativ hochwertigen \u00f6ffentlich-rechtlichen Rundfunk.<\/p>\n<p><strong>Die Kernforderungen der CSU-Fraktion sind:<\/strong><\/p>\n<p>Keine Erh\u00f6hungen des Rundfunkbeitrags ab 2025, mehr Kooperation und effektivere Arbeitsteilung innerhalb der ARD sowie auch mit ZDF und Deutschlandradio und echte inhaltliche und strukturelle Reformen mit Fokus auf den Kernauftrag einer qualitativ hochwertigen Grundversorgung in den Bereichen Information, Bildung und Kultur. Dieser Forderungskatalog wurde auf Initiative der CSU-Fraktion auch von den Vorsitzenden aller Fraktionen von CDU und CSU in den L\u00e4ndern gemeinsam beschlossen.<br \/>\n<strong><br \/>\nDazu der Ausschussvorsitzende Robert Brannek\u00e4mper:<\/strong><\/p>\n<p>&#8222;ARD und ZDF haben in den vergangenen Jahren Musterbeispiele ihrer Abgehobenheit bewiesen: ob \u00fcberteuerte Eigenproduktionen, Einseitigkeit in der Berichterstattung oder \u00fcberh\u00f6hte Intendantengeh\u00e4lter. Daher habe ich wirklich gr\u00f6\u00dfte Zweifel daran, dass der von den \u00f6ffentlich-rechtlichen Sendern jetzt eingeleitete Reformprozess wirklich grundst\u00fcrzend genug ist, um das Akzeptanzproblem bei vielen B\u00fcrgerinnen und B\u00fcrgern zu beheben. Hier fordern wir weniger Produktion von Papier, sondern endlich Taten!&#8220;<\/p>\n<p><strong>Dazu der medienpolitische Sprecher der CSU-Fraktion Alex Dorow:<\/strong><\/p>\n<p>&#8222;Es geht beim Thema Reform des \u00f6ffentlich-rechtlichen Rundfunks nicht nur um transparente Abl\u00e4ufe, reduzierte Intendantengeh\u00e4lter, Hebung von Synergieeffekten und stabile Beitr\u00e4ge. Die Hauptfrage ist f\u00fcr mich: Wie k\u00f6nnen Qualit\u00e4t und Ausgewogenheit durch institutionelle Reformen dauerhaft sichergestellt werden? Nur wenn die B\u00fcrgerinnen und B\u00fcrger merken, dass die \u00f6ffentlich-rechtlichen Sender eine ausgewogene Qualit\u00e4tsberichterstattung leisten, werden auch die Rundfunkbeitr\u00e4ge von einer breiten Mehrheit akzeptiert. Nur so kann der \u00f6ffentlich-rechtliche Rundfunk in Deutschland eine Zukunft haben.&#8220;<\/p>\n<div class=\"twoclick_social_bookmarks_post_8203 social_share_privacy clearfix 1.6.4 locale-de_DE sprite-de_DE\"><\/div><div class=\"twoclick-js\"><script type=\"text\/javascript\">\/* <![CDATA[ *\/\njQuery(document).ready(function($){if($('.twoclick_social_bookmarks_post_8203')){$('.twoclick_social_bookmarks_post_8203').socialSharePrivacy({\"services\":{\"facebook\":{\"status\":\"on\",\"txt_info\":\"2 Klicks f\\u00fcr mehr Datenschutz: Erst wenn Sie hier klicken, wird der Button aktiv und Sie k\\u00f6nnen Ihre Empfehlung an Facebook senden. Schon beim Aktivieren werden Daten an Dritte \\u00fcbertragen - siehe <em>i<\\\/em>.\",\"perma_option\":\"off\",\"action\":\"like\",\"language\":\"de_DE\"},\"twitter\":{\"reply_to\":\"\",\"tweet_text\":\"%20CSU-Fraktion%20f%C3%BCr%20echte%20Reformen%20und%20stabile%20Rundfunkbeitr%C3%A4ge%20%C2%BB%20St%C3%A4ndige%20...\",\"status\":\"on\",\"txt_info\":\"2 Klicks f\\u00fcr mehr Datenschutz: Erst wenn Sie hier klicken, wird der Button aktiv und Sie k\\u00f6nnen Ihre Empfehlung an Twitter senden. Schon beim Aktivieren werden Daten an Dritte \\u00fcbertragen - siehe <em>i<\\\/em>.\",\"perma_option\":\"off\",\"language\":\"de\",\"referrer_track\":\"\"}},\"txt_help\":\"Wenn Sie diese Felder durch einen Klick aktivieren, werden Informationen an Facebook, Twitter, Flattr, Xing, t3n, LinkedIn, Pinterest oder Google eventuell ins Ausland \\u00fcbertragen und unter Umst\\u00e4nden auch dort gespeichert. N\\u00e4heres erfahren Sie durch einen Klick auf das <em>i<\\\/em>.\",\"settings_perma\":\"Dauerhaft aktivieren und Daten\\u00fcber-tragung zustimmen:\",\"info_link\":\"http:\\\/\\\/www.heise.de\\\/ct\\\/artikel\\\/2-Klicks-fuer-mehr-Datenschutz-1333879.html\",\"uri\":\"https:\\\/\\\/publikumskonferenz.de\\\/blog\\\/news\\\/csu-fraktion-fuer-echte-reformen-und-stabile-rundfunkbeitraege\\\/\",\"post_id\":8203,\"post_title_referrer_track\":\"CSU-Fraktion+f%C3%BCr+echte+Reformen+und+stabile+Rundfunkbeitr%C3%A4ge\",\"display_infobox\":\"on\"});}});\n\/* ]]> *\/<\/script><\/div>","protected":false},"excerpt":{"rendered":"<p>CSU-Fraktion f\u00fcr echte Reformen und stabile Rundfunkbeitr\u00e4ge Reformbedarf im \u00f6ffentlich-rechtlichen Rundfunk: Auf Initiative der CSU-Fraktion diskutiert morgen der Wissenschaftsausschuss mit einer hochkar\u00e4tigen Expertenrunde \u00fcber den richtigen Weg zu einem schlankeren und qualitativ hochwertigen \u00f6ffentlich-rechtlichen Rundfunk. Die Kernforderungen der CSU-Fraktion sind: &hellip;<\/p>\n<p class=\"read-more\"> <a class=\"more-link\" href=\"https:\/\/publikumskonferenz.de\/blog\/news\/csu-fraktion-fuer-echte-reformen-und-stabile-rundfunkbeitraege\/\"> <span class=\"screen-reader-text\">CSU-Fraktion f\u00fcr echte Reformen und stabile Rundfunkbeitr\u00e4ge<\/span> Weiterlesen &raquo;<\/a><\/p>\n","protected":false},"author":2,"featured_media":0,"comment_status":"closed","ping_status":"closed","template":"","categories":[],"newstags":[],"class_list":["post-8203","news","type-news","status-publish","hentry"],"_links":{"self":[{"href":"https:\/\/publikumskonferenz.de\/blog\/wp-json\/wp\/v2\/news\/8203","targetHints":{"allow":["GET"]}}],"collection":[{"href":"https:\/\/publikumskonferenz.de\/blog\/wp-json\/wp\/v2\/news"}],"about":[{"href":"https:\/\/publikumskonferenz.de\/blog\/wp-json\/wp\/v2\/types\/news"}],"author":[{"embeddable":true,"href":"https:\/\/publikumskonferenz.de\/blog\/wp-json\/wp\/v2\/users\/2"}],"replies":[{"embeddable":true,"href":"https:\/\/publikumskonferenz.de\/blog\/wp-json\/wp\/v2\/comments?post=8203"}],"wp:attachment":[{"href":"https:\/\/publikumskonferenz.de\/blog\/wp-json\/wp\/v2\/media?parent=8203"}],"wp:term":[{"taxonomy":"category","embeddable":true,"href":"https:\/\/publikumskonferenz.de\/blog\/wp-json\/wp\/v2\/categories?post=8203"},{"taxonomy":"newstags","embeddable":true,"href":"https:\/\/publikumskonferenz.de\/blog\/wp-json\/wp\/v2\/newstags?post=8203"}],"curies":[{"name":"wp","href":"https:\/\/api.w.org\/{rel}","templated":true}]}}