{"id":8210,"date":"2023-07-11T09:25:38","date_gmt":"2023-07-11T08:25:38","guid":{"rendered":"https:\/\/publikumskonferenz.de\/blog\/?post_type=news&#038;p=8210"},"modified":"2023-07-11T10:54:51","modified_gmt":"2023-07-11T09:54:51","slug":"zdf-transparenz-als-ein-schluessel-fuer-gesellschaftliche-akzeptanz","status":"publish","type":"news","link":"https:\/\/publikumskonferenz.de\/blog\/news\/zdf-transparenz-als-ein-schluessel-fuer-gesellschaftliche-akzeptanz\/","title":{"rendered":"ZDF &#8211;  Transparenz als ein Schl\u00fcssel f\u00fcr gesellschaftliche Akzeptanz?"},"content":{"rendered":"<p><strong>Ein neuer Kompass f\u00fcr den \u00f6ffentlich-rechtlichen Rundfunk<\/p>\n<p>Transparenz als ein Schl\u00fcssel f\u00fcr gesellschaftliche Akzeptanz<\/strong><\/p>\n<p>Der Erhalt einer breiten gesellschaftlichen Verankerung ist die zentrale Aufgabe zur Zukunftssicherung des \u00f6ffentlich-rechtlichen Rundfunks in Deutschland. In der wichtigen aktuellen Debatte stehen dabei Strukturen und Governance im Fokus. Zu wenig Augenmerk liegt auf den Fragen zu Rolle und Leistung des \u00f6ffentlich-rechtlichen Rundfunks f\u00fcr unsere demokratische \u00d6ffentlichkeit. Der nachfolgende Beitrag soll daher aufzeigen, wie das ZDF sein Programmangebot f\u00fcr die B\u00fcrgerinnen und B\u00fcrger mit dem neu entwickelten ZDF Kompass ganzheitlicher evaluieren und die Ergebnisse der Gesellschaft gegen\u00fcber umfangreicher als bislang transparent machen will.<\/p>\n<p>Das ZDF hat als nationale mediale Kraft des \u00f6ffentlich-rechtlichen Rundfunks in unserer komplexen Gesellschaft die Verantwortung die verschiedenen Gruppen der Bev\u00f6lkerung zu informieren, die aktuelle Lage einzuordnen, Hintergr\u00fcnde zu liefern, Themen in den Fokus des Diskurses zu r\u00fccken, gesellschaftliche wie kulturelle Ereignisse abzubilden und gemeinschaftliche Erlebnisse zu schaffen, ebenso f\u00fcr Unterhaltung und Entspannung zu sorgen. Die Rundfunkfreiheit, eine Bestands- und Entwicklungsgarantie, der Rundfunkbeitrag als wichtigste Finanzierungsquelle, festgelegt von einer unabh\u00e4ngigen Kommission zur Ermittlung des Finanzbedarfs, sind die wesentlichen Grundlagen, um diese Aufgabe erf\u00fcllen zu k\u00f6nnen.<\/p>\n<p>https:\/\/www.medienpolitik.net\/2023\/07\/ein-neuer-kompass-fuer-den-oeffentlich-rechtlichen-rundfunk\/<\/p>\n<p>Hinweis: Die wesentliche Grundlage, um diese Aufgabe erf\u00fcllen zu k\u00f6nnen, ist die Reflexion der eigenen Arbeit in den vergangenen drei Jahren, um das Vertrauen der Beitragszahler wieder zu gewinnen. Ein &#8222;weiter so&#8220; kann sich das ZDF nicht leisten.<\/p>\n<div class=\"twoclick_social_bookmarks_post_8210 social_share_privacy clearfix 1.6.4 locale-de_DE sprite-de_DE\"><\/div><div class=\"twoclick-js\"><script type=\"text\/javascript\">\/* <![CDATA[ *\/\njQuery(document).ready(function($){if($('.twoclick_social_bookmarks_post_8210')){$('.twoclick_social_bookmarks_post_8210').socialSharePrivacy({\"services\":{\"facebook\":{\"status\":\"on\",\"txt_info\":\"2 Klicks f\\u00fcr mehr Datenschutz: Erst wenn Sie hier klicken, wird der Button aktiv und Sie k\\u00f6nnen Ihre Empfehlung an Facebook senden. Schon beim Aktivieren werden Daten an Dritte \\u00fcbertragen - siehe <em>i<\\\/em>.\",\"perma_option\":\"off\",\"action\":\"like\",\"language\":\"de_DE\"},\"twitter\":{\"reply_to\":\"\",\"tweet_text\":\"%20ZDF%20%E2%80%93%20%20Transparenz%20als%20ein%20Schl%C3%BCssel%20f%C3%BCr%20gesellschaftliche%20Akzeptanz%3F%20...\",\"status\":\"on\",\"txt_info\":\"2 Klicks f\\u00fcr mehr Datenschutz: Erst wenn Sie hier klicken, wird der Button aktiv und Sie k\\u00f6nnen Ihre Empfehlung an Twitter senden. Schon beim Aktivieren werden Daten an Dritte \\u00fcbertragen - siehe <em>i<\\\/em>.\",\"perma_option\":\"off\",\"language\":\"de\",\"referrer_track\":\"\"}},\"txt_help\":\"Wenn Sie diese Felder durch einen Klick aktivieren, werden Informationen an Facebook, Twitter, Flattr, Xing, t3n, LinkedIn, Pinterest oder Google eventuell ins Ausland \\u00fcbertragen und unter Umst\\u00e4nden auch dort gespeichert. N\\u00e4heres erfahren Sie durch einen Klick auf das <em>i<\\\/em>.\",\"settings_perma\":\"Dauerhaft aktivieren und Daten\\u00fcber-tragung zustimmen:\",\"info_link\":\"http:\\\/\\\/www.heise.de\\\/ct\\\/artikel\\\/2-Klicks-fuer-mehr-Datenschutz-1333879.html\",\"uri\":\"https:\\\/\\\/publikumskonferenz.de\\\/blog\\\/news\\\/zdf-transparenz-als-ein-schluessel-fuer-gesellschaftliche-akzeptanz\\\/\",\"post_id\":8210,\"post_title_referrer_track\":\"ZDF+%26%238211%3B++Transparenz+als+ein+Schl%C3%BCssel+f%C3%BCr+gesellschaftliche+Akzeptanz%3F\",\"display_infobox\":\"on\"});}});\n\/* ]]> *\/<\/script><\/div>","protected":false},"excerpt":{"rendered":"<p>Ein neuer Kompass f\u00fcr den \u00f6ffentlich-rechtlichen Rundfunk Transparenz als ein Schl\u00fcssel f\u00fcr gesellschaftliche Akzeptanz Der Erhalt einer breiten gesellschaftlichen Verankerung ist die zentrale Aufgabe zur Zukunftssicherung des \u00f6ffentlich-rechtlichen Rundfunks in Deutschland. In der wichtigen aktuellen Debatte stehen dabei Strukturen und &hellip;<\/p>\n<p class=\"read-more\"> <a class=\"more-link\" href=\"https:\/\/publikumskonferenz.de\/blog\/news\/zdf-transparenz-als-ein-schluessel-fuer-gesellschaftliche-akzeptanz\/\"> <span class=\"screen-reader-text\">ZDF &#8211;  Transparenz als ein Schl\u00fcssel f\u00fcr gesellschaftliche Akzeptanz?<\/span> Weiterlesen &raquo;<\/a><\/p>\n","protected":false},"author":2,"featured_media":0,"comment_status":"closed","ping_status":"closed","template":"","categories":[],"newstags":[],"class_list":["post-8210","news","type-news","status-publish","hentry"],"_links":{"self":[{"href":"https:\/\/publikumskonferenz.de\/blog\/wp-json\/wp\/v2\/news\/8210","targetHints":{"allow":["GET"]}}],"collection":[{"href":"https:\/\/publikumskonferenz.de\/blog\/wp-json\/wp\/v2\/news"}],"about":[{"href":"https:\/\/publikumskonferenz.de\/blog\/wp-json\/wp\/v2\/types\/news"}],"author":[{"embeddable":true,"href":"https:\/\/publikumskonferenz.de\/blog\/wp-json\/wp\/v2\/users\/2"}],"replies":[{"embeddable":true,"href":"https:\/\/publikumskonferenz.de\/blog\/wp-json\/wp\/v2\/comments?post=8210"}],"wp:attachment":[{"href":"https:\/\/publikumskonferenz.de\/blog\/wp-json\/wp\/v2\/media?parent=8210"}],"wp:term":[{"taxonomy":"category","embeddable":true,"href":"https:\/\/publikumskonferenz.de\/blog\/wp-json\/wp\/v2\/categories?post=8210"},{"taxonomy":"newstags","embeddable":true,"href":"https:\/\/publikumskonferenz.de\/blog\/wp-json\/wp\/v2\/newstags?post=8210"}],"curies":[{"name":"wp","href":"https:\/\/api.w.org\/{rel}","templated":true}]}}