{"id":8401,"date":"2023-08-23T12:48:50","date_gmt":"2023-08-23T11:48:50","guid":{"rendered":"https:\/\/publikumskonferenz.de\/blog\/?post_type=news&#038;p=8401"},"modified":"2023-08-23T12:50:22","modified_gmt":"2023-08-23T11:50:22","slug":"ard-und-zdf-im-reich-der-hasenfuesse","status":"publish","type":"news","link":"https:\/\/publikumskonferenz.de\/blog\/news\/ard-und-zdf-im-reich-der-hasenfuesse\/","title":{"rendered":"ARD und ZDF: Im Reich der Hasenf\u00fc\u00dfe"},"content":{"rendered":"<p><strong>ARD und ZDF: Im Reich der Hasenf\u00fc\u00dfe<\/strong><\/p>\n<p>Im WDR weht der Geist der Political Correctness &#8211; jetzt auch in Form von Warnhinweisen. Der Furor, mit dem eine sich f\u00fcr elit\u00e4r haltende Minderheit sich in (meist staatlich finanzierten) Rundfunkanstalten als Volkserzieher aufspielt, ist nicht mehr hinnehmbar.<\/p>\n<p>In George Orwells Roman \u201e1984\u201c gibt es ein Wahrheitsministerium. In ihm ist die Hauptfigur, Winston Smith, damit besch\u00e4ftigt, alte Zeitungsberichte so umzuschreiben, dass sie zur jeweils aktuellen Linie der diktatorisch herrschenden Partei passen.<\/p>\n<p>Nat\u00fcrlich verwendet Smith dabei die einzig zugelassene Sprache, den sogenannten Neusprech. Die ist nat\u00fcrlich in h\u00f6chstem Ma\u00dfe politisiert. Da hei\u00dft es dann \u201eKrieg ist Frieden\u201c oder \u201eUnwissenheit ist St\u00e4rke\u201c, ganz im Sinne der Partei.<\/p>\n<p><a href=\"https:\/\/www.focus.de\/kultur\/kino_tv\/kommentar-von-hugo-mueller-vogg-der-furor-der-woken-wdr-volkserzieher-ist-intolerant-und-gefaehrlich_id_202452934.html\">https:\/\/www.focus.de\/kultur\/kino_tv\/kommentar-von-hugo-mueller-vogg-der-furor-der-woken-wdr-volkserzieher-ist-intolerant-und-gefaehrlich_id_202452934.html<\/a><\/p>\n<p>Dass der WDR nun auch eine uralte Show von Harald Schmidt mit einem Warnhinweis versieht, mag man als oberwoke abtun. Es handelt sich aber um ein Indiz f\u00fcr etwas anderes. [\u2026] Zu vielen Redaktionen geht es vor allem darum, ja nichts falsch zu machen. [\u2026] Es ist in Wahrheit diese Hasenfu\u00df-Kultur, weshalb ARD und ZDF mittlerweile zu selten im Gespr\u00e4ch und zu oft im Gerede sind.<br \/>\n<a href=\"https:\/\/www.sueddeutsche.de\/meinung\/wdr-schmidteinander-otto-bild-kommentar-1.6149449\">https:\/\/www.sueddeutsche.de\/meinung\/wdr-schmidteinander-otto-bild-kommentar-1.6149449<\/a><\/p>\n<p><strong>Triggerwarnung f\u00fcr Otto: Lieber Team Dogma als Team Arschloch<\/strong><\/p>\n<p>Nacktheit, Rauchen, Polenwitze, alles heute anst\u00f6\u00dfig. Muss, soll, will man vor allem warnen? Ein Blick in die Kommentarspalten killt jede Spottlust.<\/p>\n<p>Schon l\u00e4nger haben wir uns an die Triggerwarnungen im Vorspann internationaler Serienproduktionen gew\u00f6hnt: \u201eNacktheit, Gewalt, Alkoholkonsum, Rauchen, Schimpfworte, sexuelle Inhalte\u201c und vieles mehr. [\u2026] Man kann die Filme ja sehen, ungeschnitten und frei zug\u00e4nglich, wenn man das noch will. Man kann sich \u00fcber die Warnungen be\u00f6mmeln oder \u00e4rgern. Wer das f\u00fcr n\u00f6tig h\u00e4lt, kann sie sogar beherzigen \u2013 daf\u00fcr sind sie schlie\u00dflich da.<\/p>\n<p>Denn letzten Endes obliegt es ja doch nicht der Beurteilung Au\u00dfenstehender, wer wovon getriggert wird. Und alle anderen lesen irgendwann so automatisch dar\u00fcber hinweg<br \/>\n<a href=\"https:\/\/taz.de\/Triggerwarnung-fuer-Otto\/!5950960\/\">https:\/\/taz.de\/Triggerwarnung-fuer-Otto\/!5950960\/<\/a><\/p>\n<p><strong>Die Warnhinweise des WDR sind nicht ohne Witz<\/strong><\/p>\n<p>Der WDR nimmt alte Shows von Otto Waalkes und Harald Schmidt in die Mediathek. Im Begleittext wird Otto bejubelt, doch vor seiner Show wird gewarnt. Wie passt das zusammen? (Paid)<br \/>\n<a href=\"https:\/\/www.faz.net\/aktuell\/feuilleton\/medien\/warum-warnt-der-wdr-vor-otto-waalkes-und-harald-schmidt-19118170.html\">https:\/\/www.faz.net\/aktuell\/feuilleton\/medien\/warum-warnt-der-wdr-vor-otto-waalkes-und-harald-schmidt-19118170.html<\/a><\/p>\n<p>Arno Frank: Ist die umstrittene Texttafel wirklich eine Warnung? Oder doch eher eine &#8218;Einordnung&#8216;, wie sie der WDR verstanden wissen will? Sie ist beides. Als Einordnung bedeutet sie nichts weiter als: &#8218;Wir wissen, was wir hier tun, tun es aber trotzdem!&#8216; Wir verf\u00e4lschen also nicht diesen &#8218;Teil der Fernsehgeschichte&#8216;, den wir h\u00fcten, sondern strahlen ihn aus \u2013 im Bewusstsein, das gewisse Passagen &#8218;als diskriminierend erachtet werden&#8216;.<\/p>\n<p>Erst dieser Satz, \u00fcbrigens in distanzierender Passivkonstruktion, enth\u00e4lt die eigentliche Warnung \u2013 verstanden als Vorhersage eines m\u00f6glichen Schadens. Wer auch immer sich diskriminiert f\u00fchlen k\u00f6nnte, sollte das vorher wissen.<\/p>\n<p><a href=\"https:\/\/www.mdr.de\/altpapier\/das-altpapier-3290.html\">https:\/\/www.mdr.de\/altpapier\/das-altpapier-3290.html<\/a><\/p>\n<p><strong>Hier wird \u00fcbel diskriminiert : Zehn Sendungen, die Warnhinweise verdienen<\/strong><\/p>\n<p>Ob \u201eDer Kommissar\u201c, \u201eDie Schwarzwaldklinik\u201c oder \u201eBaywatch\u201c- diese Serien k\u00f6nnen nicht einfach so aufs Fernsehvolk losgelassen werden<br \/>\n<a href=\"https:\/\/www.tagesspiegel.de\/kultur\/zehn-sendungen-die-warnhinweise-verdienen-hier-wird-ubel-diskriminiert-10344940.html\">https:\/\/www.tagesspiegel.de\/kultur\/zehn-sendungen-die-warnhinweise-verdienen-hier-wird-ubel-diskriminiert-10344940.html<\/a><\/p>\n<div class=\"twoclick_social_bookmarks_post_8401 social_share_privacy clearfix 1.6.4 locale-de_DE sprite-de_DE\"><\/div><div class=\"twoclick-js\"><script type=\"text\/javascript\">\/* <![CDATA[ *\/\njQuery(document).ready(function($){if($('.twoclick_social_bookmarks_post_8401')){$('.twoclick_social_bookmarks_post_8401').socialSharePrivacy({\"services\":{\"facebook\":{\"status\":\"on\",\"txt_info\":\"2 Klicks f\\u00fcr mehr Datenschutz: Erst wenn Sie hier klicken, wird der Button aktiv und Sie k\\u00f6nnen Ihre Empfehlung an Facebook senden. Schon beim Aktivieren werden Daten an Dritte \\u00fcbertragen - siehe <em>i<\\\/em>.\",\"perma_option\":\"off\",\"action\":\"like\",\"language\":\"de_DE\"},\"twitter\":{\"reply_to\":\"\",\"tweet_text\":\"%20ARD%20und%20ZDF%3A%20Im%20Reich%20der%20Hasenf%C3%BC%C3%9Fe%20%C2%BB%20St%C3%A4ndige%20Publikumskonferenz%20...\",\"status\":\"on\",\"txt_info\":\"2 Klicks f\\u00fcr mehr Datenschutz: Erst wenn Sie hier klicken, wird der Button aktiv und Sie k\\u00f6nnen Ihre Empfehlung an Twitter senden. Schon beim Aktivieren werden Daten an Dritte \\u00fcbertragen - siehe <em>i<\\\/em>.\",\"perma_option\":\"off\",\"language\":\"de\",\"referrer_track\":\"\"}},\"txt_help\":\"Wenn Sie diese Felder durch einen Klick aktivieren, werden Informationen an Facebook, Twitter, Flattr, Xing, t3n, LinkedIn, Pinterest oder Google eventuell ins Ausland \\u00fcbertragen und unter Umst\\u00e4nden auch dort gespeichert. N\\u00e4heres erfahren Sie durch einen Klick auf das <em>i<\\\/em>.\",\"settings_perma\":\"Dauerhaft aktivieren und Daten\\u00fcber-tragung zustimmen:\",\"info_link\":\"http:\\\/\\\/www.heise.de\\\/ct\\\/artikel\\\/2-Klicks-fuer-mehr-Datenschutz-1333879.html\",\"uri\":\"https:\\\/\\\/publikumskonferenz.de\\\/blog\\\/news\\\/ard-und-zdf-im-reich-der-hasenfuesse\\\/\",\"post_id\":8401,\"post_title_referrer_track\":\"ARD+und+ZDF%3A+Im+Reich+der+Hasenf%C3%BC%C3%9Fe\",\"display_infobox\":\"on\"});}});\n\/* ]]> *\/<\/script><\/div>","protected":false},"excerpt":{"rendered":"<p>ARD und ZDF: Im Reich der Hasenf\u00fc\u00dfe Im WDR weht der Geist der Political Correctness &#8211; jetzt auch in Form von Warnhinweisen. Der Furor, mit dem eine sich f\u00fcr elit\u00e4r haltende Minderheit sich in (meist staatlich finanzierten) Rundfunkanstalten als Volkserzieher &hellip;<\/p>\n<p class=\"read-more\"> <a class=\"more-link\" href=\"https:\/\/publikumskonferenz.de\/blog\/news\/ard-und-zdf-im-reich-der-hasenfuesse\/\"> <span class=\"screen-reader-text\">ARD und ZDF: Im Reich der Hasenf\u00fc\u00dfe<\/span> Weiterlesen &raquo;<\/a><\/p>\n","protected":false},"author":2,"featured_media":0,"comment_status":"closed","ping_status":"closed","template":"","categories":[],"newstags":[],"class_list":["post-8401","news","type-news","status-publish","hentry"],"_links":{"self":[{"href":"https:\/\/publikumskonferenz.de\/blog\/wp-json\/wp\/v2\/news\/8401","targetHints":{"allow":["GET"]}}],"collection":[{"href":"https:\/\/publikumskonferenz.de\/blog\/wp-json\/wp\/v2\/news"}],"about":[{"href":"https:\/\/publikumskonferenz.de\/blog\/wp-json\/wp\/v2\/types\/news"}],"author":[{"embeddable":true,"href":"https:\/\/publikumskonferenz.de\/blog\/wp-json\/wp\/v2\/users\/2"}],"replies":[{"embeddable":true,"href":"https:\/\/publikumskonferenz.de\/blog\/wp-json\/wp\/v2\/comments?post=8401"}],"wp:attachment":[{"href":"https:\/\/publikumskonferenz.de\/blog\/wp-json\/wp\/v2\/media?parent=8401"}],"wp:term":[{"taxonomy":"category","embeddable":true,"href":"https:\/\/publikumskonferenz.de\/blog\/wp-json\/wp\/v2\/categories?post=8401"},{"taxonomy":"newstags","embeddable":true,"href":"https:\/\/publikumskonferenz.de\/blog\/wp-json\/wp\/v2\/newstags?post=8401"}],"curies":[{"name":"wp","href":"https:\/\/api.w.org\/{rel}","templated":true}]}}