{"id":8484,"date":"2023-09-01T11:54:19","date_gmt":"2023-09-01T10:54:19","guid":{"rendered":"https:\/\/publikumskonferenz.de\/blog\/?post_type=news&#038;p=8484"},"modified":"2023-09-01T12:01:34","modified_gmt":"2023-09-01T11:01:34","slug":"wdr-rundfunkrat-am-30-8-2023","status":"publish","type":"news","link":"https:\/\/publikumskonferenz.de\/blog\/news\/wdr-rundfunkrat-am-30-8-2023\/","title":{"rendered":"WDR-Rundfunkrat am 30.8.2023"},"content":{"rendered":"<p>WDR-Rundfunkrat am 30.8.2023<\/p>\n<ol>\n<li><strong><em> Stellungnahme zur ARD-Selbstverpflichtung<\/em><\/strong><\/li>\n<\/ol>\n<p>Der WDR-Rundfunkrat hat eine Stellungnahme zum Entwurf der ARD-Selbstverpflichtung verabschiedet. Das Gremium kritisiert die Mehrfachverwendung von nicht quantifizierbaren Zielen und Indikatoren sowie die Unklarheit der Verkn\u00fcpfung von Zielen und Erfolgsindikatoren in den einzelnen Projekten. Die ARD-Selbstverpflichtung sollte sich st\u00e4rker auf die zuk\u00fcnftig im Vordergrund stehenden Themeninhalte konzentrieren, anstatt prim\u00e4r marketingorientiert zu sein. Insgesamt komme der lineare Bereich sowohl im Ausblick als auch im R\u00fcckblick zu wenig zur Geltung [&#8230;]<\/p>\n<ol start=\"2\">\n<li><strong><em> Rundfunkrat begleitet Zukunftsprozess<\/em><\/strong><\/li>\n<\/ol>\n<p>Intendant Tom Buhrow berichtete in der Sitzung des WDR-Rundfunkrats \u00fcber die j\u00fcngsten Ma\u00dfnahmen im Rahmen des ARD-Reformprozesses. In der Vergangenheit seien innerhalb der ARD bereits Synergien im Bereich der Administration und im programmtechnischen Bereich geschaffen worden \u2013 nun sollen programmliche Ma\u00dfnahmen folgen. [&#8230;]<\/p>\n<ol start=\"3\">\n<li><strong><em> Programmbeschwerden abgelehnt<\/em><\/strong><\/li>\n<\/ol>\n<p class=\"text small\">Der WDR-Rundfunkrat konnte bei f\u00fcnf Programmbeschwerden zur Sendung \u201ahart aber fair\u2018 vom 27. Februar 2023 keinen Versto\u00df gegen die gesetzlichen Programmgrunds\u00e4tze feststellen. Zu der Sendung mit dem Titel \u201eFrieden mit Putins Russland: Eine Illusion?\u201c hatten die Beschwerdef\u00fchrerinnen und -f\u00fchrer unterschiedliche Vorw\u00fcrfe zu zwei Themenkomplexen der Sendung erhoben. Ein Beschwerdef\u00fchrer kritisierte einen Einspieler, in dem der Moderator Louis Klamroth seine Eindr\u00fccke von einer Friedensdemonstration schilderte, die im Vorfeld der Sendung stattgefunden hatte. Vier weitere Programmbeschwerden betrafen einen zweiten Einspieler sowie Diskussionsf\u00fchrung und <a href=\"https:\/\/publikumskonferenz.de\/forum\/viewtopic.php?p=10139#p10139\">Umgang des Moderators mit der Teilnehmerin Sahra Wagenknecht.<\/a> [&#8230;]<\/p>\n<div class=\"mediaCon mediaLeft small\">\n<div class=\"media mediaA\"><picture><source srcset=\"\/wdr-migration\/wissenmachtahlogo100~_v-gseaclassicxl.jpg\" media=\"(min-width: 20000px)\" data-src-label=\"xl\" \/><source srcset=\"\/wdr-migration\/wissenmachtahlogo100~_v-ARDAustauschformat.jpg\" media=\"(min-width: 15px) and (max-width: 19999px)\" data-src-label=\"l\" \/><source srcset=\"\/wdr-migration\/wissenmachtahlogo100~_v-ARDAustauschformat.jpg\" media=\"(min-width: 10px) and (max-width: 14px)\" data-src-label=\"m\" \/><source srcset=\"\/wdr-migration\/wissenmachtahlogo100~_v-ARDAustauschformat.jpg\" media=\"(min-width: 5x) and (max-width: 9px)\" data-src-label=\"s\" \/><source srcset=\"\/wdr-migration\/wissenmachtahlogo100~_v-TeaserNormal.jpg\" media=\"(max-width: 4px)\" data-src-label=\"xs\" \/><source srcset=\"\/wdr-migration\/wissenmachtahlogo100~_v-ARDAustauschformat.jpg\" \/><\/picture><\/div>\n<\/div>\n<p class=\"text small\">Au\u00dferdem befasste sich der Rundfunkrat mit einer Programmbeschwerde zur Sendung \u201aWissen macht Ah!\u2018 vom 5. Dezember 2022, die sich u.a. mit verschiedenen Fragen rund um das Thema des Gendern besch\u00e4ftigte. Kritisiert wurde ein Teil der Sendung, der nach Ansicht des Beschwerdef\u00fchrers eine Drittelung der Gesellschaft in m\u00e4nnliche, weibliche und nicht-bin\u00e4re Menschen unterstellt habe. Zudem sei der Zusatz \u201epreu\u00dfisch\u201c im Beitrag \u201eWoher kommen die Farben der Deutschlandfahne?\u201c bei der Beschreibung der Stadt Jena unzutreffend. Der Programmausschuss konnte keine Anhaltspunkte daf\u00fcr erkennen, dass mit der kritisierten Passage eine Drittelung der Gesellschaft gemeint gewesen sei \u2013 dies sei auch auf der Bildebene des Beitrags deutlich geworden. Der aus historischer Sicht tats\u00e4chlich fehlerhafte Zusatz \u201epreu\u00dfisch\u201c sei <a href=\"https:\/\/publikumskonferenz.de\/forum\/viewtopic.php?p=10131#p10131\">zwischenzeitlich korrigiert<\/a> worden, begr\u00fcnde jedoch keinen Gesetzesversto\u00df.<\/p>\n<p class=\"text small\">Eine weitere Programmbeschwerde zu einem Facebook-Post auf dem \u201eWDR Satire\u201c-Kanal vom 6. Februar 2023 wurde wegen Verfristung als unzul\u00e4ssig zur\u00fcckgewiesen. Inhaltlich setzte sich der Programmausschuss jedoch \u00e4u\u00dferst kritisch mit dem Beitrag auseinander, der einen Vergleich zwischen Vermieterinnen und Vermietern einerseits und Ratten andererseits zog. Eine deutliche Mehrheit des Programmausschusses war von dem Vergleich \u00e4u\u00dferst betroffen, da dieser eine Diktion aus dem nationalsozialistischen und faschistischen Sprachgebrauch aufgreift. Gabriele Hammelrath betonte, dass der Programmausschuss einen solchen geschichtsvergessenen Umgang mit der deutschen Sprache in aller Deutlichkeit ablehne. Auch der WDR stufte den Beitrag r\u00fcckblickend als problematisch ein und hatte ihn nach der Sitzung des Programmausschusses von der Facebook-Seite \u201eWDR Satire\u201c entfernt.<\/p>\n<ol start=\"3\">\n<li><strong><em> Mitglieder berichten aus Programmbeir\u00e4ten von ARD und ARTE<\/em><\/strong><\/li>\n<\/ol>\n<p>Die vom Rundfunkrat in die Programmbeir\u00e4te von ARD und ARTE entsandten Mitglieder legten dem Gremium ihre Jahresberichte vor. Gabriele Hammelrath berichtete aus dem Programmbeirat der ARD, dass die Mitglieder die Qualit\u00e4t der Moderation und Dokumentation w\u00e4hrend der Fu\u00dfball-WM positiv bewertet haben. <strong>Generell kritisierte das Gremium jedoch eine wahrgenommene \u00dcberbetonung des Fu\u00dfballs in der gesamten Sportberichterstattung<\/strong>. Neben der konkreten Bewertung einzelner Formate befasste sich der Programmbeirat auch mit den ver\u00e4nderten Aufgaben und einer st\u00e4rkeren Vernetzung der Aufsichtsgremien, u.a. im Rahmen der Qualit\u00e4tskontrolle, wie sie z.B. bei einer gemeinsamen Betrachtung der \u00f6ffentlich-rechtlichen Talk-Sendungen stattgefunden hat.<\/p>\n<p>Dr. Constanze Tiwisina, Mitglied des Programmbeirats von ARTE Deutschland, betonte die wichtige Rolle des \u00f6ffentlich-rechtlichen Kultur- und Bildungssenders ARTE in der aktuellen Debatte um die Zukunft des \u00f6ffentlich-rechtlichen Rundfunks. Besonders hervorzuheben ist aus ihrer Sicht die einzigartige Position von ARTE als europ\u00e4ische Plattform f\u00fcr Rundfunkinhalte<\/p>\n<ol start=\"5\">\n<li><em><strong> WDR-Erf\u00fcllungsbericht 2022 abschlie\u00dfend beraten<\/strong> <\/em><\/li>\n<\/ol>\n<p>[&#8230;] Ma\u00dfgeblich f\u00fcr die Programmentwicklung und -verbreitung bleiben die strategischen Ziele aus dem Erf\u00fcllungsbericht 2020\/2021 \u2013 beispielsweise, dass bis 2025 in NRW jede dritte Person t\u00e4glich und jede zweite Person w\u00f6chentlich mit den nicht-linearen Angeboten des WDR erreicht wird oder dass die Angebote des WDR zum gr\u00f6\u00dferen Teil auf dessen eigenen Plattformen, Seiten und Apps genutzt werden sollen. [&#8230;]<\/p>\n<ol start=\"6\">\n<li><strong><em> Bericht \u00fcber Kooperationen des WDR im Jahr 2022<\/em><\/strong><\/li>\n<\/ol>\n<p>Der WDR-Rundfunkrat hat in seiner Sitzung den Bericht \u00fcber die Zusammenarbeit mit anderen \u00f6ffentlich-rechtlichen Rundfunkanstalten und Dritten f\u00fcr das Jahr 2022, den sogenannten \u201eKooperationsbericht\u201c abschlie\u00dfend er\u00f6rtert. Das Gremium lobte die Vielfalt der Kooperationen [&#8230;]<\/p>\n<ol start=\"7\">\n<li><strong><em> Produktionsvertrag f\u00fcr \u201aDie Carolin Kebekus Show\u2018 genehmigt<\/em><\/strong><\/li>\n<\/ol>\n<p>Der Rundfunkrat stimmte der Verl\u00e4ngerung des Produktionsvertrags f\u00fcr \u201aDie Carolin Kebekus Show\u2018 mit weiteren Ausgaben in den Jahren 2024 und 2025 zu. Dar\u00fcber hinaus verwies er die Vertr\u00e4ge f\u00fcr die Talkformate \u201aHart aber fair\u2018, \u201aMaischberger\u2018 sowie \u201aMiosga\u2018 als Nachfolgesendung von \u201aAnne Will\u2018 am Sonntagabend in der ARD zur weiteren Beratung an seinen Programmausschuss. F\u00fcr die Talkshows ist jeweils eine Verl\u00e4ngerung f\u00fcr die Jahre 2024 und 2025 vorgesehen. Programmvertr\u00e4ge werden zur Wahrung von Betriebs- und Gesch\u00e4ftsgeheimnissen im nicht-\u00f6ffentlichen Teil der Sitzung beraten. Der Rundfunkrat muss \u00fcber Programmvorhaben immer dann entscheiden, wenn die finanzielle Verpflichtung des Senders oder seiner Tochtergesellschaften zwei Millionen Euro \u00fcbersteigt.<\/p>\n<p><a href=\"https:\/\/www1.wdr.de\/unternehmen\/rundfunkrat\/publikationen\/newsletter-302.html\">https:\/\/www1.wdr.de\/unternehmen\/rundfunkrat\/publikationen\/newsletter-302.html<\/a><\/p>\n<p>&nbsp;<\/p>\n<div class=\"twoclick_social_bookmarks_post_8484 social_share_privacy clearfix 1.6.4 locale-de_DE sprite-de_DE\"><\/div><div class=\"twoclick-js\"><script type=\"text\/javascript\">\/* <![CDATA[ *\/\njQuery(document).ready(function($){if($('.twoclick_social_bookmarks_post_8484')){$('.twoclick_social_bookmarks_post_8484').socialSharePrivacy({\"services\":{\"facebook\":{\"status\":\"on\",\"txt_info\":\"2 Klicks f\\u00fcr mehr Datenschutz: Erst wenn Sie hier klicken, wird der Button aktiv und Sie k\\u00f6nnen Ihre Empfehlung an Facebook senden. Schon beim Aktivieren werden Daten an Dritte \\u00fcbertragen - siehe <em>i<\\\/em>.\",\"perma_option\":\"off\",\"action\":\"like\",\"language\":\"de_DE\"},\"twitter\":{\"reply_to\":\"\",\"tweet_text\":\"%20WDR-Rundfunkrat%20am%2030.8.2023%20%C2%BB%20St%C3%A4ndige%20Publikumskonferenz%20der%20...\",\"status\":\"on\",\"txt_info\":\"2 Klicks f\\u00fcr mehr Datenschutz: Erst wenn Sie hier klicken, wird der Button aktiv und Sie k\\u00f6nnen Ihre Empfehlung an Twitter senden. Schon beim Aktivieren werden Daten an Dritte \\u00fcbertragen - siehe <em>i<\\\/em>.\",\"perma_option\":\"off\",\"language\":\"de\",\"referrer_track\":\"\"}},\"txt_help\":\"Wenn Sie diese Felder durch einen Klick aktivieren, werden Informationen an Facebook, Twitter, Flattr, Xing, t3n, LinkedIn, Pinterest oder Google eventuell ins Ausland \\u00fcbertragen und unter Umst\\u00e4nden auch dort gespeichert. N\\u00e4heres erfahren Sie durch einen Klick auf das <em>i<\\\/em>.\",\"settings_perma\":\"Dauerhaft aktivieren und Daten\\u00fcber-tragung zustimmen:\",\"info_link\":\"http:\\\/\\\/www.heise.de\\\/ct\\\/artikel\\\/2-Klicks-fuer-mehr-Datenschutz-1333879.html\",\"uri\":\"https:\\\/\\\/publikumskonferenz.de\\\/blog\\\/news\\\/wdr-rundfunkrat-am-30-8-2023\\\/\",\"post_id\":8484,\"post_title_referrer_track\":\"WDR-Rundfunkrat+am+30.8.2023\",\"display_infobox\":\"on\"});}});\n\/* ]]> *\/<\/script><\/div>","protected":false},"excerpt":{"rendered":"<p>WDR-Rundfunkrat am 30.8.2023 Stellungnahme zur ARD-Selbstverpflichtung Der WDR-Rundfunkrat hat eine Stellungnahme zum Entwurf der ARD-Selbstverpflichtung verabschiedet. Das Gremium kritisiert die Mehrfachverwendung von nicht quantifizierbaren Zielen und Indikatoren sowie die Unklarheit der Verkn\u00fcpfung von Zielen und Erfolgsindikatoren in den einzelnen Projekten. &hellip;<\/p>\n<p class=\"read-more\"> <a class=\"more-link\" href=\"https:\/\/publikumskonferenz.de\/blog\/news\/wdr-rundfunkrat-am-30-8-2023\/\"> <span class=\"screen-reader-text\">WDR-Rundfunkrat am 30.8.2023<\/span> Weiterlesen &raquo;<\/a><\/p>\n","protected":false},"author":2,"featured_media":0,"comment_status":"closed","ping_status":"closed","template":"","categories":[],"newstags":[],"class_list":["post-8484","news","type-news","status-publish","hentry"],"_links":{"self":[{"href":"https:\/\/publikumskonferenz.de\/blog\/wp-json\/wp\/v2\/news\/8484","targetHints":{"allow":["GET"]}}],"collection":[{"href":"https:\/\/publikumskonferenz.de\/blog\/wp-json\/wp\/v2\/news"}],"about":[{"href":"https:\/\/publikumskonferenz.de\/blog\/wp-json\/wp\/v2\/types\/news"}],"author":[{"embeddable":true,"href":"https:\/\/publikumskonferenz.de\/blog\/wp-json\/wp\/v2\/users\/2"}],"replies":[{"embeddable":true,"href":"https:\/\/publikumskonferenz.de\/blog\/wp-json\/wp\/v2\/comments?post=8484"}],"wp:attachment":[{"href":"https:\/\/publikumskonferenz.de\/blog\/wp-json\/wp\/v2\/media?parent=8484"}],"wp:term":[{"taxonomy":"category","embeddable":true,"href":"https:\/\/publikumskonferenz.de\/blog\/wp-json\/wp\/v2\/categories?post=8484"},{"taxonomy":"newstags","embeddable":true,"href":"https:\/\/publikumskonferenz.de\/blog\/wp-json\/wp\/v2\/newstags?post=8484"}],"curies":[{"name":"wp","href":"https:\/\/api.w.org\/{rel}","templated":true}]}}