{"id":8755,"date":"2023-12-05T09:11:52","date_gmt":"2023-12-05T08:11:52","guid":{"rendered":"https:\/\/publikumskonferenz.de\/blog\/?post_type=news&#038;p=8755"},"modified":"2023-12-05T09:12:06","modified_gmt":"2023-12-05T08:12:06","slug":"ivonne-bloche-ist-neue-verwaltungsdirektorin-des-mdr","status":"publish","type":"news","link":"https:\/\/publikumskonferenz.de\/blog\/news\/ivonne-bloche-ist-neue-verwaltungsdirektorin-des-mdr\/","title":{"rendered":"Ivonne Bloche ist neue Verwaltungsdirektorin des MDR"},"content":{"rendered":"<p><strong>Ivonne Bloche ist neue Verwaltungsdirektorin des MDR<\/strong><\/p>\n<p>Zur neuen Verwaltungsdirektorin des MDR wurde Ivonne Bloche gew\u00e4hlt. Der Rundfunkrat bekommt zudem einen neuen stv. Vorsitzenden. Hier fiel die Wahl auf Michael Ziche.<\/p>\n<p>Beginnend am 1. Januar des kommenden Jahres und dann f\u00fcnf Jahre lang, also bis Ende 2028, ist Ivonne Bloche neue Verwaltungsdirektorin des MDR. Ihrer Ernennung hat der Rundfunkrat der Anstalt am Montag &#8222;mit gro\u00dfer Mehrzeit&#8220; zugestimmt. &#8222;Dank ihrer fachlichen Qualifikation und des beruflichen Werdegangs, ihrer umfassenden Kenntnisse und Erfahrungen im Verwaltungs- und Pr\u00fcfungsbereich sowie ihrer F\u00fchrungsqualit\u00e4ten und strategischen Kompetenz ist Ivonne Bloche aus Sicht des Rundfunkrates bestens ger\u00fcstet f\u00fcr das Amt der Verwaltungsdirektorin&#8220;, so Rundfunkratsvorsitzender Dietrich Bauer.<\/p>\n<p><a href=\"https:\/\/www.dwdl.de\/nachrichten\/95878\/ivonne_bloche_ist_neue_verwaltungsdirektorin_des_mdr\/\">https:\/\/www.dwdl.de\/nachrichten\/95878\/ivonne_bloche_ist_neue_verwaltungsdirektorin_des_mdr\/<\/a><\/p>\n<div class=\"twoclick_social_bookmarks_post_8755 social_share_privacy clearfix 1.6.4 locale-de_DE sprite-de_DE\"><\/div><div class=\"twoclick-js\"><script type=\"text\/javascript\">\/* <![CDATA[ *\/\njQuery(document).ready(function($){if($('.twoclick_social_bookmarks_post_8755')){$('.twoclick_social_bookmarks_post_8755').socialSharePrivacy({\"services\":{\"facebook\":{\"status\":\"on\",\"txt_info\":\"2 Klicks f\\u00fcr mehr Datenschutz: Erst wenn Sie hier klicken, wird der Button aktiv und Sie k\\u00f6nnen Ihre Empfehlung an Facebook senden. Schon beim Aktivieren werden Daten an Dritte \\u00fcbertragen - siehe <em>i<\\\/em>.\",\"perma_option\":\"off\",\"action\":\"like\",\"language\":\"de_DE\"},\"twitter\":{\"reply_to\":\"\",\"tweet_text\":\"%20Ivonne%20Bloche%20ist%20neue%20Verwaltungsdirektorin%20des%20MDR%20%C2%BB%20St%C3%A4ndige%20...\",\"status\":\"on\",\"txt_info\":\"2 Klicks f\\u00fcr mehr Datenschutz: Erst wenn Sie hier klicken, wird der Button aktiv und Sie k\\u00f6nnen Ihre Empfehlung an Twitter senden. Schon beim Aktivieren werden Daten an Dritte \\u00fcbertragen - siehe <em>i<\\\/em>.\",\"perma_option\":\"off\",\"language\":\"de\",\"referrer_track\":\"\"}},\"txt_help\":\"Wenn Sie diese Felder durch einen Klick aktivieren, werden Informationen an Facebook, Twitter, Flattr, Xing, t3n, LinkedIn, Pinterest oder Google eventuell ins Ausland \\u00fcbertragen und unter Umst\\u00e4nden auch dort gespeichert. N\\u00e4heres erfahren Sie durch einen Klick auf das <em>i<\\\/em>.\",\"settings_perma\":\"Dauerhaft aktivieren und Daten\\u00fcber-tragung zustimmen:\",\"info_link\":\"http:\\\/\\\/www.heise.de\\\/ct\\\/artikel\\\/2-Klicks-fuer-mehr-Datenschutz-1333879.html\",\"uri\":\"https:\\\/\\\/publikumskonferenz.de\\\/blog\\\/news\\\/ivonne-bloche-ist-neue-verwaltungsdirektorin-des-mdr\\\/\",\"post_id\":8755,\"post_title_referrer_track\":\"Ivonne+Bloche+ist+neue+Verwaltungsdirektorin+des+MDR\",\"display_infobox\":\"on\"});}});\n\/* ]]> *\/<\/script><\/div>","protected":false},"excerpt":{"rendered":"<p>Ivonne Bloche ist neue Verwaltungsdirektorin des MDR Zur neuen Verwaltungsdirektorin des MDR wurde Ivonne Bloche gew\u00e4hlt. Der Rundfunkrat bekommt zudem einen neuen stv. Vorsitzenden. Hier fiel die Wahl auf Michael Ziche. Beginnend am 1. Januar des kommenden Jahres und dann &hellip;<\/p>\n<p class=\"read-more\"> <a class=\"more-link\" href=\"https:\/\/publikumskonferenz.de\/blog\/news\/ivonne-bloche-ist-neue-verwaltungsdirektorin-des-mdr\/\"> <span class=\"screen-reader-text\">Ivonne Bloche ist neue Verwaltungsdirektorin des MDR<\/span> Weiterlesen &raquo;<\/a><\/p>\n","protected":false},"author":2,"featured_media":0,"comment_status":"closed","ping_status":"closed","template":"","categories":[],"newstags":[],"class_list":["post-8755","news","type-news","status-publish","hentry"],"_links":{"self":[{"href":"https:\/\/publikumskonferenz.de\/blog\/wp-json\/wp\/v2\/news\/8755","targetHints":{"allow":["GET"]}}],"collection":[{"href":"https:\/\/publikumskonferenz.de\/blog\/wp-json\/wp\/v2\/news"}],"about":[{"href":"https:\/\/publikumskonferenz.de\/blog\/wp-json\/wp\/v2\/types\/news"}],"author":[{"embeddable":true,"href":"https:\/\/publikumskonferenz.de\/blog\/wp-json\/wp\/v2\/users\/2"}],"replies":[{"embeddable":true,"href":"https:\/\/publikumskonferenz.de\/blog\/wp-json\/wp\/v2\/comments?post=8755"}],"wp:attachment":[{"href":"https:\/\/publikumskonferenz.de\/blog\/wp-json\/wp\/v2\/media?parent=8755"}],"wp:term":[{"taxonomy":"category","embeddable":true,"href":"https:\/\/publikumskonferenz.de\/blog\/wp-json\/wp\/v2\/categories?post=8755"},{"taxonomy":"newstags","embeddable":true,"href":"https:\/\/publikumskonferenz.de\/blog\/wp-json\/wp\/v2\/newstags?post=8755"}],"curies":[{"name":"wp","href":"https:\/\/api.w.org\/{rel}","templated":true}]}}