{"id":8861,"date":"2024-01-18T06:39:29","date_gmt":"2024-01-18T05:39:29","guid":{"rendered":"https:\/\/publikumskonferenz.de\/blog\/?post_type=news&#038;p=8861"},"modified":"2024-01-18T06:49:21","modified_gmt":"2024-01-18T05:49:21","slug":"soeder-schlaegt-vor-zwei-ard-anstalten-aufzuloesen","status":"publish","type":"news","link":"https:\/\/publikumskonferenz.de\/blog\/news\/soeder-schlaegt-vor-zwei-ard-anstalten-aufzuloesen\/","title":{"rendered":"S\u00f6der schl\u00e4gt vor, zwei ARD-Anstalten aufzul\u00f6sen"},"content":{"rendered":"<p><strong>S\u00f6der schl\u00e4gt vor, zwei ARD-Anstalten aufzul\u00f6sen<\/strong><\/p>\n<p>In der Debatte \u00fcber den Rundfunkbeitrag fordert Bayerns Ministerpr\u00e4sident Markus S\u00f6der massive Einsparungen bei ARD und ZDF. Radioprogramme, Spartensender, Orchester und zwei Landesanstalten w\u00fcrde die CSU streichen. [\u2026]<\/p>\n<p>\u00bbWir sagen Nein zu Geb\u00fchrenerh\u00f6hungen\u00ab, sagte S\u00f6der am Mittwoch am Rande einer Klausurtagung der CSU-Landtagsfraktion in Kloster Banz im fr\u00e4nkischen Bad Staffelstein. Er empfehle daher der CSU-Landtagsfraktion, gegen m\u00f6gliche Erh\u00f6hungen zu stimmen. Gleichzeitig sollten \u00bbmindestens 20 Sender\u00ab innerhalb der \u00d6ffentlich-Rechtlichen gestrichen werden. [\u2026]<\/p>\n<p>S\u00f6der schlug konkret vor, die beiden Sendeanstalten Radio Bremen und Saarl\u00e4ndischer Rundfunk aufzul\u00f6sen. Radio Bremen k\u00f6nne in den Norddeutschen Rundfunk integriert werden, der Saarl\u00e4ndische Rundfunk in den S\u00fcdwestrundfunk. \u00bbWir glauben, dass diese beiden kleinen Sender integrierbar sind\u00ab, sagte S\u00f6der. [\u2026]<\/p>\n<p>Nach den CSU-Vorstellungen sollten laut S\u00f6der mindestens 14 von 72 H\u00f6rfunkprogrammen und f\u00fcnf von zehn Spartenkan\u00e4len \u2013 das sind etwa Sender wie One, Alpha oder Tagesschau24 \u2013 abgeschafft werden. Der CSU-Chef schlug in dem Zusammenhang auch vor, den Sender Arte mit 3Sat zu einem gemeinsamen internationalen Programm zu entwickeln. Auch die Zahl der \u00f6ffentlich-rechtlichen Klangk\u00f6rper \u2013 also etwa Orchester \u2013 solle von 24 auf 12 halbiert werden. [\u2026]<\/p>\n<p>Au\u00dferdem forderte S\u00f6der, die Zahl der Unterhaltungssendungen zu reduzieren, weil diese nicht dem Kernauftrag der \u00d6ffentlich-Rechtlichen entspr\u00e4chen. Der bayerische Ministerpr\u00e4sident schlug vor, den Informationsanteil bei 60 Prozent festzuschreiben. Ziel sei es, die Kernaufgaben zu erhalten, aber \u00bbUnn\u00f6tiges\u00ab zu entschlacken. [\u2026]<\/p>\n<p>Die \u00c4u\u00dferungen der CSU kommen kurz vor dem 75. Geburtstag des Bayerischen Rundfunks. BR-Intendantin Katja Wildermuth hat sich aus diesem Anlass f\u00fcr eine offene Diskussion \u00fcber die \u00f6ffentlich-rechtlichen Sender ausgesprochen.<\/p>\n<p><a href=\"https:\/\/www.spiegel.de\/kultur\/tv\/markus-soeder-fordert-massive-einsparungen-von-ard-und-zdf-wuerde-zwei-anstalten-aufloesen-a-25331c6e-afda-4162-9248-2a694f20c6f4\">https:\/\/www.spiegel.de\/kultur\/tv\/markus-soeder-fordert-massive-einsparungen-von-ard-und-zdf-wuerde-zwei-anstalten-aufloesen-a-25331c6e-afda-4162-9248-2a694f20c6f4<\/a><\/p>\n<p><em>Hinweis I: Die CSU-Fraktion muss nur dann gegen eine Erh\u00f6hung des Rundfunkbeitrages stimmen, wenn Markus S\u00f6der als Ministerpr\u00e4sident einen entsprechenden Medienstaatsvertrag unterzeichnet. <\/em><\/p>\n<p><em>Hinweis II: Bevorzugt Markus S\u00f6der folgendes Drehbuch: Die L\u00e4nderregierungschefs unterschreiben den Beitragsstaatsvertrag. Ein Teil der Parlamente verweigert die Ratifizierung. Dann m\u00fcssen die Anstalten die entsprechenden Parlamente vor dem BVG verklagen?<\/em><\/p>\n<p><em>Hinweis III: Laut Medienstaatsvertrag ist unter Information insbesondere Folgendes zu verstehen: \u201eNachrichten und Zeitgeschehen, politische Information, Wirtschaft, Auslandsberichte, Religi\u00f6ses, Sport, Regionales, Gesellschaftliches, Service und Zeitgeschichtliches.\u201c<\/em><\/p>\n<p><em>Hinweis IV: Zum 1.1.2013 wurde aus der \u201eRundfunkgeb\u00fchr\u201c der \u201eRundfunkbeitrag\u201c. <\/em><\/p>\n<p>&nbsp;<\/p>\n<div class=\"twoclick_social_bookmarks_post_8861 social_share_privacy clearfix 1.6.4 locale-de_DE sprite-de_DE\"><\/div><div class=\"twoclick-js\"><script type=\"text\/javascript\">\/* <![CDATA[ *\/\njQuery(document).ready(function($){if($('.twoclick_social_bookmarks_post_8861')){$('.twoclick_social_bookmarks_post_8861').socialSharePrivacy({\"services\":{\"facebook\":{\"status\":\"on\",\"txt_info\":\"2 Klicks f\\u00fcr mehr Datenschutz: Erst wenn Sie hier klicken, wird der Button aktiv und Sie k\\u00f6nnen Ihre Empfehlung an Facebook senden. Schon beim Aktivieren werden Daten an Dritte \\u00fcbertragen - siehe <em>i<\\\/em>.\",\"perma_option\":\"off\",\"action\":\"like\",\"language\":\"de_DE\"},\"twitter\":{\"reply_to\":\"\",\"tweet_text\":\"%20S%C3%B6der%20schl%C3%A4gt%20vor%2C%20zwei%20ARD-Anstalten%20aufzul%C3%B6sen%20%C2%BB%20St%C3%A4ndige%20...\",\"status\":\"on\",\"txt_info\":\"2 Klicks f\\u00fcr mehr Datenschutz: Erst wenn Sie hier klicken, wird der Button aktiv und Sie k\\u00f6nnen Ihre Empfehlung an Twitter senden. Schon beim Aktivieren werden Daten an Dritte \\u00fcbertragen - siehe <em>i<\\\/em>.\",\"perma_option\":\"off\",\"language\":\"de\",\"referrer_track\":\"\"}},\"txt_help\":\"Wenn Sie diese Felder durch einen Klick aktivieren, werden Informationen an Facebook, Twitter, Flattr, Xing, t3n, LinkedIn, Pinterest oder Google eventuell ins Ausland \\u00fcbertragen und unter Umst\\u00e4nden auch dort gespeichert. N\\u00e4heres erfahren Sie durch einen Klick auf das <em>i<\\\/em>.\",\"settings_perma\":\"Dauerhaft aktivieren und Daten\\u00fcber-tragung zustimmen:\",\"info_link\":\"http:\\\/\\\/www.heise.de\\\/ct\\\/artikel\\\/2-Klicks-fuer-mehr-Datenschutz-1333879.html\",\"uri\":\"https:\\\/\\\/publikumskonferenz.de\\\/blog\\\/news\\\/soeder-schlaegt-vor-zwei-ard-anstalten-aufzuloesen\\\/\",\"post_id\":8861,\"post_title_referrer_track\":\"S%C3%B6der+schl%C3%A4gt+vor%2C+zwei+ARD-Anstalten+aufzul%C3%B6sen\",\"display_infobox\":\"on\"});}});\n\/* ]]> *\/<\/script><\/div>","protected":false},"excerpt":{"rendered":"<p>S\u00f6der schl\u00e4gt vor, zwei ARD-Anstalten aufzul\u00f6sen In der Debatte \u00fcber den Rundfunkbeitrag fordert Bayerns Ministerpr\u00e4sident Markus S\u00f6der massive Einsparungen bei ARD und ZDF. Radioprogramme, Spartensender, Orchester und zwei Landesanstalten w\u00fcrde die CSU streichen. [\u2026] \u00bbWir sagen Nein zu Geb\u00fchrenerh\u00f6hungen\u00ab, sagte &hellip;<\/p>\n<p class=\"read-more\"> <a class=\"more-link\" href=\"https:\/\/publikumskonferenz.de\/blog\/news\/soeder-schlaegt-vor-zwei-ard-anstalten-aufzuloesen\/\"> <span class=\"screen-reader-text\">S\u00f6der schl\u00e4gt vor, zwei ARD-Anstalten aufzul\u00f6sen<\/span> Weiterlesen &raquo;<\/a><\/p>\n","protected":false},"author":2,"featured_media":0,"comment_status":"closed","ping_status":"closed","template":"","categories":[],"newstags":[],"class_list":["post-8861","news","type-news","status-publish","hentry"],"_links":{"self":[{"href":"https:\/\/publikumskonferenz.de\/blog\/wp-json\/wp\/v2\/news\/8861","targetHints":{"allow":["GET"]}}],"collection":[{"href":"https:\/\/publikumskonferenz.de\/blog\/wp-json\/wp\/v2\/news"}],"about":[{"href":"https:\/\/publikumskonferenz.de\/blog\/wp-json\/wp\/v2\/types\/news"}],"author":[{"embeddable":true,"href":"https:\/\/publikumskonferenz.de\/blog\/wp-json\/wp\/v2\/users\/2"}],"replies":[{"embeddable":true,"href":"https:\/\/publikumskonferenz.de\/blog\/wp-json\/wp\/v2\/comments?post=8861"}],"wp:attachment":[{"href":"https:\/\/publikumskonferenz.de\/blog\/wp-json\/wp\/v2\/media?parent=8861"}],"wp:term":[{"taxonomy":"category","embeddable":true,"href":"https:\/\/publikumskonferenz.de\/blog\/wp-json\/wp\/v2\/categories?post=8861"},{"taxonomy":"newstags","embeddable":true,"href":"https:\/\/publikumskonferenz.de\/blog\/wp-json\/wp\/v2\/newstags?post=8861"}],"curies":[{"name":"wp","href":"https:\/\/api.w.org\/{rel}","templated":true}]}}