{"id":8950,"date":"2024-02-13T07:22:19","date_gmt":"2024-02-13T06:22:19","guid":{"rendered":"https:\/\/publikumskonferenz.de\/blog\/?post_type=news&#038;p=8950"},"modified":"2024-02-13T07:37:41","modified_gmt":"2024-02-13T06:37:41","slug":"rueckzug-des-oeffentlich-rechtlichen-rundfunks-auf-den-kernauftrag","status":"publish","type":"news","link":"https:\/\/publikumskonferenz.de\/blog\/news\/rueckzug-des-oeffentlich-rechtlichen-rundfunks-auf-den-kernauftrag\/","title":{"rendered":"\u201eR\u00fcckzug des \u00f6ffentlich-rechtlichen Rundfunks auf den Kernauftrag\u201c"},"content":{"rendered":"<p><strong>\u201eR\u00fcckzug des \u00f6ffentlich-rechtlichen Rundfunks auf den Kernauftrag\u201c<\/strong><\/p>\n<p>Arbeitsgemeinschaft Privater Rundfunk fordert eine kritische \u00dcberpr\u00fcfung der Gesch\u00e4ftspraktiken \u00f6ffentlich-rechtlicher Tochterunternehmen<\/p>\n<p>Interview mit Prof. Dr. Holger Paesler, Gesch\u00e4ftsf\u00fchrer der Arbeitsgemeinschaft Privater Rundfunk (APR)<\/p>\n<p>Das Landgericht M\u00fcnchen I hat in einem Eilverfahren entschieden, dass BRmedia mit bestimmten Werbeaussagen gegen das Gesetz gegen den unlauteren Wettbewerb (UWG) versto\u00dfen hat, unter anderem da diese nicht hinreichend durch die Studie &#8222;Abstrahleffekte&#8220; belegt sind. Das Gericht beanstandete, dass zahlreiche Werbeaussagen von BRmedia, die eine h\u00f6here Akzeptanz von Werbebotschaften bei H\u00f6rern der Sender BAYERN 1 und BAYERN 3 sowie eine positivere Bewertung einer fiktiven Marke im Umfeld dieser Sender suggerieren, nicht durch die Studie gest\u00fctzt werden. Solche irref\u00fchrenden und vergleichenden Werbeaussagen sind laut Gerichtsurteil in weiten Teilen unzul\u00e4ssig. Weiterhin ist auch die Ver\u00f6ffentlichung von Befragungsergebnissen, die einen direkten Vergleich zwischen Durchschnittswerten der beiden Einzelsender Bayern 1 und Bayern 3 mit ANTENNE BAYERN ziehen, nicht zul\u00e4ssig.<\/p>\n<p><a href=\"https:\/\/www.medienpolitik.net\/aktuelle-themen\/rueckzug-des-oeffentlich-rechtlichen-rundfunks-auf-den-kernau-494\">https:\/\/www.medienpolitik.net\/aktuelle-themen\/rueckzug-des-oeffentlich-rechtlichen-rundfunks-auf-den-kernau-494<\/a><\/p>\n<p>&nbsp;<\/p>\n<div class=\"twoclick_social_bookmarks_post_8950 social_share_privacy clearfix 1.6.4 locale-de_DE sprite-de_DE\"><\/div><div class=\"twoclick-js\"><script type=\"text\/javascript\">\/* <![CDATA[ *\/\njQuery(document).ready(function($){if($('.twoclick_social_bookmarks_post_8950')){$('.twoclick_social_bookmarks_post_8950').socialSharePrivacy({\"services\":{\"facebook\":{\"status\":\"on\",\"txt_info\":\"2 Klicks f\\u00fcr mehr Datenschutz: Erst wenn Sie hier klicken, wird der Button aktiv und Sie k\\u00f6nnen Ihre Empfehlung an Facebook senden. Schon beim Aktivieren werden Daten an Dritte \\u00fcbertragen - siehe <em>i<\\\/em>.\",\"perma_option\":\"off\",\"action\":\"like\",\"language\":\"de_DE\"},\"twitter\":{\"reply_to\":\"\",\"tweet_text\":\"%20%E2%80%9ER%C3%BCckzug%20des%20%C3%B6ffentlich-rechtlichen%20Rundfunks%20auf%20den%20Kernauftrag%E2%80%9C%20...\",\"status\":\"on\",\"txt_info\":\"2 Klicks f\\u00fcr mehr Datenschutz: Erst wenn Sie hier klicken, wird der Button aktiv und Sie k\\u00f6nnen Ihre Empfehlung an Twitter senden. Schon beim Aktivieren werden Daten an Dritte \\u00fcbertragen - siehe <em>i<\\\/em>.\",\"perma_option\":\"off\",\"language\":\"de\",\"referrer_track\":\"\"}},\"txt_help\":\"Wenn Sie diese Felder durch einen Klick aktivieren, werden Informationen an Facebook, Twitter, Flattr, Xing, t3n, LinkedIn, Pinterest oder Google eventuell ins Ausland \\u00fcbertragen und unter Umst\\u00e4nden auch dort gespeichert. N\\u00e4heres erfahren Sie durch einen Klick auf das <em>i<\\\/em>.\",\"settings_perma\":\"Dauerhaft aktivieren und Daten\\u00fcber-tragung zustimmen:\",\"info_link\":\"http:\\\/\\\/www.heise.de\\\/ct\\\/artikel\\\/2-Klicks-fuer-mehr-Datenschutz-1333879.html\",\"uri\":\"https:\\\/\\\/publikumskonferenz.de\\\/blog\\\/news\\\/rueckzug-des-oeffentlich-rechtlichen-rundfunks-auf-den-kernauftrag\\\/\",\"post_id\":8950,\"post_title_referrer_track\":\"%E2%80%9ER%C3%BCckzug+des+%C3%B6ffentlich-rechtlichen+Rundfunks+auf+den+Kernauftrag%E2%80%9C\",\"display_infobox\":\"on\"});}});\n\/* ]]> *\/<\/script><\/div>","protected":false},"excerpt":{"rendered":"<p>\u201eR\u00fcckzug des \u00f6ffentlich-rechtlichen Rundfunks auf den Kernauftrag\u201c Arbeitsgemeinschaft Privater Rundfunk fordert eine kritische \u00dcberpr\u00fcfung der Gesch\u00e4ftspraktiken \u00f6ffentlich-rechtlicher Tochterunternehmen Interview mit Prof. Dr. Holger Paesler, Gesch\u00e4ftsf\u00fchrer der Arbeitsgemeinschaft Privater Rundfunk (APR) Das Landgericht M\u00fcnchen I hat in einem Eilverfahren entschieden, dass &hellip;<\/p>\n<p class=\"read-more\"> <a class=\"more-link\" href=\"https:\/\/publikumskonferenz.de\/blog\/news\/rueckzug-des-oeffentlich-rechtlichen-rundfunks-auf-den-kernauftrag\/\"> <span class=\"screen-reader-text\">\u201eR\u00fcckzug des \u00f6ffentlich-rechtlichen Rundfunks auf den Kernauftrag\u201c<\/span> Weiterlesen &raquo;<\/a><\/p>\n","protected":false},"author":2,"featured_media":0,"comment_status":"closed","ping_status":"closed","template":"","categories":[],"newstags":[],"class_list":["post-8950","news","type-news","status-publish","hentry"],"_links":{"self":[{"href":"https:\/\/publikumskonferenz.de\/blog\/wp-json\/wp\/v2\/news\/8950","targetHints":{"allow":["GET"]}}],"collection":[{"href":"https:\/\/publikumskonferenz.de\/blog\/wp-json\/wp\/v2\/news"}],"about":[{"href":"https:\/\/publikumskonferenz.de\/blog\/wp-json\/wp\/v2\/types\/news"}],"author":[{"embeddable":true,"href":"https:\/\/publikumskonferenz.de\/blog\/wp-json\/wp\/v2\/users\/2"}],"replies":[{"embeddable":true,"href":"https:\/\/publikumskonferenz.de\/blog\/wp-json\/wp\/v2\/comments?post=8950"}],"wp:attachment":[{"href":"https:\/\/publikumskonferenz.de\/blog\/wp-json\/wp\/v2\/media?parent=8950"}],"wp:term":[{"taxonomy":"category","embeddable":true,"href":"https:\/\/publikumskonferenz.de\/blog\/wp-json\/wp\/v2\/categories?post=8950"},{"taxonomy":"newstags","embeddable":true,"href":"https:\/\/publikumskonferenz.de\/blog\/wp-json\/wp\/v2\/newstags?post=8950"}],"curies":[{"name":"wp","href":"https:\/\/api.w.org\/{rel}","templated":true}]}}