{"id":8957,"date":"2024-02-19T09:59:46","date_gmt":"2024-02-19T08:59:46","guid":{"rendered":"https:\/\/publikumskonferenz.de\/blog\/?post_type=news&#038;p=8957"},"modified":"2024-02-19T09:59:46","modified_gmt":"2024-02-19T08:59:46","slug":"wann-wird-ein-krieg-nachrichtenrelevant","status":"publish","type":"news","link":"https:\/\/publikumskonferenz.de\/blog\/news\/wann-wird-ein-krieg-nachrichtenrelevant\/","title":{"rendered":"Wann wird ein Krieg \u201cnachrichtenrelevant\u201d?"},"content":{"rendered":"<p><strong>Wann wird ein Krieg \u201cnachrichtenrelevant\u201d?<\/strong><\/p>\n<p>Aktuell wird \u00fcber die milit\u00e4rischen Auseinandersetzungen mit den Huthi-Rebellen im Jemen berichtet. In den Nachrichten spielte das Land vor den Angriffen auf Handelsschiffe, die das Rote Meer durchquerten, kaum eine Rolle und das obwohl die Vereinten Nationen die Lage im Jemen seit Jahren als \u201eschlimmste humanit\u00e4re Krise weltweit\u201c bezeichnet haben. Zahlreiche Kriege und Katastrophen, die sich im Globalen S\u00fcden ereignen, finden abseits der \u00f6ffentlichen Aufmerksamkeit statt. Woran liegt das? [\u2026]<\/p>\n<p>Erschreckend ist dass der Jemen erst jetzt nach der Gef\u00e4hrdung von politischen und \u00f6konomischen Interessen des sog. Westens in den Nachrichten auftaucht. Fast k\u00f6nnte man meinen, dass vorher im Land an der S\u00fcdspitze der arabischen Halbinsel nichts Berichtenswertes geschehen w\u00e4re. Vergeblich durchsucht man die Nachrichtendatenbanken vor 2024 nach dem Jemen. Au\u00dfer einzelnen verstreuten Berichten wird man kaum f\u00fcndig.<\/p>\n<p>Dabei herrscht im Jemen seit 2015, also seit mittlerweile neun Jahren, ein B\u00fcrgerkrieg zwischen der von Saudi-Arabien unterst\u00fctzten jemenitischen Regierung und den Iran nahestehenden Huthi-Rebellen. Die Urspr\u00fcnge der milit\u00e4rischen Auseinandersetzungen im Jemen reichen aber weiter zur\u00fcck. Zwei Jahrzehnte Krieg seit dem Aufstand der Huthi gegen die Regierung im Jahr 2004 haben das Land in Tr\u00fcmmer gelegt. 2017 wurde der Jemen von der gr\u00f6\u00dften jemals gemessenen Choleraepidemie heimgesucht, Sch\u00e4tzungen zufolge starben in Folge des B\u00fcrgerkriegs alleine bis Ende 2021 ca. 377.000 Menschen. Bis heute sind laut UNICEF drei Viertel der Bev\u00f6lkerung auf humanit\u00e4re Unterst\u00fctzung angewiesen. \u00dcber eine halbe Million Kinder unter f\u00fcnf Jahren sind lebensbedrohlich mangelern\u00e4hrt. Die Vereinten Nationen stuften die Lage im Jemen seit Jahren als \u201eschlimmste humanit\u00e4re Krise weltweit\u201c ein.<\/p>\n<p>Offensichtlich haben das Leid und die humanit\u00e4re Katastrophe im Land aber nicht ausgereicht, um medial ernsthaft thematisiert zu werden. Der Jemen kam, das zeigt eine vor der Ver\u00f6ffentlichung stehende Untersuchung des Autors dieses Beitrags, in den Nachrichten praktisch nicht vor. [\u2026]<\/p>\n<p>Leider stellt der Jemen keine Ausnahme dar. Als \u201et\u00f6dlichster Krieg des 21. Jahrhunderts\u201c gilt der B\u00fcrgerkrieg in der nord\u00e4thiopischen Region Tigray, in den auch Eritrea verwickelt war und der zwischen 2020 und 2022 sch\u00e4tzungsweise bis zu 600.000 Menschenleben forderte. In den Nachrichten wurde hier\u00fcber aber wie \u00fcber die dokumentierten Kriegsverbrechen kaum berichtet. [\u2026]<\/p>\n<p>Die Liste der medial vernachl\u00e4ssigten Krisen, Kriege und Katastrophen lie\u00dfe sich leicht verl\u00e4ngern. Die Hilfsorganisation CARE hat im Januar 2024 einen Bericht mit den zehn am st\u00e4rksten vernachl\u00e4ssigten Krisengebieten ver\u00f6ffentlicht, die alle in Afrika liegen. [\u2026]<\/p>\n<p>Im Durchschnitt besch\u00e4ftigen sich Nachrichtenmedien in lediglich etwa zehn Prozent ihrer Sendezeit oder Beitragsseiten mit den L\u00e4ndern des Globalen S\u00fcdens, obwohl dort etwa 85 Prozent der Weltbev\u00f6lkerung lebt. Im vergangenen Jahr 2023 waren es in der Tagesschau insgesamt 15 Prozent, was, wie eine genauere geografische Aufschl\u00fcsselung zeigt, auf den Krieg in Israel und Gaza in der MENA (Middle East North Africa)-Region zur\u00fcckzuf\u00fchren ist. [\u2026]<\/p>\n<p>Kriege ohne unmittelbare Auswirkungen auf den Globalen Norden, seien sie aus humanit\u00e4ren Gesichtspunkten auch noch so tragisch, werden in der Regel in den Nachrichten nur \u00e4u\u00dferst peripher registriert. [\u2026]<\/p>\n<p>Berichtet wird anscheinend erst, wenn Menschen oder Interessen des Globalen Nordens in irgendeiner Form betroffen sind. Es ist erschreckend, an einem konkreten und ganz realen Beispiel festzustellen, dass humanit\u00e4re Katastrophen und menschliches Leid ganz offensichtlich alleine nicht ausreichen, um in den Nachrichten wahrgenommen zu werden, wenn die betroffenen Gebiete im Globalen S\u00fcden liegen.<\/p>\n<p><a href=\"https:\/\/de.ejo-online.eu\/qualitaet-ethik\/wann-wird-ein-krieg-nachrichtenrelevant\">https:\/\/de.ejo-online.eu\/qualitaet-ethik\/wann-wird-ein-krieg-nachrichtenrelevant<\/a><\/p>\n<div class=\"twoclick_social_bookmarks_post_8957 social_share_privacy clearfix 1.6.4 locale-de_DE sprite-de_DE\"><\/div><div class=\"twoclick-js\"><script type=\"text\/javascript\">\/* <![CDATA[ *\/\njQuery(document).ready(function($){if($('.twoclick_social_bookmarks_post_8957')){$('.twoclick_social_bookmarks_post_8957').socialSharePrivacy({\"services\":{\"facebook\":{\"status\":\"on\",\"txt_info\":\"2 Klicks f\\u00fcr mehr Datenschutz: Erst wenn Sie hier klicken, wird der Button aktiv und Sie k\\u00f6nnen Ihre Empfehlung an Facebook senden. Schon beim Aktivieren werden Daten an Dritte \\u00fcbertragen - siehe <em>i<\\\/em>.\",\"perma_option\":\"off\",\"action\":\"like\",\"language\":\"de_DE\"},\"twitter\":{\"reply_to\":\"\",\"tweet_text\":\"%20Wann%20wird%20ein%20Krieg%20%E2%80%9Cnachrichtenrelevant%E2%80%9D%3F%20%C2%BB%20St%C3%A4ndige%20...\",\"status\":\"on\",\"txt_info\":\"2 Klicks f\\u00fcr mehr Datenschutz: Erst wenn Sie hier klicken, wird der Button aktiv und Sie k\\u00f6nnen Ihre Empfehlung an Twitter senden. Schon beim Aktivieren werden Daten an Dritte \\u00fcbertragen - siehe <em>i<\\\/em>.\",\"perma_option\":\"off\",\"language\":\"de\",\"referrer_track\":\"\"}},\"txt_help\":\"Wenn Sie diese Felder durch einen Klick aktivieren, werden Informationen an Facebook, Twitter, Flattr, Xing, t3n, LinkedIn, Pinterest oder Google eventuell ins Ausland \\u00fcbertragen und unter Umst\\u00e4nden auch dort gespeichert. N\\u00e4heres erfahren Sie durch einen Klick auf das <em>i<\\\/em>.\",\"settings_perma\":\"Dauerhaft aktivieren und Daten\\u00fcber-tragung zustimmen:\",\"info_link\":\"http:\\\/\\\/www.heise.de\\\/ct\\\/artikel\\\/2-Klicks-fuer-mehr-Datenschutz-1333879.html\",\"uri\":\"https:\\\/\\\/publikumskonferenz.de\\\/blog\\\/news\\\/wann-wird-ein-krieg-nachrichtenrelevant\\\/\",\"post_id\":8957,\"post_title_referrer_track\":\"Wann+wird+ein+Krieg+%E2%80%9Cnachrichtenrelevant%E2%80%9D%3F\",\"display_infobox\":\"on\"});}});\n\/* ]]> *\/<\/script><\/div>","protected":false},"excerpt":{"rendered":"<p>Wann wird ein Krieg \u201cnachrichtenrelevant\u201d? Aktuell wird \u00fcber die milit\u00e4rischen Auseinandersetzungen mit den Huthi-Rebellen im Jemen berichtet. In den Nachrichten spielte das Land vor den Angriffen auf Handelsschiffe, die das Rote Meer durchquerten, kaum eine Rolle und das obwohl die &hellip;<\/p>\n<p class=\"read-more\"> <a class=\"more-link\" href=\"https:\/\/publikumskonferenz.de\/blog\/news\/wann-wird-ein-krieg-nachrichtenrelevant\/\"> <span class=\"screen-reader-text\">Wann wird ein Krieg \u201cnachrichtenrelevant\u201d?<\/span> Weiterlesen &raquo;<\/a><\/p>\n","protected":false},"author":2,"featured_media":0,"comment_status":"closed","ping_status":"closed","template":"","categories":[],"newstags":[],"class_list":["post-8957","news","type-news","status-publish","hentry"],"_links":{"self":[{"href":"https:\/\/publikumskonferenz.de\/blog\/wp-json\/wp\/v2\/news\/8957","targetHints":{"allow":["GET"]}}],"collection":[{"href":"https:\/\/publikumskonferenz.de\/blog\/wp-json\/wp\/v2\/news"}],"about":[{"href":"https:\/\/publikumskonferenz.de\/blog\/wp-json\/wp\/v2\/types\/news"}],"author":[{"embeddable":true,"href":"https:\/\/publikumskonferenz.de\/blog\/wp-json\/wp\/v2\/users\/2"}],"replies":[{"embeddable":true,"href":"https:\/\/publikumskonferenz.de\/blog\/wp-json\/wp\/v2\/comments?post=8957"}],"wp:attachment":[{"href":"https:\/\/publikumskonferenz.de\/blog\/wp-json\/wp\/v2\/media?parent=8957"}],"wp:term":[{"taxonomy":"category","embeddable":true,"href":"https:\/\/publikumskonferenz.de\/blog\/wp-json\/wp\/v2\/categories?post=8957"},{"taxonomy":"newstags","embeddable":true,"href":"https:\/\/publikumskonferenz.de\/blog\/wp-json\/wp\/v2\/newstags?post=8957"}],"curies":[{"name":"wp","href":"https:\/\/api.w.org\/{rel}","templated":true}]}}