{"id":8965,"date":"2024-02-21T07:22:23","date_gmt":"2024-02-21T06:22:23","guid":{"rendered":"https:\/\/publikumskonferenz.de\/blog\/?post_type=news&#038;p=8965"},"modified":"2024-02-21T07:22:31","modified_gmt":"2024-02-21T06:22:31","slug":"anklage-gegen-semsrott-frag-den-staat-chef-muss-vor-gericht","status":"publish","type":"news","link":"https:\/\/publikumskonferenz.de\/blog\/news\/anklage-gegen-semsrott-frag-den-staat-chef-muss-vor-gericht\/","title":{"rendered":"Anklage gegen Semsrott: \u201eFrag den Staat\u201c-Chef muss vor Gericht"},"content":{"rendered":"<p><strong>Anklage gegen Semsrott: \u201eFrag den Staat\u201c-Chef muss vor Gericht<\/strong><\/p>\n<p>Nach den Durchsuchungen bei der Letzten Generation hat Arne Semsrott Gerichtsbeschl\u00fcsse ver\u00f6ffentlicht. Er will pr\u00fcfen lassen, ob ein Verbot dagegen mit der Pressefreiheit vereinbar ist. Auch die Staatsanwaltschaft will das kl\u00e4ren.<\/p>\n<p>Wie am Dienstag bekannt geworden ist, hat die Staatsanwaltschaft Berlin Ende Januar Anklage gegen den Journalisten und Aktivisten Arne Semsrott erhoben. Sie wirft dem Chefredakteur der Plattform \u201eFrag den Staat\u201c einen Versto\u00df gegen Paragraph 353d Nr. 3 Strafgesetzbuch vor. Demnach macht sich strafbar, wer eine Anklage oder andere amtliche Dokumente eines Strafverfahrens \u201eganz oder in wesentlichen Teilen im Wortlaut \u00f6ffentlich mitteilt, bevor sie in \u00f6ffentlicher Verhandlung er\u00f6rtert worden sind oder das Verfahren abgeschlossen ist.\u201c<\/p>\n<p>Ihm geht es darum, kl\u00e4ren zu lassen, ob die Strafnorm mit der Pressefreiheit vereinbar ist. Einen Bedarf daf\u00fcr scheint auch die Staatsanwaltschaft zu erkennen.<br \/>\n<a href=\"https:\/\/www.faz.net\/aktuell\/feuilleton\/medien\/frag-den-staat-chef-arne-semsrott-muss-vor-gericht-19533230.html\">https:\/\/www.faz.net\/aktuell\/feuilleton\/medien\/frag-den-staat-chef-arne-semsrott-muss-vor-gericht-19533230.html<\/a><\/p>\n<p>Letztes Jahr ver\u00f6ffentlichte die Transparenzplattform FragDenStaat Gerichtsdokumente, \u00fcber die das ganze Land sprach. Die Staatsanwaltschaft ermittelte daraufhin und hat jetzt Anklage gegen Chefredakteur Arne Semsrott erhoben. Das war geplant: Die Aktivisten nutzen den Fall strategisch, um f\u00fcr die Pressefreiheit zu k\u00e4mpfen.<\/p>\n<p><a href=\"https:\/\/netzpolitik.org\/2024\/pressefreiheit-arne-semsrott-von-fragdenstaat-angeklagt-wegen-veroeffentlichung-von-gerichtsdokumenten\/\">https:\/\/netzpolitik.org\/2024\/pressefreiheit-arne-semsrott-von-fragdenstaat-angeklagt-wegen-veroeffentlichung-von-gerichtsdokumenten\/<\/a><\/p>\n<p>\u201eParagraph gef\u00e4hrdet Pressefreiheit\u201c: Die Staatsanwaltschaft Berlin hat gegen den Journalisten und Chefredakteur von FragDenStaat, Arne Semsrott, Anklage erhoben. Sie wirft ihm vor, drei Dokumente aus einem laufenden Ermittlungsverfahren im Netz ver\u00f6ffentlicht zu haben. Damit soll Semsrott gegen den \u00a7353d Nr. 3 Strafgesetzbuch versto\u00dfen haben. Der verbietet die wortgetreue Ver\u00f6ffentlichung von Passagen amtlicher Dokumente aus laufenden Ermittlungsverfahren. Die Gesellschaft f\u00fcr Freiheitsrechte (GFF) und Strafverteidiger Lukas Theune unterst\u00fctzen Semsrott und FragDenStaat in dem Strafverfahren.<\/p>\n<p><a href=\"https:\/\/mmm.verdi.de\/aktuelle-meldungen\/paragraph-gefaehrdet-pressefreiheit-95267\">https:\/\/mmm.verdi.de\/aktuelle-meldungen\/paragraph-gefaehrdet-pressefreiheit-95267<\/a><\/p>\n<div class=\"twoclick_social_bookmarks_post_8965 social_share_privacy clearfix 1.6.4 locale-de_DE sprite-de_DE\"><\/div><div class=\"twoclick-js\"><script type=\"text\/javascript\">\/* <![CDATA[ *\/\njQuery(document).ready(function($){if($('.twoclick_social_bookmarks_post_8965')){$('.twoclick_social_bookmarks_post_8965').socialSharePrivacy({\"services\":{\"facebook\":{\"status\":\"on\",\"txt_info\":\"2 Klicks f\\u00fcr mehr Datenschutz: Erst wenn Sie hier klicken, wird der Button aktiv und Sie k\\u00f6nnen Ihre Empfehlung an Facebook senden. Schon beim Aktivieren werden Daten an Dritte \\u00fcbertragen - siehe <em>i<\\\/em>.\",\"perma_option\":\"off\",\"action\":\"like\",\"language\":\"de_DE\"},\"twitter\":{\"reply_to\":\"\",\"tweet_text\":\"%20Anklage%20gegen%20Semsrott%3A%20%E2%80%9EFrag%20den%20Staat%E2%80%9C-Chef%20muss%20vor%20Gericht%20%C2%BB%20...\",\"status\":\"on\",\"txt_info\":\"2 Klicks f\\u00fcr mehr Datenschutz: Erst wenn Sie hier klicken, wird der Button aktiv und Sie k\\u00f6nnen Ihre Empfehlung an Twitter senden. Schon beim Aktivieren werden Daten an Dritte \\u00fcbertragen - siehe <em>i<\\\/em>.\",\"perma_option\":\"off\",\"language\":\"de\",\"referrer_track\":\"\"}},\"txt_help\":\"Wenn Sie diese Felder durch einen Klick aktivieren, werden Informationen an Facebook, Twitter, Flattr, Xing, t3n, LinkedIn, Pinterest oder Google eventuell ins Ausland \\u00fcbertragen und unter Umst\\u00e4nden auch dort gespeichert. N\\u00e4heres erfahren Sie durch einen Klick auf das <em>i<\\\/em>.\",\"settings_perma\":\"Dauerhaft aktivieren und Daten\\u00fcber-tragung zustimmen:\",\"info_link\":\"http:\\\/\\\/www.heise.de\\\/ct\\\/artikel\\\/2-Klicks-fuer-mehr-Datenschutz-1333879.html\",\"uri\":\"https:\\\/\\\/publikumskonferenz.de\\\/blog\\\/news\\\/anklage-gegen-semsrott-frag-den-staat-chef-muss-vor-gericht\\\/\",\"post_id\":8965,\"post_title_referrer_track\":\"Anklage+gegen+Semsrott%3A+%E2%80%9EFrag+den+Staat%E2%80%9C-Chef+muss+vor+Gericht\",\"display_infobox\":\"on\"});}});\n\/* ]]> *\/<\/script><\/div>","protected":false},"excerpt":{"rendered":"<p>Anklage gegen Semsrott: \u201eFrag den Staat\u201c-Chef muss vor Gericht Nach den Durchsuchungen bei der Letzten Generation hat Arne Semsrott Gerichtsbeschl\u00fcsse ver\u00f6ffentlicht. Er will pr\u00fcfen lassen, ob ein Verbot dagegen mit der Pressefreiheit vereinbar ist. Auch die Staatsanwaltschaft will das kl\u00e4ren. &hellip;<\/p>\n<p class=\"read-more\"> <a class=\"more-link\" href=\"https:\/\/publikumskonferenz.de\/blog\/news\/anklage-gegen-semsrott-frag-den-staat-chef-muss-vor-gericht\/\"> <span class=\"screen-reader-text\">Anklage gegen Semsrott: \u201eFrag den Staat\u201c-Chef muss vor Gericht<\/span> Weiterlesen &raquo;<\/a><\/p>\n","protected":false},"author":2,"featured_media":0,"comment_status":"closed","ping_status":"closed","template":"","categories":[],"newstags":[],"class_list":["post-8965","news","type-news","status-publish","hentry"],"_links":{"self":[{"href":"https:\/\/publikumskonferenz.de\/blog\/wp-json\/wp\/v2\/news\/8965","targetHints":{"allow":["GET"]}}],"collection":[{"href":"https:\/\/publikumskonferenz.de\/blog\/wp-json\/wp\/v2\/news"}],"about":[{"href":"https:\/\/publikumskonferenz.de\/blog\/wp-json\/wp\/v2\/types\/news"}],"author":[{"embeddable":true,"href":"https:\/\/publikumskonferenz.de\/blog\/wp-json\/wp\/v2\/users\/2"}],"replies":[{"embeddable":true,"href":"https:\/\/publikumskonferenz.de\/blog\/wp-json\/wp\/v2\/comments?post=8965"}],"wp:attachment":[{"href":"https:\/\/publikumskonferenz.de\/blog\/wp-json\/wp\/v2\/media?parent=8965"}],"wp:term":[{"taxonomy":"category","embeddable":true,"href":"https:\/\/publikumskonferenz.de\/blog\/wp-json\/wp\/v2\/categories?post=8965"},{"taxonomy":"newstags","embeddable":true,"href":"https:\/\/publikumskonferenz.de\/blog\/wp-json\/wp\/v2\/newstags?post=8965"}],"curies":[{"name":"wp","href":"https:\/\/api.w.org\/{rel}","templated":true}]}}