{"id":9547,"date":"2024-09-06T08:50:24","date_gmt":"2024-09-06T07:50:24","guid":{"rendered":"https:\/\/publikumskonferenz.de\/blog\/?post_type=news&#038;p=9547"},"modified":"2024-09-06T08:50:24","modified_gmt":"2024-09-06T07:50:24","slug":"ampel-regierung-bezahlte-ard-und-zdf-journalisten-mehr-als-587-000-euro-honorar","status":"publish","type":"news","link":"https:\/\/publikumskonferenz.de\/blog\/news\/ampel-regierung-bezahlte-ard-und-zdf-journalisten-mehr-als-587-000-euro-honorar\/","title":{"rendered":"Ampel-Regierung bezahlte ARD- und ZDF-Journalisten mehr als 587.000 Euro Honorar!"},"content":{"rendered":"<p>Der fraktionslose Abgeordnete des Bundestags, Thomas Seitz, fragte schriftlich bei der Bundesregierung nach:<\/p>\n<p><em>Welche Kosten sind von der Ampel durch die Beauftragung von ARD- und ZDF-Journalisten entstanden?\u00a0<\/em><\/p>\n<p>Die Antwort muss die Regierung innerhalb von einer Woche liefern. Sie teilt jedoch mit, dass man in der K\u00fcrze der Zeit keine genauen Angaben machen k\u00f6nne. In der Antwort hei\u00dft es: \u201eSoweit die Zugeh\u00f6rigkeit zum Zeitpunkt der Beauftragung bekannt ist und es innerhalb der f\u00fcr schriftliche Fragen zur Verf\u00fcgung stehenden Frist ermittelbar war, k\u00f6nnen die Daten im Sinne der Fragestellung f\u00fcr Veranstaltungen unter Beteiligung von Mitgliedern der Bundesregierung der nachstehenden \u00dcbersicht entnommen werden.\u201c<\/p>\n<p><strong>Die mitgelieferte Tabelle zeigt die Zahlen:<\/strong><\/p>\n<ul>\n<li>Das Ausw\u00e4rtige Amt zahlte 3.912,90 Euro Honorar an ARD- und ZDF-Journalisten f\u00fcr zwei Veranstaltungen.<\/li>\n<li>Kulturstaatsministerin Claudia Roth zahlte mit ihrer Beh\u00f6rde 19.832,90 Euro Honorar an ARD- und ZDF-Journalisten f\u00fcr neun Veranstaltungen.<\/li>\n<li>Das Arbeitsministerium zahlte 63.206 Euro Honorar an ARD- und ZDF-Journalisten f\u00fcr 16 Veranstaltungen.<\/li>\n<li>Das Bildungsministerium zahlte 128.300 Euro Honorar an ARD- und ZDF-Journalisten f\u00fcr 34 Veranstaltungen.<\/li>\n<li>Das Verkehrsministerium zahlte circa 230.000 Euro (Sch\u00e4tzung laut Ampel-Regierung) Honorar an ARD- und ZDF-Journalisten f\u00fcr 107 Veranstaltungen.<\/li>\n<li>Das Landwirtschaftsministerium unter der F\u00fchrung von Cem \u00d6zdemir zahlte 27.370 Euro Honorar an ARD- und ZDF-Journalisten f\u00fcr 3 Veranstaltungen.<\/li>\n<li>Das Finanzministerium zahlte 14.973,14 Euro Honorar\u00a0an ARD- und ZDF-Journalisten f\u00fcr vier Veranstaltungen.<\/li>\n<li>Familienministerin Lisa Paus investierte mit ihrer Beh\u00f6rde 20.372 Euro in ARD- und ZDF-Journalisten f\u00fcr f\u00fcnf Veranstaltungen. Das sind mehr als 4.000 Euro pro Auftrag.<\/li>\n<\/ul>\n<p>Mehr: <a href=\"https:\/\/www.nius.de\/articles\/ampel-regierung-bezahlte-ard-und-zdf-journalisten-mehr-als-587-000-euro-honorar\/d802bd45-2acf-4246-8ef8-df83b16e95e6\">https:\/\/www.nius.de\/articles\/ampel-regierung-bezahlte-ard-und-zdf-journalisten-mehr-als-587-000-euro-honorar\/d802bd45-2acf-4246-8ef8-df83b16e95e6<\/a><\/p>\n<p>Journalisten haben in den vergangenen Jahren f\u00fcr die Bundesregierung gearbeitet und dabei ordentlich kassiert. Das geht aus einer Liste hervor, die bereits Anfang 2023 der Berliner Zeitung vorlag. Darin werden Honorare abgebildet, die der Staat an Journalisten zahlte.<\/p>\n<p class=\"article_paragraph__hXYKJ paywall\">Mehr als die H\u00e4lfte (rund 900.000 Euro) der gesamten Honorarsumme entfiel zwischen Ende 2017 und 2022 an Journalisten des \u00d6RR und des Auslandssenders der Deutschen Welle. Neben ARD und ZDF z\u00e4hlen auch Journalisten beim WDR und RBB zu den insgesamt 116 Profiteuren beim \u00d6RR. Bei den privaten Medien f\u00e4llt die Zahl etwas kleiner aus: Hier flossen an 84 Journalisten\u00a0unter anderem vom Spiegel, der Zeit und vom Tagesspiegel rund 600.000 Euro.<\/p>\n<p class=\"article_paragraph__hXYKJ paywall\">Das Bundesministerium f\u00fcr Bildung und Forschung (BMBF) liegt auf Platz eins mit rund 200.000 Euro, zumindest wenn es um die Vergabe von Honoraren an Journalisten des \u00d6RR geht. Es folgt das Bundesministerium f\u00fcr Wirtschaft und Klimaschutz (BMWK) mit rund 143.000 Euro. Pressevertreter von privaten Sendern und Zeitungen erhielten von den benannten Ministerien im Gegensatz \u201enur\u201c 96.000 Euro (BMBF) bzw. 56.000 Euro (BMWK).<\/p>\n<p><a href=\"https:\/\/www.berliner-zeitung.de\/politik-gesellschaft\/journalismus-der-fall-linda-zervakis-ueppige-verguetungen-fuer-reporter-von-ard-und-zdf-regierungszahlungen-an-oeffentlich-rechtliche-journalisten-das-ist-die-liste-der-honorare-li.325671\">https:\/\/www.berliner-zeitung.de\/politik-gesellschaft\/journalismus-der-fall-linda-zervakis-ueppige-verguetungen-fuer-reporter-von-ard-und-zdf-regierungszahlungen-an-oeffentlich-rechtliche-journalisten-das-ist-die-liste-der-honorare-li.325671<\/a><\/p>\n<div class=\"twoclick_social_bookmarks_post_9547 social_share_privacy clearfix 1.6.4 locale-de_DE sprite-de_DE\"><\/div><div class=\"twoclick-js\"><script type=\"text\/javascript\">\/* <![CDATA[ *\/\njQuery(document).ready(function($){if($('.twoclick_social_bookmarks_post_9547')){$('.twoclick_social_bookmarks_post_9547').socialSharePrivacy({\"services\":{\"facebook\":{\"status\":\"on\",\"txt_info\":\"2 Klicks f\\u00fcr mehr Datenschutz: Erst wenn Sie hier klicken, wird der Button aktiv und Sie k\\u00f6nnen Ihre Empfehlung an Facebook senden. Schon beim Aktivieren werden Daten an Dritte \\u00fcbertragen - siehe <em>i<\\\/em>.\",\"perma_option\":\"off\",\"action\":\"like\",\"language\":\"de_DE\"},\"twitter\":{\"reply_to\":\"\",\"tweet_text\":\"%20Ampel-Regierung%20bezahlte%20ARD-%20und%20ZDF-Journalisten%20mehr%20als%20587.000%20Euro%20Honorar%21%20...\",\"status\":\"on\",\"txt_info\":\"2 Klicks f\\u00fcr mehr Datenschutz: Erst wenn Sie hier klicken, wird der Button aktiv und Sie k\\u00f6nnen Ihre Empfehlung an Twitter senden. Schon beim Aktivieren werden Daten an Dritte \\u00fcbertragen - siehe <em>i<\\\/em>.\",\"perma_option\":\"off\",\"language\":\"de\",\"referrer_track\":\"\"}},\"txt_help\":\"Wenn Sie diese Felder durch einen Klick aktivieren, werden Informationen an Facebook, Twitter, Flattr, Xing, t3n, LinkedIn, Pinterest oder Google eventuell ins Ausland \\u00fcbertragen und unter Umst\\u00e4nden auch dort gespeichert. N\\u00e4heres erfahren Sie durch einen Klick auf das <em>i<\\\/em>.\",\"settings_perma\":\"Dauerhaft aktivieren und Daten\\u00fcber-tragung zustimmen:\",\"info_link\":\"http:\\\/\\\/www.heise.de\\\/ct\\\/artikel\\\/2-Klicks-fuer-mehr-Datenschutz-1333879.html\",\"uri\":\"https:\\\/\\\/publikumskonferenz.de\\\/blog\\\/news\\\/ampel-regierung-bezahlte-ard-und-zdf-journalisten-mehr-als-587-000-euro-honorar\\\/\",\"post_id\":9547,\"post_title_referrer_track\":\"Ampel-Regierung+bezahlte+ARD-+und+ZDF-Journalisten+mehr+als+587.000+Euro+Honorar%21\",\"display_infobox\":\"on\"});}});\n\/* ]]> *\/<\/script><\/div>","protected":false},"excerpt":{"rendered":"<p>Der fraktionslose Abgeordnete des Bundestags, Thomas Seitz, fragte schriftlich bei der Bundesregierung nach: Welche Kosten sind von der Ampel durch die Beauftragung von ARD- und ZDF-Journalisten entstanden?\u00a0 Die Antwort muss die Regierung innerhalb von einer Woche liefern. Sie teilt jedoch &hellip;<\/p>\n<p class=\"read-more\"> <a class=\"more-link\" href=\"https:\/\/publikumskonferenz.de\/blog\/news\/ampel-regierung-bezahlte-ard-und-zdf-journalisten-mehr-als-587-000-euro-honorar\/\"> <span class=\"screen-reader-text\">Ampel-Regierung bezahlte ARD- und ZDF-Journalisten mehr als 587.000 Euro Honorar!<\/span> Weiterlesen &raquo;<\/a><\/p>\n","protected":false},"author":2,"featured_media":0,"comment_status":"closed","ping_status":"closed","template":"","categories":[],"newstags":[],"class_list":["post-9547","news","type-news","status-publish","hentry"],"_links":{"self":[{"href":"https:\/\/publikumskonferenz.de\/blog\/wp-json\/wp\/v2\/news\/9547","targetHints":{"allow":["GET"]}}],"collection":[{"href":"https:\/\/publikumskonferenz.de\/blog\/wp-json\/wp\/v2\/news"}],"about":[{"href":"https:\/\/publikumskonferenz.de\/blog\/wp-json\/wp\/v2\/types\/news"}],"author":[{"embeddable":true,"href":"https:\/\/publikumskonferenz.de\/blog\/wp-json\/wp\/v2\/users\/2"}],"replies":[{"embeddable":true,"href":"https:\/\/publikumskonferenz.de\/blog\/wp-json\/wp\/v2\/comments?post=9547"}],"wp:attachment":[{"href":"https:\/\/publikumskonferenz.de\/blog\/wp-json\/wp\/v2\/media?parent=9547"}],"wp:term":[{"taxonomy":"category","embeddable":true,"href":"https:\/\/publikumskonferenz.de\/blog\/wp-json\/wp\/v2\/categories?post=9547"},{"taxonomy":"newstags","embeddable":true,"href":"https:\/\/publikumskonferenz.de\/blog\/wp-json\/wp\/v2\/newstags?post=9547"}],"curies":[{"name":"wp","href":"https:\/\/api.w.org\/{rel}","templated":true}]}}