{"id":9556,"date":"2024-09-07T18:24:37","date_gmt":"2024-09-07T17:24:37","guid":{"rendered":"https:\/\/publikumskonferenz.de\/blog\/?post_type=news&#038;p=9556"},"modified":"2024-09-07T19:45:14","modified_gmt":"2024-09-07T18:45:14","slug":"medienpreise-nominierung-von-mittelmass-anmassung-und-agendasetting","status":"publish","type":"news","link":"https:\/\/publikumskonferenz.de\/blog\/news\/medienpreise-nominierung-von-mittelmass-anmassung-und-agendasetting\/","title":{"rendered":"Medienpreise &#8211; Nominierung von Mittelma\u00df, Anma\u00dfung und Agendasetting"},"content":{"rendered":"<p><strong>Die Besten am Mikro: Wer den Deutschen Radiopreis gewann<\/strong><\/p>\n<p>Mit rund 1.000 G\u00e4sten feierte die Radiobranche am Donnerstagabend ihre Besten. Die beste morgendliche Primetime schrieb die Jury dabei Radioeins zu, die beste Moderatorin kommt von 98.8 KISS FM, vom WDR kam sowohl die beste Sendung als auch die Beste Reportage.<\/p>\n<p><a href=\"https:\/\/www.dwdl.de\/nachrichten\/99464\/die_besten_am_mikro_wer_den_deutschen_radiopreis_gewann\/\">https:\/\/www.dwdl.de\/nachrichten\/99464\/die_besten_am_mikro_wer_den_deutschen_radiopreis_gewann\/<\/a><\/p>\n<p><strong>Deutscher Fernsehpreis<\/strong><\/p>\n<p>Filme zum Krieg in der Ukraine und dem Terror der Hamas dominieren beim Deutschen Fernsehpreis in der Information. Auch Louis Klamroth, Sandra Maischberger und Kim Frank k\u00f6nnen auf eine Auszeichnung hoffen. Ebenfalls nominiert: Ansager &amp; Schnipselmann.<\/p>\n<p><a href=\"https:\/\/www.dwdl.de\/fernsehpreis2024\/99449\/louis_klamroth_sandra_maischberger_und_ganz_viel_krieg\/\">https:\/\/www.dwdl.de\/fernsehpreis2024\/99449\/louis_klamroth_sandra_maischberger_und_ganz_viel_krieg\/<\/a><\/p>\n<p>W\u00e4hrend &#8222;Lass dich \u00fcberwachen&#8220; und &#8222;Let&#8217;s Dance&#8220; das Nominiertenfeld anf\u00fchrten, gab&#8217;s vor allem im Reality-Bereich viel Neues &#8211; von den &#8222;Verr\u00e4tern&#8220; bis &#8222;Kaulitz &amp; Kaulitz&#8220;. Und dann war da ja auch noch der wildeste Tag in der ProSieben-Geschichte<\/p>\n<p><a href=\"https:\/\/www.dwdl.de\/fernsehpreis2024\/99446\/verraeter_ueberwacher_taenzer_und_teddy_und_etwas_hollywood\/\">https:\/\/www.dwdl.de\/fernsehpreis2024\/99446\/verraeter_ueberwacher_taenzer_und_teddy_und_etwas_hollywood\/<\/a><\/p>\n<p>Die ARD-Serie &#8222;Die Zweiflers&#8220; heimste die meisten Nominierungen ein, gefolgt von &#8222;Deutsches Haus&#8220; &#8211; generell f\u00e4llt in diesem Jahr die enorme Bandbreite an Genres und Plattformen unter den Nominierten in der Fiktion auf.<\/p>\n<p><a href=\"https:\/\/www.dwdl.de\/fernsehpreis2024\/99438\/mehr_serien_als_je_zuvor_und_die_zweiflers_ganz_weit_vorn\/\">https:\/\/www.dwdl.de\/fernsehpreis2024\/99438\/mehr_serien_als_je_zuvor_und_die_zweiflers_ganz_weit_vorn\/<\/a><\/p>\n<p><strong>ZDF hat bei den Nominierungen f\u00fcr den Deutschen Fernsehpreis die Nase vorn<\/strong><\/p>\n<p>An zwei Tagen Ende September werden in K\u00f6ln die Gewinner beim 25. Deutschen Fernsehpreis ausgezeichnet. Doch wie bei Olympia gilt auch in der TV- und Streaming-Branche die Devise: Dabei und nominiert zu sein ist (fast) alles. Wer sich diesmal Hoffnungen machen kann \u2013 und welches Zeugnis Jury-Chef Wolf Bauer den Kreativen ausstellt.<\/p>\n<p><a href=\"https:\/\/meedia.de\/news\/beitrag\/17593-zdf-hat-bei-den-nominierungen-fuer-den-deutschen-fernsehpreis-die-nase-vorn.html\">https:\/\/meedia.de\/news\/beitrag\/17593-zdf-hat-bei-den-nominierungen-fuer-den-deutschen-fernsehpreis-die-nase-vorn.html<\/a><\/p>\n<p><strong>Deutscher Fernsehpreis 2024: ZDF mit meisten Nominierungen<\/strong><\/p>\n<p>Mit insgesamt 30 Nominierungen geht das ZDF als Spitzenreiter ins Rennen um den Deutschen Fernsehpreis. Die nominierten Formate spiegeln das breit gef\u00e4cherte Angebot des ZDF wider und reichen von Serien \u00fcber Dokumentationen und Reportagen, Comedy-Formaten und Shows sowie Sport-\u00dcbertragungen bis zu Nachrichtenangeboten. Die nominierten Produktionen sind in der ZDFmediathek zu sehen.<\/p>\n<p><a href=\"https:\/\/www.presseportal.de\/pm\/7840\/5858223\">https:\/\/www.presseportal.de\/pm\/7840\/5858223<\/a><\/p>\n<p>Deutscher Fernsehpreis 2024: zwei SWR Produktionen nominiert<\/p>\n<p><a href=\"https:\/\/www.presseportal.de\/pm\/7169\/5858302\">https:\/\/www.presseportal.de\/pm\/7169\/5858302<\/a><\/p>\n<p>Deutscher Fernsehpreis 2024: WDR freut sich \u00fcber acht Nominierungen<\/p>\n<p><a href=\"https:\/\/www.presseportal.de\/pm\/7899\/5858208\">https:\/\/www.presseportal.de\/pm\/7899\/5858208<\/a><\/p>\n<div class=\"article-container new-head-1\">\n<div class=\"container below-nav js inside-article\">\n<p class=\"card-title article-title inside-article\"><strong>Trotz ihrer Entgleisungen: Bosetti f\u00fcr Deutschen Fernsehpreis nominiert<\/strong><\/p>\n<\/div>\n<\/div>\n<div class=\"article-container new-head-2\">\n<div class=\"container inside-article\">\n<p class=\"article-description\">Neben B\u00f6hmermann und Mai Thi Nguyen-Kim wurde Sarah Bosetti f\u00fcr den Deutschen Fernsehpreis 2024 nominiert. Das sorgt insbesondere wegen ihrer Entgleisungen w\u00e4hrend der Corona-Pandemie f\u00fcr Kritik. Damals bezeichnete sie Ungeimpfte als \u201eBlinddarm\u201c der Gesellschaft. (&#8230;)<\/p>\n<p>Neben Sarah Bosetti ist auch Mai Thi Nguyen-Kim f\u00fcr den Fernsehpreis mit ihrem Format \u201eMAITHINK X \u2013 Die Show: Wie populistische Politiker uns verarschen\u201c nominiert worden. Nguyen-Kim war w\u00e4hrend der Corona-Pandemie ebenfalls eine pr\u00e4gende Figur. Fr\u00fch sprach sie sich f\u00fcr die Einrichtung einer allgemeinen Impfpflicht aus. Immer wieder verwies sie dabei auf angebliche wissenschaftliche Erkenntnisse, die f\u00fcr die Impfpflicht sprechen w\u00fcrden. Ebenso wurde Jan B\u00f6hmermann mit seiner Show \u201eLass dich \u00fcberwachen\u201c f\u00fcr den Fernsehpreis 2024 nominiert.<\/p>\n<blockquote class=\"wp-embedded-content\" data-secret=\"Q8NUuqP4Cy\"><p><a href=\"https:\/\/apollo-news.net\/trotz-ihrer-entgleisungen-bosetti-fuer-deutschen-fernsehpreis-nominiert\/\">Trotz ihrer Entgleisungen: Bosetti f\u00fcr Deutschen Fernsehpreis nominiert<\/a><\/p><\/blockquote>\n<p><iframe loading=\"lazy\" class=\"wp-embedded-content\" sandbox=\"allow-scripts\" security=\"restricted\" style=\"position: absolute; visibility: hidden;\" title=\"&#8222;Trotz ihrer Entgleisungen: Bosetti f\u00fcr Deutschen Fernsehpreis nominiert&#8220; &#8212; Apollo News\" src=\"https:\/\/apollo-news.net\/trotz-ihrer-entgleisungen-bosetti-fuer-deutschen-fernsehpreis-nominiert\/embed\/#?secret=q6AVFVAevE#?secret=Q8NUuqP4Cy\" data-secret=\"Q8NUuqP4Cy\" width=\"600\" height=\"338\" frameborder=\"0\" marginwidth=\"0\" marginheight=\"0\" scrolling=\"no\"><\/iframe><\/p>\n<\/div>\n<\/div>\n<blockquote class=\"twitter-tweet\" data-width=\"550\" data-dnt=\"true\">\n<p lang=\"de\" dir=\"ltr\">Wie sollte es auch anders sein: <\/p>\n<p>Auch <a href=\"https:\/\/twitter.com\/maithi_nk?ref_src=twsrc%5Etfw\">@maithi_nk<\/a> ist f\u00fcr den deutschen Fernsehpreis 2024 in der Kategorie \u201cBestes Infotainment\u201d nominiert und zwar f\u00fcr den herausragenden Beitrag: <\/p>\n<p>\u201cWie populistische Politiker uns verarschen\u201c<\/p>\n<p>Daumen dr\u00fccken \ud83e\udd1e <a href=\"https:\/\/t.co\/H83P4hdgBe\">pic.twitter.com\/H83P4hdgBe<\/a><\/p>\n<p>&mdash; Evi Denz (@ElefantImRaum2) <a href=\"https:\/\/twitter.com\/ElefantImRaum2\/status\/1832349286392017232?ref_src=twsrc%5Etfw\">September 7, 2024<\/a><\/p><\/blockquote>\n<p><script async src=\"https:\/\/platform.twitter.com\/widgets.js\" charset=\"utf-8\"><\/script><\/p>\n<blockquote class=\"twitter-tweet\" data-width=\"550\" data-dnt=\"true\">\n<p lang=\"de\" dir=\"ltr\">Sarah Bosetti:<\/p>\n<p>\u201cHurra, BOSETTI LATE NIGHT ist f\u00fcr den Deutschen Fernsehpreis nominiert.\u201d<a href=\"https:\/\/t.co\/izljA42GPD\">pic.twitter.com\/izljA42GPD<\/a><\/p>\n<p>&mdash; henning rosenbusch (@rosenbusch_) <a href=\"https:\/\/twitter.com\/rosenbusch_\/status\/1832286931897458901?ref_src=twsrc%5Etfw\">September 7, 2024<\/a><\/p><\/blockquote>\n<p><script async src=\"https:\/\/platform.twitter.com\/widgets.js\" charset=\"utf-8\"><\/script><\/p>\n<div class=\"twoclick_social_bookmarks_post_9556 social_share_privacy clearfix 1.6.4 locale-de_DE sprite-de_DE\"><\/div><div class=\"twoclick-js\"><script type=\"text\/javascript\">\/* <![CDATA[ *\/\njQuery(document).ready(function($){if($('.twoclick_social_bookmarks_post_9556')){$('.twoclick_social_bookmarks_post_9556').socialSharePrivacy({\"services\":{\"facebook\":{\"status\":\"on\",\"txt_info\":\"2 Klicks f\\u00fcr mehr Datenschutz: Erst wenn Sie hier klicken, wird der Button aktiv und Sie k\\u00f6nnen Ihre Empfehlung an Facebook senden. Schon beim Aktivieren werden Daten an Dritte \\u00fcbertragen - siehe <em>i<\\\/em>.\",\"perma_option\":\"off\",\"action\":\"like\",\"language\":\"de_DE\"},\"twitter\":{\"reply_to\":\"\",\"tweet_text\":\"%20Medienpreise%20%E2%80%93%20Nominierung%20von%20Mittelma%C3%9F%2C%20Anma%C3%9Fung%20und%20Agendasetting%20...\",\"status\":\"on\",\"txt_info\":\"2 Klicks f\\u00fcr mehr Datenschutz: Erst wenn Sie hier klicken, wird der Button aktiv und Sie k\\u00f6nnen Ihre Empfehlung an Twitter senden. Schon beim Aktivieren werden Daten an Dritte \\u00fcbertragen - siehe <em>i<\\\/em>.\",\"perma_option\":\"off\",\"language\":\"de\",\"referrer_track\":\"\"}},\"txt_help\":\"Wenn Sie diese Felder durch einen Klick aktivieren, werden Informationen an Facebook, Twitter, Flattr, Xing, t3n, LinkedIn, Pinterest oder Google eventuell ins Ausland \\u00fcbertragen und unter Umst\\u00e4nden auch dort gespeichert. N\\u00e4heres erfahren Sie durch einen Klick auf das <em>i<\\\/em>.\",\"settings_perma\":\"Dauerhaft aktivieren und Daten\\u00fcber-tragung zustimmen:\",\"info_link\":\"http:\\\/\\\/www.heise.de\\\/ct\\\/artikel\\\/2-Klicks-fuer-mehr-Datenschutz-1333879.html\",\"uri\":\"https:\\\/\\\/publikumskonferenz.de\\\/blog\\\/news\\\/medienpreise-nominierung-von-mittelmass-anmassung-und-agendasetting\\\/\",\"post_id\":9556,\"post_title_referrer_track\":\"Medienpreise+%26%238211%3B+Nominierung+von+Mittelma%C3%9F%2C+Anma%C3%9Fung+und+Agendasetting\",\"display_infobox\":\"on\"});}});\n\/* ]]> *\/<\/script><\/div>","protected":false},"excerpt":{"rendered":"<p>Die Besten am Mikro: Wer den Deutschen Radiopreis gewann Mit rund 1.000 G\u00e4sten feierte die Radiobranche am Donnerstagabend ihre Besten. Die beste morgendliche Primetime schrieb die Jury dabei Radioeins zu, die beste Moderatorin kommt von 98.8 KISS FM, vom WDR &hellip;<\/p>\n<p class=\"read-more\"> <a class=\"more-link\" href=\"https:\/\/publikumskonferenz.de\/blog\/news\/medienpreise-nominierung-von-mittelmass-anmassung-und-agendasetting\/\"> <span class=\"screen-reader-text\">Medienpreise &#8211; Nominierung von Mittelma\u00df, Anma\u00dfung und Agendasetting<\/span> Weiterlesen &raquo;<\/a><\/p>\n","protected":false},"author":2,"featured_media":0,"comment_status":"closed","ping_status":"closed","template":"","categories":[],"newstags":[],"class_list":["post-9556","news","type-news","status-publish","hentry"],"_links":{"self":[{"href":"https:\/\/publikumskonferenz.de\/blog\/wp-json\/wp\/v2\/news\/9556","targetHints":{"allow":["GET"]}}],"collection":[{"href":"https:\/\/publikumskonferenz.de\/blog\/wp-json\/wp\/v2\/news"}],"about":[{"href":"https:\/\/publikumskonferenz.de\/blog\/wp-json\/wp\/v2\/types\/news"}],"author":[{"embeddable":true,"href":"https:\/\/publikumskonferenz.de\/blog\/wp-json\/wp\/v2\/users\/2"}],"replies":[{"embeddable":true,"href":"https:\/\/publikumskonferenz.de\/blog\/wp-json\/wp\/v2\/comments?post=9556"}],"wp:attachment":[{"href":"https:\/\/publikumskonferenz.de\/blog\/wp-json\/wp\/v2\/media?parent=9556"}],"wp:term":[{"taxonomy":"category","embeddable":true,"href":"https:\/\/publikumskonferenz.de\/blog\/wp-json\/wp\/v2\/categories?post=9556"},{"taxonomy":"newstags","embeddable":true,"href":"https:\/\/publikumskonferenz.de\/blog\/wp-json\/wp\/v2\/newstags?post=9556"}],"curies":[{"name":"wp","href":"https:\/\/api.w.org\/{rel}","templated":true}]}}