{"id":9559,"date":"2024-09-08T19:03:30","date_gmt":"2024-09-08T18:03:30","guid":{"rendered":"https:\/\/publikumskonferenz.de\/blog\/?post_type=news&#038;p=9559"},"modified":"2024-09-08T19:03:30","modified_gmt":"2024-09-08T18:03:30","slug":"rundfunkraete-gehen-nicht-auf-sendung","status":"publish","type":"news","link":"https:\/\/publikumskonferenz.de\/blog\/news\/rundfunkraete-gehen-nicht-auf-sendung\/","title":{"rendered":"Rundfunkr\u00e4te gehen (nicht) auf Sendung"},"content":{"rendered":"<p><strong>Rundfunkr\u00e4te gehen (nicht) auf Sendung<\/strong><\/p>\n<p>Von den Rundfunkr\u00e4ten der neun ARD-Landesrundfunkanstalten gibt es inzwischen bei sechs Gremien eine Livestream-\u00dcbertragung ihrer Sitzungen. Dabei handelt es sich um die Rundfunkr\u00e4te vom BR, RBB, SWR, NDR, HR und dem SR, wie Nachfragen bei den ARD-Aufsichtsorganen ergeben haben. Ein Fortschritt in Sachen Transparenz. Schlie\u00dflich ber\u00e4t das Gremium \u00fcber alle grunds\u00e4tzlichen Fragen zu Angeboten, Struktur und Finanzen der Sender. [\u2026]<\/p>\n<p>Die Rundfunkr\u00e4te von WDR, MDR und Radio Bremen verzichten bisher auf ein solches Angebot. Ebenso der H\u00f6rfunkrat des Deutschlandradios. Insgesamt gibt es damit ein Livestreaming bei sieben der elf Aufsichtsgremien, die bei den Sendeanstalten vor allem f\u00fcr die Programmkontrolle zust\u00e4ndig sind. Die Verwaltungsr\u00e4te, die die Finanzen der Anstalten beaufsichtigen, tagen stets unter Ausschluss der \u00d6ffentlichkeit.<\/p>\n<p>Die sieben Gremien, bei denen die Sitzungen \u00fcbertragen werden, verweisen darauf, dass dadurch ihre Arbeit transparenter werde. [\u2026]<\/p>\n<p>Die sieben Gremien, die bislang ihre Sitzungen streamen, erreichen teilweise h\u00f6here dreistellige Nutzungszahlen. Unklar ist es, wie hoch dabei der Anteil von Senderbesch\u00e4ftigten ist. Beim BR-Rundfunkrat verfolgten laut seiner Gesch\u00e4ftsstelle die Sitzungen im Zeitraum Januar 2023 bis Juli 2024 im Schnitt 757 Personen \u00fcbers Internet. Der SWR-Rundfunkrat verwies auf eine niedrige dreistellige Zahl. Beim NDR-Rundfunkrat seien es 2023 im Schnitt 110 Aufrufe pro Sitzung gewesen, teilte das Gremienb\u00fcro mit. Beim SR-Rundfunkrat lagen laut seinem Vorsitzenden Thomas Jakobs die Abrufe pro Sitzungstag im zweistelligen Bereich. Als im Juli 2021 der ZDF-Fernsehrat Norbert Himmler zum neuen Intendanten der Fernsehanstalt w\u00e4hlte, wurden \u00fcber 12.000 Sichtungen registriert. Der RBB-Rundfunkrat erfasst die Zahl der Livestream-Nutzung nicht. [\u2026]<\/p>\n<p>Dass es in der ARD beim Livestreaming von Rundfunkratssitzungen nicht zu einem einheitlichen Vorgehen kam, hat f\u00fcr die Gremienvorsitzendenkonferenz (GVK) des Senderverbunds verschiedene Gr\u00fcnde, wie deren Gesch\u00e4ftsstelle erkl\u00e4rte: Sitzungen zu \u00fcbertragen, sei eine Entscheidung der jeweiligen Rundfunkr\u00e4te, sofern es nicht gesetzlich gefordert sei. Das sei nur bei einigen Landesrundfunkanstalten der Fall. Es gebe auch unterschiedliche Anforderungen an den Datenschutz.<\/p>\n<p><a href=\"https:\/\/mmm.verdi.de\/medienpolitik\/rundfunktraete-gehen-auf-sendung-98787\">https:\/\/mmm.verdi.de\/medienpolitik\/rundfunktraete-gehen-auf-sendung-98787<\/a><\/p>\n<div class=\"twoclick_social_bookmarks_post_9559 social_share_privacy clearfix 1.6.4 locale-de_DE sprite-de_DE\"><\/div><div class=\"twoclick-js\"><script type=\"text\/javascript\">\/* <![CDATA[ *\/\njQuery(document).ready(function($){if($('.twoclick_social_bookmarks_post_9559')){$('.twoclick_social_bookmarks_post_9559').socialSharePrivacy({\"services\":{\"facebook\":{\"status\":\"on\",\"txt_info\":\"2 Klicks f\\u00fcr mehr Datenschutz: Erst wenn Sie hier klicken, wird der Button aktiv und Sie k\\u00f6nnen Ihre Empfehlung an Facebook senden. Schon beim Aktivieren werden Daten an Dritte \\u00fcbertragen - siehe <em>i<\\\/em>.\",\"perma_option\":\"off\",\"action\":\"like\",\"language\":\"de_DE\"},\"twitter\":{\"reply_to\":\"\",\"tweet_text\":\"%20Rundfunkr%C3%A4te%20gehen%20%28nicht%29%20auf%20Sendung%20%C2%BB%20St%C3%A4ndige%20Publikumskonferenz%20der%20...\",\"status\":\"on\",\"txt_info\":\"2 Klicks f\\u00fcr mehr Datenschutz: Erst wenn Sie hier klicken, wird der Button aktiv und Sie k\\u00f6nnen Ihre Empfehlung an Twitter senden. Schon beim Aktivieren werden Daten an Dritte \\u00fcbertragen - siehe <em>i<\\\/em>.\",\"perma_option\":\"off\",\"language\":\"de\",\"referrer_track\":\"\"}},\"txt_help\":\"Wenn Sie diese Felder durch einen Klick aktivieren, werden Informationen an Facebook, Twitter, Flattr, Xing, t3n, LinkedIn, Pinterest oder Google eventuell ins Ausland \\u00fcbertragen und unter Umst\\u00e4nden auch dort gespeichert. N\\u00e4heres erfahren Sie durch einen Klick auf das <em>i<\\\/em>.\",\"settings_perma\":\"Dauerhaft aktivieren und Daten\\u00fcber-tragung zustimmen:\",\"info_link\":\"http:\\\/\\\/www.heise.de\\\/ct\\\/artikel\\\/2-Klicks-fuer-mehr-Datenschutz-1333879.html\",\"uri\":\"https:\\\/\\\/publikumskonferenz.de\\\/blog\\\/news\\\/rundfunkraete-gehen-nicht-auf-sendung\\\/\",\"post_id\":9559,\"post_title_referrer_track\":\"Rundfunkr%C3%A4te+gehen+%28nicht%29+auf+Sendung\",\"display_infobox\":\"on\"});}});\n\/* ]]> *\/<\/script><\/div>","protected":false},"excerpt":{"rendered":"<p>Rundfunkr\u00e4te gehen (nicht) auf Sendung Von den Rundfunkr\u00e4ten der neun ARD-Landesrundfunkanstalten gibt es inzwischen bei sechs Gremien eine Livestream-\u00dcbertragung ihrer Sitzungen. Dabei handelt es sich um die Rundfunkr\u00e4te vom BR, RBB, SWR, NDR, HR und dem SR, wie Nachfragen bei &hellip;<\/p>\n<p class=\"read-more\"> <a class=\"more-link\" href=\"https:\/\/publikumskonferenz.de\/blog\/news\/rundfunkraete-gehen-nicht-auf-sendung\/\"> <span class=\"screen-reader-text\">Rundfunkr\u00e4te gehen (nicht) auf Sendung<\/span> Weiterlesen &raquo;<\/a><\/p>\n","protected":false},"author":2,"featured_media":0,"comment_status":"closed","ping_status":"closed","template":"","categories":[],"newstags":[],"class_list":["post-9559","news","type-news","status-publish","hentry"],"_links":{"self":[{"href":"https:\/\/publikumskonferenz.de\/blog\/wp-json\/wp\/v2\/news\/9559","targetHints":{"allow":["GET"]}}],"collection":[{"href":"https:\/\/publikumskonferenz.de\/blog\/wp-json\/wp\/v2\/news"}],"about":[{"href":"https:\/\/publikumskonferenz.de\/blog\/wp-json\/wp\/v2\/types\/news"}],"author":[{"embeddable":true,"href":"https:\/\/publikumskonferenz.de\/blog\/wp-json\/wp\/v2\/users\/2"}],"replies":[{"embeddable":true,"href":"https:\/\/publikumskonferenz.de\/blog\/wp-json\/wp\/v2\/comments?post=9559"}],"wp:attachment":[{"href":"https:\/\/publikumskonferenz.de\/blog\/wp-json\/wp\/v2\/media?parent=9559"}],"wp:term":[{"taxonomy":"category","embeddable":true,"href":"https:\/\/publikumskonferenz.de\/blog\/wp-json\/wp\/v2\/categories?post=9559"},{"taxonomy":"newstags","embeddable":true,"href":"https:\/\/publikumskonferenz.de\/blog\/wp-json\/wp\/v2\/newstags?post=9559"}],"curies":[{"name":"wp","href":"https:\/\/api.w.org\/{rel}","templated":true}]}}