{"id":10341,"date":"2025-02-24T17:25:52","date_gmt":"2025-02-24T16:25:52","guid":{"rendered":"https:\/\/publikumskonferenz.de\/blog\/?p=10341"},"modified":"2025-03-01T17:30:29","modified_gmt":"2025-03-01T16:30:29","slug":"damit-es-uns-nicht-ergeht-wie-rumaenien-zdf-warnt-vor-dem-waehlen-der-falschen-parteien","status":"publish","type":"post","link":"https:\/\/publikumskonferenz.de\/blog\/damit-es-uns-nicht-ergeht-wie-rumaenien-zdf-warnt-vor-dem-waehlen-der-falschen-parteien\/","title":{"rendered":"\u201eDamit es uns nicht ergeht wie Rum\u00e4nien\u201c \u2013 ZDF warnt vor dem W\u00e4hlen der falschen Parteien"},"content":{"rendered":"<p><strong>Eine Woche vor der Bundestagswahl im ZDF und seit Samstag auch auf Youtube warnt der \u00f6ffentlich-rechtliche Rundfunk die W\u00e4hler \u2013 indirekt, aber deutlich \u2013\u00a0ihr Kreuz nicht bei Parteien wie AfD oder BSW zu machen, denen gerne wegen ihres Eintretens f\u00fcr Verhandlungen statt Krieg in der Ukraine \u201ePutinn\u00e4he\u201c unterstellt wird. Denn sonst k\u00f6nnte es uns so gehen wie Rum\u00e4nien, wo die Pr\u00e4sidentschaftswahlen annunliert werden mussten, weil die W\u00e4hler einen \u201eputinnahen\u201c Kandidaten gew\u00e4hlt hatten.<\/strong><\/p>\n<p>Beitrag von <a href=\"https:\/\/norberthaering.de\/\">Norbert H\u00e4ring<\/a><\/p>\n<p><strong>Eine ganze <em>Aspekte<\/em>-Sendung<\/strong> widmete das ZDF vor der Wahl dem Thema Wahlbeeinflussung durch Fake News und was dagegen getan wird (auf <a href=\"https:\/\/www.youtube.com\/watch?v=wBS6S_KncDM\" target=\"_blank\" rel=\"noopener\">Youtube<\/a>; in der <a href=\"https:\/\/www.zdf.de\/kultur\/aspekte\/wahlkampf-trolle-schutz-fake-news-100.html\" target=\"_blank\" rel=\"noopener\">ZDF-Mediathek<\/a>). Unterstellt wird darin, dass Falschnachrichten in den sozialen Medien in der Regel von Russland in die Welt gesetzt und verbreitet werden. Das kennt man.<\/p>\n<p><strong>Besorgniserregend war<\/strong> aber an der Sendung das Gewicht und die Einkleidung, die das ZDF dem Fall Rum\u00e4nien gab. Dort hat das Verfassungsgericht im Dezember die erste Runde der Pr\u00e4sidentschaftswahl annulliert, weil ein falscher, in Nato- und EU-Kreisen gef\u00fcrchteter Kandidat gewann. In Rum\u00e4nien <a href=\"https:\/\/www.nzz.ch\/international\/rumaenien-baut-groessten-nato-stuetzpunkt-europa-ld.1823352\" target=\"_blank\" rel=\"noopener\">entsteht<\/a> gerade der fl\u00e4chenm\u00e4\u00dfig-gr\u00f6\u00dfte Nato-Truppenst\u00fctzpunkt in Europa.<\/p>\n<p><strong>Ab Minute 5:20 erkl\u00e4rt<\/strong> der ehemalige Vizechef des Bundesnachrichtendienstes, Arndt Freytag von Loringhoven, worum es bei der Abwehr regierungskritischer Narrative geht:<\/p>\n<blockquote><p>\u201eDas treibt die Menschen in die extremistischen Parteien, die eigentlich \u00fcberwiegend, wenn nicht alle pro-russisch sind, sowohl wirtschaftlich wie politisch, sowie, was auch die Ukraine angeht. Es zerst\u00f6rt auch den R\u00fcckhalt f\u00fcr den Ukraine-Krieg, f\u00fcr die Waffenhilfe an die Ukraine und auch \u00fcberhaupt den R\u00fcckhalt f\u00fcr die Europ\u00e4ische Union und die Nato.\u201c<\/p><\/blockquote>\n<p><strong>Gefragt nach<\/strong> dem \u201ekrassesten Beispiel\u201c, wo Russland Einfluss auf eine Wahl genommen hat, f\u00fchrt er Rum\u00e4nien an. Als Hauptindizien f\u00fcr die Einflussnahme pr\u00e4sentiert <em>Aspekte<\/em> die Tatsache, dass Kandidat Calin Georgescu seine Bekanntheit und seinen Wahlerfolg anscheinend fast ausschlie\u00dflich einer erfolgreichen Kampagne auf Tiktok verdankt, und dass der rum\u00e4nische Geheimdienst geraunt hat, dass dabei nicht alles mit rechten Dingen zugegangen sei. So waren es denn vage \u201eHinweise auf ausl\u00e4ndische Einflussnahme\u201c aufgrund derer das Verfassungsgericht die Wahl anulierte.<\/p>\n<p><strong>Es ging tats\u00e4chlich<\/strong> nicht alles mit rechten Dingen zu in Rum\u00e4nien, aber auf welche Weise erf\u00e4hrt man in den f\u00fcnf Minuten nicht, die die Redaktion dem Thema Rum\u00e4nien widmet. Vielmehr wird sogar die Tatsache, dass sehr viele Rum\u00e4nen gegen die Wahlannulierung protestierten und der eigentlich so gut wie abgew\u00e4hlte Pr\u00e4sident Klaus Johannis deshalb zur\u00fccktreten musste, als \u201eChaos\u201c und Erfolg f\u00fcr Putin gewertet. Man hat zwar absolut nichts anzubieten, um russische Einflussnahme zu belegen. Aber man nutzt die Macht der Bilder, indem man einfach Szenen eines lachenden\u00a0und martialisch posierenden Putin dazwischenschneidet und \u00fcber seine Interessen raunt.<\/p>\n<p><strong>Was das ZDF verschweigt<\/strong>: Tats\u00e4chlich <a href=\"https:\/\/multipolar-magazin.de\/meldungen\/0153\" target=\"_blank\" rel=\"noopener\">wurde<\/a> eine der TikTok-Influencer-Kampagnen, die Georgescu den Wahlsieg beschert haben soll, nicht etwa von Putin finanziert, sondern mit rum\u00e4nischen Steuergeldern von der Nationalliberalen Partei (PNL) von Pr\u00e4sidenten Klaus Johannis. Einige der Influencer nutzten ihre bezahlten Auftritte um f\u00fcr Georgescu zu werben.<\/p>\n<p><strong>Weil laut dem Ex-BND-Vizechef<\/strong> \u201eviele Experten sich einig sind\u201c, dass Putin mit Fake-Netzseiten und Falschnachrichten an der Bundestagswahl herummanipuliert, sieht das ZDF es geboten, ausdr\u00fccklich zu warnen: \u201eDamit es uns am Ende nicht genauso ergeht wie Rum\u00e4nien\u201c, wo die Leute die Falschen w\u00e4hlten, sodass die Wahl annulliert werden musste, seien die professionellen Faktenchecker gefragt, mahnt die in flotter, vermeintlicher Jugendsprache dahergendernde ZDF-Moderatorin.<\/p>\n<p><strong>Also, liebe W\u00e4hler<\/strong>: W\u00e4hlt nicht die, die den Ukraine-Krieg beenden wollen und die Regierung kritisieren. Glaubt den Faktencheckern, die von den Regierungen und den reichsten Menschen der westlichen Welt unterst\u00fctzt und finanziert werden, dass das gef\u00e4hrlicher Extremismus ist. Dann geht es Euch nicht wie den Rum\u00e4nen, und eure Wahl darf Bestand haben.<\/p>\n<p><em>Quelle Beitragsbild: Screenshot Youtube<\/em><\/p>\n<p>\u00dcber den Autor: <a href=\"https:\/\/norberthaering.de\/lebenslauf\/\">https:\/\/norberthaering.de\/lebenslauf\/<\/a><\/p>\n<p>Wir bedanken uns f\u00fcr die Erlaubnis der Zweitver\u00f6ffentlichung des Beitrages.<\/p>\n<p>&nbsp;<\/p>\n<p><span style=\"background-color: #f86d0e; padding: 30px; margin-left: 30px;\"><a style=\"color: white; font-size: 20px;\" href=\"https:\/\/publikumskonferenz.de\/blog\/foerdermitgliedschaft\/\">F\u00f6rdermitglied werden<\/a><\/span><\/p>\n<div class=\"twoclick_social_bookmarks_post_10341 social_share_privacy clearfix 1.6.4 locale-de_DE sprite-de_DE\"><\/div><div class=\"twoclick-js\"><script type=\"text\/javascript\">\/* <![CDATA[ *\/\njQuery(document).ready(function($){if($('.twoclick_social_bookmarks_post_10341')){$('.twoclick_social_bookmarks_post_10341').socialSharePrivacy({\"services\":{\"facebook\":{\"status\":\"on\",\"txt_info\":\"2 Klicks f\\u00fcr mehr Datenschutz: Erst wenn Sie hier klicken, wird der Button aktiv und Sie k\\u00f6nnen Ihre Empfehlung an Facebook senden. Schon beim Aktivieren werden Daten an Dritte \\u00fcbertragen - siehe <em>i<\\\/em>.\",\"perma_option\":\"off\",\"action\":\"like\",\"language\":\"de_DE\"},\"twitter\":{\"reply_to\":\"\",\"tweet_text\":\"%20%E2%80%9EDamit%20es%20uns%20nicht%20ergeht%20wie%20Rum%C3%A4nien%E2%80%9C%20%E2%80%93%20ZDF%20warnt%20vor%20...\",\"status\":\"on\",\"txt_info\":\"2 Klicks f\\u00fcr mehr Datenschutz: Erst wenn Sie hier klicken, wird der Button aktiv und Sie k\\u00f6nnen Ihre Empfehlung an Twitter senden. Schon beim Aktivieren werden Daten an Dritte \\u00fcbertragen - siehe <em>i<\\\/em>.\",\"perma_option\":\"off\",\"language\":\"de\",\"referrer_track\":\"\"}},\"txt_help\":\"Wenn Sie diese Felder durch einen Klick aktivieren, werden Informationen an Facebook, Twitter, Flattr, Xing, t3n, LinkedIn, Pinterest oder Google eventuell ins Ausland \\u00fcbertragen und unter Umst\\u00e4nden auch dort gespeichert. N\\u00e4heres erfahren Sie durch einen Klick auf das <em>i<\\\/em>.\",\"settings_perma\":\"Dauerhaft aktivieren und Daten\\u00fcber-tragung zustimmen:\",\"info_link\":\"http:\\\/\\\/www.heise.de\\\/ct\\\/artikel\\\/2-Klicks-fuer-mehr-Datenschutz-1333879.html\",\"uri\":\"https:\\\/\\\/publikumskonferenz.de\\\/blog\\\/damit-es-uns-nicht-ergeht-wie-rumaenien-zdf-warnt-vor-dem-waehlen-der-falschen-parteien\\\/\",\"post_id\":10341,\"post_title_referrer_track\":\"%E2%80%9EDamit+es+uns+nicht+ergeht+wie+Rum%C3%A4nien%E2%80%9C+%E2%80%93+ZDF+warnt+vor+dem+W%C3%A4hlen+der+falschen+Parteien\",\"display_infobox\":\"on\"});}});\n\/* ]]> *\/<\/script><\/div>","protected":false},"excerpt":{"rendered":"<p>Eine Woche vor der Bundestagswahl im ZDF und seit Samstag auch auf Youtube warnt der \u00f6ffentlich-rechtliche Rundfunk die W\u00e4hler \u2013 indirekt, aber deutlich \u2013\u00a0ihr Kreuz nicht bei Parteien wie AfD oder BSW zu machen, denen gerne wegen ihres Eintretens f\u00fcr &hellip;<\/p>\n<p class=\"read-more\"> <a class=\"more-link\" href=\"https:\/\/publikumskonferenz.de\/blog\/damit-es-uns-nicht-ergeht-wie-rumaenien-zdf-warnt-vor-dem-waehlen-der-falschen-parteien\/\"> <span class=\"screen-reader-text\">\u201eDamit es uns nicht ergeht wie Rum\u00e4nien\u201c \u2013 ZDF warnt vor dem W\u00e4hlen der falschen Parteien<\/span> Weiterlesen &raquo;<\/a><\/p>\n","protected":false},"author":2,"featured_media":10343,"comment_status":"closed","ping_status":"open","sticky":false,"template":"","format":"standard","meta":{"footnotes":""},"categories":[1],"tags":[403,354,6,7,20],"class_list":["post-10341","post","type-post","status-publish","format-standard","has-post-thumbnail","hentry","category-news","tag-bundestagswahl","tag-fake-news","tag-nato","tag-russland","tag-zdf"],"_links":{"self":[{"href":"https:\/\/publikumskonferenz.de\/blog\/wp-json\/wp\/v2\/posts\/10341","targetHints":{"allow":["GET"]}}],"collection":[{"href":"https:\/\/publikumskonferenz.de\/blog\/wp-json\/wp\/v2\/posts"}],"about":[{"href":"https:\/\/publikumskonferenz.de\/blog\/wp-json\/wp\/v2\/types\/post"}],"author":[{"embeddable":true,"href":"https:\/\/publikumskonferenz.de\/blog\/wp-json\/wp\/v2\/users\/2"}],"replies":[{"embeddable":true,"href":"https:\/\/publikumskonferenz.de\/blog\/wp-json\/wp\/v2\/comments?post=10341"}],"version-history":[{"count":3,"href":"https:\/\/publikumskonferenz.de\/blog\/wp-json\/wp\/v2\/posts\/10341\/revisions"}],"predecessor-version":[{"id":10345,"href":"https:\/\/publikumskonferenz.de\/blog\/wp-json\/wp\/v2\/posts\/10341\/revisions\/10345"}],"wp:featuredmedia":[{"embeddable":true,"href":"https:\/\/publikumskonferenz.de\/blog\/wp-json\/wp\/v2\/media\/10343"}],"wp:attachment":[{"href":"https:\/\/publikumskonferenz.de\/blog\/wp-json\/wp\/v2\/media?parent=10341"}],"wp:term":[{"taxonomy":"category","embeddable":true,"href":"https:\/\/publikumskonferenz.de\/blog\/wp-json\/wp\/v2\/categories?post=10341"},{"taxonomy":"post_tag","embeddable":true,"href":"https:\/\/publikumskonferenz.de\/blog\/wp-json\/wp\/v2\/tags?post=10341"}],"curies":[{"name":"wp","href":"https:\/\/api.w.org\/{rel}","templated":true}]}}