{"id":10552,"date":"2025-05-02T07:21:24","date_gmt":"2025-05-02T06:21:24","guid":{"rendered":"https:\/\/publikumskonferenz.de\/blog\/?p=10552"},"modified":"2025-05-02T07:24:38","modified_gmt":"2025-05-02T06:24:38","slug":"hallo-ard-sie-haben-da-etwas-vergessen-2","status":"publish","type":"post","link":"https:\/\/publikumskonferenz.de\/blog\/hallo-ard-sie-haben-da-etwas-vergessen-2\/","title":{"rendered":"Hallo ARD \u2014 Sie haben da etwas \u201evergessen\u201c"},"content":{"rendered":"<p><strong>Desinformation bedeutet Manipulation: Etwas, das systematisch durch ARD und Co. betrieben wird.<\/strong><br \/>\n<strong><br \/>\n<em><strong>Manipulation ist das Ziel von Propaganda. Propaganda bedient sich bekannter Werkzeuge. Dazu geh\u00f6ren zum Beispiel das Agenda-Setting. Der Scheinwerfer soll das Interesse auf einen bestimmten Aspekt lenken. Schon das zielt auf die Emotionen. Dazu kommt, dass auch der Aspekt selbst emotional aufgeladen wird. Ob das gezielte Verbreiten manipulierender Botschaften nun mit eigener Zunge betrieben, oder \u201enur\u201c dar\u00fcber berichtet wird, was andere sagen, ist eher nachrangig. Auf der anderen Seite werden Schl\u00fcsselinformationen, also f\u00fcr das Verst\u00e4ndnis des Geschehens entscheidende Kontexte einfach weggelassen.<\/strong><\/em><\/strong><\/p>\n<p><em>Beitrag von <a href=\"https:\/\/peds-ansichten.de\/\">Peter Frey<\/a><\/em><\/p>\n<p>Beide gerade erw\u00e4hnten Aspekte werden in der folgenden Medienkritik, verfasst als offener Brief, eine Rolle spielen: das Agenda-Setting und das Weglassen. Hinter dem Betreiben solcher in den Medien angewandter Methoden journalistisches Unverm\u00f6gen anzunehmen, trifft leider nicht den Kern des Problems. Dass die Medienschaffenden grunds\u00e4tzlich in der Lage sind, journalistisches Handwerk zu bestreiten, wird vom Autor auch gar nicht in Frage gestellt. Was sie letztlich daran hindert, sind zum Einen \u2014 dr\u00fccken wir es milde aus \u2014 Sachzw\u00e4nge. Man k\u00f6nnte es auch mehr oder weniger ausgepr\u00e4gten Opportunismus nennen.<\/p>\n<p>Zum Anderen aber f\u00fchren Indoktrination, die Schere im Kopf, ideologische Fesseln, H\u00f6rigkeit, Konformit\u00e4tsdenken und die Angst vor Ausgrenzung, bei Medienschaffenden dazu, gegen ihren journalistischen Auftrag zu handeln. Das meint vor allem den Auftrag der Verantwortlichen in den \u00f6ffentlich-rechtlichen Medien. Betrachten wir das ein weiteres Mal genauer und nehmen uns der Berichterstattung dieser Medien \u00fcber die Slowakei an.<\/p>\n<hr \/>\n<p>An: publikumsservice\u2019at\u2019tagesschau.de, gremienbuero-beschwerden\u2019at\u2019ndr.de<\/p>\n<p>Guten Tag,<\/p>\n<p>hiermit weise ich Sie auf ein weiteres Beispiel systematischer Desinformation der Bev\u00f6lkerung innerhalb der Berichterstattung der ARD-Tagesschau hin.<\/p>\n<p>Eine Stellungnahme Ihrerseits ist nur dann willkommen, wenn diese sich auch tats\u00e4chlich mit der hier zur Sprache gebrachten Sache befasst. Dar\u00fcber hinaus besteht der Sinn dieses offenen Briefes zum Einen darin, zu dokumentieren, dass Sie auf die von Ihnen betriebene Desinformation hingewiesen wurden. Zum anderen m\u00f6chte einem m\u00f6glichst breiten Publikum nahegebracht werden, auf welche Art und Weise \u00f6ffentlich-rechtliche Medien ihr Publikum gezielt manipulieren.<\/p>\n<p>Sie, bei der ARD-Tagesschau, wissen nat\u00fcrlich, dass Bilder besonders stark auf Konsumenten einwirken. Auch deshalb unterstelle ich Ihnen, dass das folgende Bild ganz bewusst als Aufmacher eingesetzt wurde, um eine grobe Desinformation Ihrer Redaktion wirksam zur Geltung zu bringen (b1):<\/p>\n<p><img loading=\"lazy\" decoding=\"async\" class=\" wp-image-39463 alignleft\" src=\"https:\/\/peds-ansichten.de\/wp-content\/uploads\/2025\/04\/2025-03-07_ard-tagesschau_fico_proteste-agenten-1024x464.png\" sizes=\"auto, (max-width: 640px) 100vw, 640px\" srcset=\"https:\/\/peds-ansichten.de\/wp-content\/uploads\/2025\/04\/2025-03-07_ard-tagesschau_fico_proteste-agenten-1024x464.png 1024w, https:\/\/peds-ansichten.de\/wp-content\/uploads\/2025\/04\/2025-03-07_ard-tagesschau_fico_proteste-agenten-640x290.png 640w, https:\/\/peds-ansichten.de\/wp-content\/uploads\/2025\/04\/2025-03-07_ard-tagesschau_fico_proteste-agenten-768x348.png 768w, https:\/\/peds-ansichten.de\/wp-content\/uploads\/2025\/04\/2025-03-07_ard-tagesschau_fico_proteste-agenten.png 1030w\" alt=\"\" width=\"539\" height=\"244\" \/><\/p>\n<p>Dieses Bild beinhaltet eine bemerkenswerte Projektion. Eine, die Ihre Berichterstattung, die der ARD, regelm\u00e4\u00dfig \u201eauszeichnet\u201c. Fast mittig des Bildes prangt unter dem Konterfei des slowakischen Pr\u00e4sidenten Robert Fico \u2014 stilisiert als Angeklagter, H\u00e4ftling, \u00dcberf\u00fchrter \u2014 das ihm in die H\u00e4nde manipulierte Schild mit der Aufschrift \u201eAgent\u201c. Ich m\u00f6chte mich erst am Ende des Briefes auslassen, inwieweit Sie, die Journalisten und Redakteure der ARD als Agenten wirken. Denn dieses Bild haben Sie schlie\u00dflich nicht mit der Ma\u00dfgabe eingesetzt, Ihre Zuschauer und Leser mit dem Anspruch auf Unvoreingenommenheit, auf sachliche Berichterstattung zu informieren.<\/p>\n<p>Eine erste Frage, um Ihnen das etwas eing\u00e4ngiger zu gestalten: Wie w\u00fcrden Sie bei der ARD-Tagesschau verfahren, wenn es sich um die Berichterstattung \u00fcber eine Protestdemonstration hierzulande, gerichtet gegen die aktuelle Regierung, handeln w\u00fcrde? Wenn man das Motiv des Plakats belassen, aber Ficos Bild ersetzen w\u00fcrde, zum Beispiel durch das von deutschen Politikern wie Robert Habeck, Annalena Baerbock oder Friedrich Merz. Es w\u00e4re auch interessant (oder auch nicht) zu wissen, wie die ARD-Tagesschau \u00fcber einen Protest dieser Art berichten w\u00fcrde.<\/p>\n<p>Aber richten wir unseren ersten Blick in diesem offenen Brief auf den Vorwurf, dass der slowakische Pr\u00e4sident eine ausl\u00e4ndischer Agent sei. Diese Botschaft haben Sie mit dem Bild vermittelt, und sie haben das wohlkalkuliert getan. Auf das Problem der Agenten kommen wir noch bei anderen Aktivisten aus Politik und Medien mehrfach zu sprechen.<\/p>\n<p>Das Bild war Aufrei\u00dfer einer recht unverbl\u00fcmt desinformierenden Nachricht Ihres Hauses. Desinformierend vor allem deshalb, weil diese Nachricht den Eindruck erweckt, dass hier repr\u00e4sentativ der Wille der slowakischen Bev\u00f6lkerung dargestellt w\u00fcrde. Dies gelingt Ihnen durch \u00fcberm\u00e4\u00dfige W\u00fcrdigung der Proteste und marginale Erw\u00e4hnung der Gr\u00fcnde, welche die Regierung zu ihrem Kurs bewegen. Und das tun Sie nicht nur im hier zuerst kritisierten Beitrag (1). Interessant ist auch Ihre Arbeit mit Quellen:<\/p>\n<p><em>\u201eAufgerufen zu den Kundgebungen hatte die B\u00fcrgerinitiative \u00bbMier Ukrajine\u00ab (\u00fcbersetzt: \u00bbFriede der Ukraine\u00ab). Sie engagiert sich f\u00fcr eine st\u00e4rkere milit\u00e4rische Unterst\u00fctzung der Ukraine und sammelt Spenden f\u00fcr Munitionsk\u00e4ufe.\u201c<\/em> (1i)<\/p>\n<p>Sicher kennen Sie die Begriffe Neusprech und Doppeldenk. Begriffe, die George Orwell ins Leben rief, um auf den Missbrauch der Sprache zur Durchsetzung von Macht und Herrschaft hinzuweisen (2). Sie verwenden als Quelle eine \u201eB\u00fcrgerinitiative\u201c, die den Frieden in ihrem Namen f\u00fchrt, jedoch engagiert um Waffen und Munition wirbt. Erzeugt das bei Ihnen keine Dissonanz? Wissen Sie au\u00dferdem mehr \u00fcber die Quelle als ich? Denn mir scheint, dass diese Quelle, die Sie prominent und wiederholt als Beispiel einer vermeintlichen Graswurzelbewegung bewerben (3, 4), genau auf das Problem zeigt, welches weiter oben bereits kurz angerissen wurde. Auf das Problem, das Sie in Ihrer Berichterstattung kaschieren \u2014 vors\u00e4tzlich? Ist doch die \u201eB\u00fcrgerinitiative\u201c v\u00f6llig intransparent in Bezug auf ihre Finanzierung (5). Landesweite Kampagnen zur Mobilisierung tausender Menschen f\u00fcr Kundgebungen \u2014 egal f\u00fcr oder gegen wen oder was \u2014 erfordern jedoch erhebliche Ressourcen und gut ausgebaute Netzwerke. Im Falle von \u201eMier Ukrajine\u201c ist das offensichtlich gegeben (6, 7).<\/p>\n<p>Die Demonstranten, denen Sie, die ARD-Tagesschau-Redaktion soviel Aufmerksamkeit schenken, besitzen ein spezielles Verst\u00e4ndnis von Demokratie. Einen Beitrag Ihrerseits, der das einmal kritisch diskutieren w\u00fcrde, ist mir bislang nicht untergekommen. Fordern die Protestler, eine Minderheit, doch einfach deshalb, weil ihnen die Politik der amtierenden slowakischen Regierung nicht passt, rundweg deren R\u00fccktritt. Sie, bei der ARD-Tagesschau, finden das demokratisch? Immerhin wurde diese Regierung von der Mehrheit der slowakischen W\u00e4hler \u00fcber demokratische Wahlen legitimiert. Vor allem wurde die Regierung auch daf\u00fcr legitimiert, ihre sehr wohl im Vorfeld kommunizierte Agenda nat\u00fcrlich auch praktisch umzusetzen. Diese Agenda setzt unter anderem auf friedliche L\u00f6sungen zur Bew\u00e4ltigung des Ukraine-Konflikts.<\/p>\n<p>Wen vertreten diese Demonstranten, die jetzt \u201eSchande, Schande\u201c skandieren, den Pr\u00e4sidenten als Verr\u00e4ter beschimpfen und mit inhaltsleeren Spr\u00fcchen wie \u201eDie Slowakei ist Europa\u201c auftreten (1ii)? Nur zur Sensibilisierung (weil als Grundwissen vorausgesetzt): Auch Russland, ja, vor allem Russland, ist Europa. F\u00fcr die ARD-Reporterin Marianne Allweiss \u201edroht Fico der Ukraine\u201c. Weil er es sich, nationalen Interessen folgend, erlaubt, die Ukraine nicht aktiv milit\u00e4risch im Krieg gegen Russland zu unterst\u00fctzen. Auch das ist Framing. Und Sie wissen, dass es so ist (8).<\/p>\n<p>Die von der ARD in die \u00d6ffentlichkeit lancierten Sympathien und Antipathien sprechen f\u00fcr Parteinahme und Befangenheit. Im Falle der W\u00fcrdigung der slowakischen Opposition auf der einen und der slowakischen Regierung auf der anderen Seite l\u00e4sst sich das gut erkennen. Die daf\u00fcr verantwortlichen Redakteure der ARD-Tagesschau stecken offenbar so tief im Sumpf ihrer Indoktrination, dass sie sich nicht mehr bewusst werden, wie sie regelm\u00e4\u00dfig bestimmte Textbausteine in ihre Nachrichten einstreuen. \u201eTausende protestieren gegen prorussische Regierung\u201c (4i) bedeutet nichts anderes, als Kooperation, Verhandlungen, Verstehen und Vermitteln abzuw\u00e4hlen, um sich einer zum Krieg treibenden Allianz gegen Russland anzuschlie\u00dfen.<\/p>\n<p>Die \u00f6ffentlich-rechtlichen Medien machen gekonnt mit beim Russland-Bashing und \u201ewer nicht mit uns ist, ist gegen uns\u201c. Der gew\u00e4hlten Regierung eines Landes wird mit moralisch aufgeblasener Attit\u00fcde praktisch verboten, souver\u00e4ne Au\u00dfenpolitik, die sich an nationale Erfordernisse und per se friedliche Diplomatie ausrichtet, zu betreiben. Wem genau geht Friedenspolitik und Diplomatie so gegen den Strich, dass er den Sturz einer demokratisch gew\u00e4hlten Regierung anstrebt? Denn nichts anderes geschieht da. Wir kommen wieder zum Thema Agenten:<\/p>\n<p><em>\u201eAusl\u00f6ser f\u00fcr die Proteste war, dass Fico sich kurz vor Weihnachten in Moskau mit dem russischen Pr\u00e4sidenten Wladimir Putin getroffen hatte. Das Treffen sei inakzeptabel, sagte Protestorganisatorin Lucia Stasselova. Fico sei nach Russland gegangen \u00bbzu einer Zeit, zu der es unsere Nachbarn mit einer riesigen milit\u00e4rischen Aggression zu tun haben, zu einer Zeit, zu der die gesamte zivilisierte und demokratische Welt diese Aggression verurteilt\u00ab. Der fr\u00fchere slowakische Au\u00dfenminister Rastislav Kacer, der auch an der Demonstration teilnahm, sagte: \u00bbFico handelt als Agent einer ausl\u00e4ndischen Macht\u00ab.\u201c<\/em> (4ii)<\/p>\n<p>Beachten wir, beachten Sie: Es ist Ihnen wichtig wiederzugeben, wie Vertreter einer Minderheit sich anma\u00dfen. f\u00fcr \u201edie gesamte zivilisierte und demokratische Welt\u201c zu sprechen. Das ist schlichte Propaganda. Auch wenn Sie sich mit der Behauptung aus der Verantwortung zu ziehen versuchen, dass Sie ja \u201enur\u201c zitieren w\u00fcrden. Was Sie von wem und in welchem Ausma\u00df zitieren, zeigt, dass es Ihnen nicht um das Berichten, sondern um das Nachrichten geht \u2014 um das Nachrichten Ihrer Konsumenten.<\/p>\n<p>Was sind f\u00fcr Sie Botschaften und was ist f\u00fcr Sie, die Verantwortlichen der ARD-Tagesschau, Hass und Hetze? Das Folgende sind also Botschaften \u2014 Botschaften einer \u201eB\u00fcrgerinitiative\u201c?<\/p>\n<p><em>\u201eDemonstranten trugen Transparente mit Botschaften wie \u00bbWir wollen in einem freien Land leben!\u00ab oder direkt an Fico gerichtet: \u00bbDu wirst f\u00fcr mich immer ein Feigling, Kollaborant, Mafioso und Verbrecher sein!\u00ab\u201c<\/em> (4iii)<\/p>\n<p>Wenn ich das jetzt \u2014 und zwar mit rationalen, begr\u00fcndeten Argumenten \u2014 an Robert Habeck als \u201eBotschaft\u201c richte oder an Bellizisten wie Frau Strack-Zimmermann, Roderich Kiesewetter und Annalena Baerbock, gern auch Friedrich Merz: Ist das dann auch eine \u201eBotschaft\u201c oder framen Sie bei der ARD das dann als Beleidigung? Werden dann pl\u00f6tzlich wieder Ihre moralisch korrekt ausgerichteten Antennen f\u00fcr \u201eHass und Hetze\u201c aktiv?<\/p>\n<p>Immerhin haben Sie in einem ARD-Beitrag am Anfang des Jahres noch einen wichtigen Grund benannt, einen f\u00fcr die Slowakei enorm wichtigen Grund. Das Problem, das Fico zum Handeln zwang, wurde n\u00e4mlich von der Regierung jenes Landes \u00fcberhaupt erst kreiert, das von der Slowakei auf der anderen Seite bedingungslos unterst\u00fctzt werden soll: der Ukraine:<\/p>\n<p><em>\u201eAngesichts eines ukrainischen Transitstopps f\u00fcr russisches Gas habe er [Fico] mit Putin alternative M\u00f6glichkeiten ausgelotet, um diese dann der EU-Kommission in Br\u00fcssel vorzulegen. Das EU- und NATO-Land Slowakei ist von russischem Gas so abh\u00e4ngig wie kaum ein anderes Land in Europa. Fico sagte, das Land werde etwa 500 Millionen Euro pro Jahr in Form von Transitgeb\u00fchren verlieren.\u201c<\/em> (4iv)<\/p>\n<p>Bei wem hatte Fico \u201emit seinem Besuch in Moskau f\u00fcr \u00c4rger gesorgt\u201c? Ja, f\u00fcr wen genau war Ficos Initiative \u201eAusl\u00f6ser f\u00fcr die Proteste\u201c? Spontaner Proteste? Wer organisiert solche Veranstaltungen? Wie werden die Menschen mobilisiert? Woher kommen die schicken Plakate und EU-Flaggen? Wie werden die Veranstaltungen finanziert? Hat die Bev\u00f6lkerung nicht ein Recht darauf, so etwas zu erfahren? Und wie ist das mit ausl\u00e4ndischer Einflussnahme auf die politische Opposition innerhalb eines Landes? Sind das nicht alles Fragen, denen Sie in Ihrer journalistischen Arbeit nachgehen sollten?<\/p>\n<p>Weiter oben hatte ich Sie bereits auf die Nichtregierungsorganisation (NGO) \u201eFriede der Ukraine\u201c (\u201eMier Ukrajine\u201c) hingewiesen. Auch darauf, dass Sie regelm\u00e4\u00dfig in Ihren Nachrichten Sprecher dieser \u201eB\u00fcrgerinitiative\u201c anonym oder mit Namen zu Wort kommen lassen. Diese NGO scheint ma\u00dfgeblich f\u00fcr die Organisation der Massenproteste in der Slowakei verantwortlich zu sein. Auf welcher Basis diese ihre Aktivit\u00e4ten betreibt, war f\u00fcr mich nicht ermittelbar (5i, 6i). Nun wendet sich eben diese \u201eB\u00fcrgerinitiative\u201c vehement genau gegen ein Gesetz, das sie zwingt, ihre Netzwerke und Geldquellen offenzulegen \u2014 und mobilisiert daf\u00fcr ihre Anh\u00e4nger:<\/p>\n<p><em>\u201e\u00bbDie Slowakei verl\u00e4sst allm\u00e4hlich das zivilisierte Europa, weil sich Robert Fico entschieden hat, wie Putin zu regieren: ohne Kritik und ohne Kontrolle\u00ab, warnte die B\u00fcrgerinitiative \u00bbFriede der Ukraine\u00ab, die die gr\u00f6\u00dfte Kundgebung in Bratislava organisierte. Das Gesetz solle Menschen, die sich gegen die Regierung stellen, einsch\u00fcchtern und kontrollieren.\u201c<\/em> (9)<\/p>\n<p>Eine NGO, die nicht offenlegen m\u00f6chte, welche externen Interessen sie vertritt, versteigert sich zu der Behauptung \u201edie Slowakei verl\u00e4sst allm\u00e4hlich das zivilisierte Europa\u201c. Das hat etwas absurdes. Und was tun Sie \u2014 die Redakteure und Journalisten der ARD-Tagesschau? Sie verdingen sich als offizielles Sprachrohr einer NGO, deren Interessenlage v\u00f6llig unklar ist. Da ist keine Reflexion. Das ist kein Journalismus. Was Sie aber an entscheidender Information wieder einmal \u201evergessen\u201c haben, das haben Sie nat\u00fcrlich nicht vergessen. Sie wissen, von was Sie schreiben:<\/p>\n<p><em>\u201eIn der Hauptstadt Bratislava zogen die Demonstranten durch die Innenstadt vor das Parlamentsgeb\u00e4ude, in dem \u00fcber die Gesetzesnovelle debattiert wurde. Einige Demonstranten skandierten: \u00bbNein zum russischen Gesetz\u00ab und \u00bbWir werden die Freiheit nicht aufgeben\u00ab.\u201c<\/em> (9i)<\/p>\n<p>Sie benutzen die \u00fcblichen Versatzst\u00fccke: \u201eDer umstrittene Gesetzesentwurf sieht vor, dass Nichtregierungsorganisationen ihre Finanzierung und die Namen gr\u00f6\u00dferer Spender offenlegen m\u00fcssen\u201c (9ii). Und ich frage Sie: Bei wem ist der Entwurf umstritten? Bei wem ist er umstritten, wenn wir einmal von der obskuren Munitionsbeschaffungs-NGO \u201eFriede der Ukraine\u201c absehen? Ist der Entwurf bei Ihnen, bei der ARD-Tagesschau umstritten? Wenn ja, warum? Weil es \u201edie Falschen\u201c tun?<\/p>\n<p>Sie, die Redakteure und Journalisten der ARD w\u00fcrden vielleicht gern wahrheitsgem\u00e4\u00df berichten, d\u00fcrfen es aber nicht? Aus welchen Gr\u00fcnden auch immer Sie es tun m\u00f6gen, aber Sie wissen, dass Sie desinformieren. Es ist keine Frage der Kompetenz, es ist eine Frage der Haltung. Doch Haltungsjournalismus ist kein Journalismus. Das hier ist vors\u00e4tzliche Desinformation:<\/p>\n<p><em>\u201eVor zwei Wochen hatten mehrere Tausend Menschen in Bratislava und anderen St\u00e4dten der Slowakei gegen das Gesetz protestiert. Die Demonstrantinnen und Demonstranten warnten, die Slowakei verlasse allm\u00e4hlich das zivilisierte Europa. Fico habe sich entschieden, so zu regieren, wie Putin: ohne Kritik und ohne Kontrolle. In Moskau w\u00fcrden \u00e4hnliche Gesetze beschlossen und in Kraft gesetzt.\u201c<\/em> (10)<\/p>\n<p>Wieder bet\u00e4tigten Sie sich als NGO-Sprecher (siehe auch weiter oben). Wieder fokussierten Sie auf Russland. Wieder lie\u00dfen Sie das Narrativ auf die Menschen los, nachdem alles Schlechte bei Putin zu suchen w\u00e4re. Und lie\u00dfen erneut eine entscheidende Information weg, verga\u00dfen diese also mitnichten. Ein h\u00fcbsches Bild aus dem US-amerikanischen Justizministerium m\u00f6ge es deutlich genug machen (b1):<\/p>\n<p><img loading=\"lazy\" decoding=\"async\" class=\" wp-image-39479 alignleft\" src=\"https:\/\/peds-ansichten.de\/wp-content\/uploads\/2025\/04\/2025_FARA_USA.png\" sizes=\"auto, (max-width: 705px) 100vw, 705px\" srcset=\"https:\/\/peds-ansichten.de\/wp-content\/uploads\/2025\/04\/2025_FARA_USA.png 705w, https:\/\/peds-ansichten.de\/wp-content\/uploads\/2025\/04\/2025_FARA_USA-640x316.png 640w\" alt=\"\" width=\"495\" height=\"244\" \/><\/p>\n<p><em>\u201eDer Foreign Agents Registration Act (FARA) wurde 1938 erlassen. Der FARA verlangt von bestimmten Vertretern ausl\u00e4ndischer Auftraggeber, die an politischen oder anderen im Gesetz genannten Aktivit\u00e4ten beteiligt sind, eine regelm\u00e4\u00dfige \u00f6ffentliche Offenlegung ihrer Beziehung zu dem ausl\u00e4ndischen Auftraggeber sowie ihrer Aktivit\u00e4ten, Einnahmen und Ausgaben zur Unterst\u00fctzung dieser Aktivit\u00e4ten. Die Offenlegung der geforderten Informationen erleichtert der Regierung und dem amerikanischen Volk die Bewertung der Aktivit\u00e4ten dieser Personen im Hinblick auf ihre Funktion als ausl\u00e4ndische Agenten.\u201c<\/em> (a1, 11)<\/p>\n<p>In Ihrer Weglassung dieses Sachverhalts liegt System. Die \u00f6ffentlich-rechtlichen Medien lassen in ihrer Berichterstattung zu Gesetzen \u00fcber ausl\u00e4ndische Agenten, zum Beispiel in Russland (12), <a href=\"https:\/\/peds-ansichten.de\/2024\/12\/georgien-und-moldawien-geschichten-westlicher-interventionen\/\">in<\/a> <a href=\"https:\/\/peds-ansichten.de\/2023\/04\/techcamps-eine-konstante-bei-farbrevolutionen\/\">Georgien<\/a> und eben der Slowakei ganz bewusst die Information au\u00dfen vor, dass die Staaten sich bei diesen Gesetzen stets an die US-amerikanische Vorlage halten, die in den USA seit dem Jahre 1938 g\u00fcltig ist. Und keiner der genannten Staaten ging \u00fcber den FARA hinaus, sondern diese adaptierten die Vorlage in einer abgeschw\u00e4chten, weniger restriktiven Form.<\/p>\n<p>Der Autor stellt fest, dass Sie, in den Redaktionsstuben der ARD, aktiv bem\u00fcht sind, zu verbergen, wer tats\u00e4chlich die Proteste zum Beispiel in Georgien und der Slowakei organisiert, wer diese finanziert und wie die Vernetzungen in das Ausland aufgebaut sind (13 bis 16, 14i). In dem Sie das aktiv wie vors\u00e4tzlich \u2014 und eben nicht aufgrund von Inkompetenz oder Unwissenheit \u2014 betreiben, bet\u00e4tigen Sie sich gleichzeitig als Agenten. Sie k\u00f6nnen Ihre aufgesetzte und stets ergebnislose Suche nach russischer Einflussnahme hierzulande abbrechen. Stattdessen sei Ihnen empfohlen, vor der eigenen Haust\u00fcr zu kehren.<\/p>\n<p>Mit freundlichen Gr\u00fc\u00dfen<\/p>\n<p>Bitte bleiben Sie sch\u00f6n aufmerksam, liebe Leser.<\/p>\n<hr \/>\n<p><strong>Anmerkungen und Quellen<\/strong><\/p>\n<p>(Allgemein) Dieser Artikel von\u00a0<a href=\"https:\/\/peds-ansichten.de\/\">Peds Ansichten<\/a>\u00a0ist unter einer\u00a0<a href=\"https:\/\/creativecommons.org\/licenses\/by-nc-nd\/4.0\/deed.de\"><strong>Creative Commons-Lizenz<\/strong><\/a> (Namensnennung \u2014 Nicht kommerziell \u2014 Keine Bearbeitungen 4.0 International) lizenziert. Unter Einhaltung der Lizenzbedingungen \u2014 insbesondere der deutlich sichtbaren Verlinkung zum Blog des Autors \u2014 kann er gern weiterverbreitet und vervielf\u00e4ltigt werden. Bei internen Verlinkungen auf weitere Artikel von Peds Ansichten finden Sie dort auch die externen Quellen, mit denen die Aussagen im aktuellen Text belegt werden.<\/p>\n<p>(a1) \u00dcbersetzung unter Zuhilfenahme von <a href=\"https:\/\/deepl.com\">DeepL.com<\/a>.<\/p>\n<p>(1 bis 1ii, b1) 07.03.2025; ARD-Tagesschau; Tausende protestieren gegen Ficos Russland-Kurs; <a href=\"https:\/\/www.tagesschau.de\/ausland\/europa\/proteste-slowakei-fico-100.html\">https:\/\/www.tagesschau.de\/ausland\/europa\/proteste-slowakei-fico-100.html<\/a><\/p>\n<p>(2) 15.10.2021; Kritisches Netzwerk; Noah Tavlin; Was der Begriff \u201eOrwellsche\u201c wirklich bedeutet; <a href=\"https:\/\/kritisches-netzwerk.de\/forum\/was-der-begriff-orwellsche-wirklich-bedeutet\">https:\/\/kritisches-netzwerk.de\/forum\/was-der-begriff-orwellsche-wirklich-bedeutet<\/a><\/p>\n<p>(3) 25.01.2025; ARD-Tagesschau; Proteste gegen Fico in 30 St\u00e4dten; <a href=\"https:\/\/www.tagesschau.de\/ausland\/europa\/slowakei-proteste-110.html\">https:\/\/www.tagesschau.de\/ausland\/europa\/slowakei-proteste-110.html<\/a><\/p>\n<p>(4 bis 4iii) 11.01.2025; ARD-Tagesschau; Tausende protestieren gegen prorussische Regierung; <a href=\"https:\/\/www.tagesschau.de\/ausland\/europa\/slowakei-protest-fico-100.html\">https:\/\/www.tagesschau.de\/ausland\/europa\/slowakei-protest-fico-100.html<\/a><\/p>\n<p>(5, 5i) Mier Ukrajine; <a href=\"https:\/\/www.mierukrajine.sk\/\">https:\/\/www.mierukrajine.sk\/<\/a>; abgerufen: 23.04.2025<\/p>\n<p>(6, 6i) 07.02.2025; InfoVojna; VIDEO: Proukrajinsk\u00e1 extr\u00e9mistick\u00e1 a proti\u0161t\u00e1tna Sorosova mimovl\u00e1dka \u201eMier Ukrajine\u201c spolupracuj\u00faca pri pokuse o prevrat na Slovensku s gruz\u00ednskym teroristom [\u2026]; <a href=\"https:\/\/www.infovojna.bz\/article\/video-proukrajinska-extremisticka-a-protistatna-sorosova-mimovladka-mier-ukrajine-si-na-protivladnom-proteste-drzo-a-beztrestne-kladla-podmienky-a-vyzyvala-premiera-fica-aby-odstupil-z-funkcie\">https:\/\/www.infovojna.bz\/article\/video-proukrajinska-extremisticka-a-protistatna-sorosova-mimovladka-mier-ukrajine-si-na-protivladnom-proteste-drzo-a-beztrestne-kladla-podmienky-a-vyzyvala-premiera-fica-aby-odstupil-z-funkcie<\/a><\/p>\n<p>(7) 10.02.2025; Reuters; Slovak leader Fico congratulates Musk for gutting US aid agency; <a href=\"https:\/\/www.reuters.com\/world\/europe\/slovak-leader-fico-congratulates-musk-gutting-us-aid-agency-2025-02-10\/\">https:\/\/www.reuters.com\/world\/europe\/slovak-leader-fico-congratulates-musk-gutting-us-aid-agency-2025-02-10\/<\/a><\/p>\n<p>(8) 22.01.2025; ARD-Tagesschau; Marianne Allweiss; Wie die Slowakei nach Russland abdriftet; <a href=\"https:\/\/www.tagesschau.de\/ausland\/europa\/slowakei-fico-russland-100.html\">https:\/\/www.tagesschau.de\/ausland\/europa\/slowakei-fico-russland-100.html<\/a><\/p>\n<p>(9 bis 9ii) 04.04.2025; ARD-Tagesschau; Tausende demonstrieren gegen geplantes NGO-Gesetz; <a href=\"https:\/\/www.tagesschau.de\/ausland\/europa\/slowakei-proteste-ngo-gesetz-100.html\">https:\/\/www.tagesschau.de\/ausland\/europa\/slowakei-proteste-ngo-gesetz-100.html<\/a><\/p>\n<p>(10) 16.04.2025; ARD-Tagesschau; Slowakei versch\u00e4rft Regeln f\u00fcr NGOs; <a href=\"https:\/\/www.tagesschau.de\/ausland\/europa\/slowakei-ngo-gesetz-proteste-100.html\">https:\/\/www.tagesschau.de\/ausland\/europa\/slowakei-ngo-gesetz-proteste-100.html<\/a><\/p>\n<p>(11) US-Justizministerium; Foreign Agents Registration Act (FARA); <a href=\"https:\/\/www.justice.gov\/nsd-fara\">https:\/\/www.justice.gov\/nsd-fara<\/a>; <a href=\"https:\/\/www.justice.gov\/nsd-fara\/frequently-asked-questions\">https:\/\/www.justice.gov\/nsd-fara\/frequently-asked-questions<\/a>; abgerufen: 23.04.2025<\/p>\n<p>(12) 04.02.2022; Deutsche Welle; Sonja Phalnikar; Russlands \u201eGesetz \u00fcber ausl\u00e4ndische Agenten\u201c; <a href=\"https:\/\/www.dw.com\/de\/russlands-gesetz-%C3%BCber-ausl%C3%A4ndische-agenten\/a-60659666\">https:\/\/www.dw.com\/de\/russlands-gesetz-%C3%BCber-ausl%C3%A4ndische-agenten\/a-60659666<\/a><\/p>\n<p>(13) 03.02.2025; VNN; Mike Benz Reveals USAID as a CIA Front for Foreign Meddling and Influence Operations; <a href=\"https:\/\/vigilantnews.com\/post\/mike-benz-reveals-usaid-as-a-cia-front-for-foreign-meddling-and-influence-operations\/\">https:\/\/vigilantnews.com\/post\/mike-benz-reveals-usaid-as-a-cia-front-for-foreign-meddling-and-influence-operations\/<\/a>; deutsche \u00dcbersetzung: <a href=\"https:\/\/uncutnews.ch\/mike-benz-entlarvt-usaid-als-tarnorganisation-der-cia-zur-gezielten-einflussnahme-und-einmischung-in-andere-staaten\/\">https:\/\/uncutnews.ch\/mike-benz-entlarvt-usaid-als-tarnorganisation-der-cia-zur-gezielten-einflussnahme-und-einmischung-in-andere-staaten\/<\/a><\/p>\n<p>(14, 14i) SlovakAid; USAID; <a href=\"https:\/\/slovakaid.sk\/en\/international-cooperation\/usaid\/\">https:\/\/slovakaid.sk\/en\/international-cooperation\/usaid\/<\/a>; (14i) Slovakia Signs A New Memorandum on Cooperation with USAID; <a href=\"https:\/\/slovakaid.sk\/en\/slovakia-signs-a-new-memorandum-on-cooperation-with-usaid\/\">https:\/\/slovakaid.sk\/en\/slovakia-signs-a-new-memorandum-on-cooperation-with-usaid\/<\/a>; alles abgerufen: 24.04.2025<\/p>\n<p>(15) 21.12.2023; Europ\u00e4isches Parlament; Bericht \u2014 A9-0446\/2023; Bericht \u00fcber Transparenz und Rechenschaftspflicht von aus dem EU-Haushalt finanzierten nichtstaatlichen Organisationen; <a href=\"https:\/\/www.europarl.europa.eu\/doceo\/document\/A-9-2023-0446_DE.html\">https:\/\/www.europarl.europa.eu\/doceo\/document\/A-9-2023-0446_DE.html<\/a><\/p>\n<p>(16) 07.04.2025; ARD-Tagesschau; Matthias Reiche; Kritik an EU-Finanzierung; <a href=\"https:\/\/www.tagesschau.de\/ausland\/europa\/ngo-eu-finanzierung-100.html\">https:\/\/www.tagesschau.de\/ausland\/europa\/ngo-eu-finanzierung-100.html<\/a><\/p>\n<p>(b1) FARA, Foreign Agents Registration Act; <a href=\"https:\/\/www.justice.gov\/nsd-fara\">https:\/\/www.justice.gov\/nsd-fara<\/a>; entnommen: 23.04.2025<\/p>\n<p>&nbsp;<\/p>\n<p><span style=\"background-color: #f86d0e; padding: 30px; margin-left: 30px;\"><a style=\"color: white; font-size: 20px;\" href=\"https:\/\/publikumskonferenz.de\/blog\/foerdermitgliedschaft\/\">F\u00f6rdermitglied werden<\/a><\/span><\/p>\n<div class=\"twoclick_social_bookmarks_post_10552 social_share_privacy clearfix 1.6.4 locale-de_DE sprite-de_DE\"><\/div><div class=\"twoclick-js\"><script type=\"text\/javascript\">\/* <![CDATA[ *\/\njQuery(document).ready(function($){if($('.twoclick_social_bookmarks_post_10552')){$('.twoclick_social_bookmarks_post_10552').socialSharePrivacy({\"services\":{\"facebook\":{\"status\":\"on\",\"txt_info\":\"2 Klicks f\\u00fcr mehr Datenschutz: Erst wenn Sie hier klicken, wird der Button aktiv und Sie k\\u00f6nnen Ihre Empfehlung an Facebook senden. Schon beim Aktivieren werden Daten an Dritte \\u00fcbertragen - siehe <em>i<\\\/em>.\",\"perma_option\":\"off\",\"action\":\"like\",\"language\":\"de_DE\"},\"twitter\":{\"reply_to\":\"\",\"tweet_text\":\"%20Hallo%20ARD%20%E2%80%94%20Sie%20haben%20da%20etwas%20%E2%80%9Evergessen%E2%80%9C%20%C2%BB%20St%C3%A4ndige%20...\",\"status\":\"on\",\"txt_info\":\"2 Klicks f\\u00fcr mehr Datenschutz: Erst wenn Sie hier klicken, wird der Button aktiv und Sie k\\u00f6nnen Ihre Empfehlung an Twitter senden. Schon beim Aktivieren werden Daten an Dritte \\u00fcbertragen - siehe <em>i<\\\/em>.\",\"perma_option\":\"off\",\"language\":\"de\",\"referrer_track\":\"\"}},\"txt_help\":\"Wenn Sie diese Felder durch einen Klick aktivieren, werden Informationen an Facebook, Twitter, Flattr, Xing, t3n, LinkedIn, Pinterest oder Google eventuell ins Ausland \\u00fcbertragen und unter Umst\\u00e4nden auch dort gespeichert. N\\u00e4heres erfahren Sie durch einen Klick auf das <em>i<\\\/em>.\",\"settings_perma\":\"Dauerhaft aktivieren und Daten\\u00fcber-tragung zustimmen:\",\"info_link\":\"http:\\\/\\\/www.heise.de\\\/ct\\\/artikel\\\/2-Klicks-fuer-mehr-Datenschutz-1333879.html\",\"uri\":\"https:\\\/\\\/publikumskonferenz.de\\\/blog\\\/hallo-ard-sie-haben-da-etwas-vergessen-2\\\/\",\"post_id\":10552,\"post_title_referrer_track\":\"Hallo+ARD+%E2%80%94+Sie+haben+da+etwas+%E2%80%9Evergessen%E2%80%9C\",\"display_infobox\":\"on\"});}});\n\/* ]]> *\/<\/script><\/div>","protected":false},"excerpt":{"rendered":"<p>Desinformation bedeutet Manipulation: Etwas, das systematisch durch ARD und Co. betrieben wird. Manipulation ist das Ziel von Propaganda. Propaganda bedient sich bekannter Werkzeuge. Dazu geh\u00f6ren zum Beispiel das Agenda-Setting. Der Scheinwerfer soll das Interesse auf einen bestimmten Aspekt lenken. Schon &hellip;<\/p>\n<p class=\"read-more\"> <a class=\"more-link\" href=\"https:\/\/publikumskonferenz.de\/blog\/hallo-ard-sie-haben-da-etwas-vergessen-2\/\"> <span class=\"screen-reader-text\">Hallo ARD \u2014 Sie haben da etwas \u201evergessen\u201c<\/span> Weiterlesen &raquo;<\/a><\/p>\n","protected":false},"author":2,"featured_media":5392,"comment_status":"closed","ping_status":"open","sticky":false,"template":"","format":"standard","meta":{"footnotes":""},"categories":[1],"tags":[5,62,112,86,190,34,7,9,10],"class_list":["post-10552","post","type-post","status-publish","format-standard","has-post-thumbnail","hentry","category-news","tag-ard","tag-desinformation","tag-eu","tag-oeffentlich-rechtliche-anstalten","tag-propaganda","tag-putin","tag-russland","tag-tagesschau","tag-ukraine"],"_links":{"self":[{"href":"https:\/\/publikumskonferenz.de\/blog\/wp-json\/wp\/v2\/posts\/10552","targetHints":{"allow":["GET"]}}],"collection":[{"href":"https:\/\/publikumskonferenz.de\/blog\/wp-json\/wp\/v2\/posts"}],"about":[{"href":"https:\/\/publikumskonferenz.de\/blog\/wp-json\/wp\/v2\/types\/post"}],"author":[{"embeddable":true,"href":"https:\/\/publikumskonferenz.de\/blog\/wp-json\/wp\/v2\/users\/2"}],"replies":[{"embeddable":true,"href":"https:\/\/publikumskonferenz.de\/blog\/wp-json\/wp\/v2\/comments?post=10552"}],"version-history":[{"count":6,"href":"https:\/\/publikumskonferenz.de\/blog\/wp-json\/wp\/v2\/posts\/10552\/revisions"}],"predecessor-version":[{"id":10558,"href":"https:\/\/publikumskonferenz.de\/blog\/wp-json\/wp\/v2\/posts\/10552\/revisions\/10558"}],"wp:featuredmedia":[{"embeddable":true,"href":"https:\/\/publikumskonferenz.de\/blog\/wp-json\/wp\/v2\/media\/5392"}],"wp:attachment":[{"href":"https:\/\/publikumskonferenz.de\/blog\/wp-json\/wp\/v2\/media?parent=10552"}],"wp:term":[{"taxonomy":"category","embeddable":true,"href":"https:\/\/publikumskonferenz.de\/blog\/wp-json\/wp\/v2\/categories?post=10552"},{"taxonomy":"post_tag","embeddable":true,"href":"https:\/\/publikumskonferenz.de\/blog\/wp-json\/wp\/v2\/tags?post=10552"}],"curies":[{"name":"wp","href":"https:\/\/api.w.org\/{rel}","templated":true}]}}