{"id":11095,"date":"2025-10-30T09:20:59","date_gmt":"2025-10-30T08:20:59","guid":{"rendered":"https:\/\/publikumskonferenz.de\/blog\/?p=11095"},"modified":"2025-11-01T09:06:25","modified_gmt":"2025-11-01T08:06:25","slug":"multimillionaer-merz-kriegskanzler-der-geldaristokratie","status":"publish","type":"post","link":"https:\/\/publikumskonferenz.de\/blog\/multimillionaer-merz-kriegskanzler-der-geldaristokratie\/","title":{"rendered":"Multimillion\u00e4r Merz, Kriegskanzler der Geldaristokratie"},"content":{"rendered":"<p><strong>\u2026und n\u00fctzlicher Idiot des US-Imperiums \/ \u201eMan kann einen Menschen zum Kongress f\u00fchren, aber man kann ihn nicht zum Denken zwingen.\u201c<\/strong><a href=\"#_edn1\" name=\"_ednref1\">[1]<\/a><\/p>\n<p><em>Von Friedhelm Klinkhammer und Volker Br\u00e4utigam<\/em><\/p>\n<p><strong>Gesch\u00e4tzte Leserinnen und Leser, bitte aufgemerkt: <em>\u201eDie Bundesrepublik Deutschland ist ein demokratischer und sozialer Bundesstaat\u201c<\/em>. Doch doch, das steht immer noch im Grundgesetz.<\/strong><a href=\"#_edn2\" name=\"_ednref2\">[2]<\/a><strong> Sogar zweimal.<\/strong><a href=\"#_edn3\" name=\"_ednref3\">[3]<\/a><strong> Der Fachbegriff dazu: \u201eSozialstaatsklausel.\u201c Sie verpflichtet den Staat, seinen B\u00fcrgern eine sichere Lebensgrundlage zu bieten. Haben wir das drauf? Sch\u00f6n, und jetzt die Musik dazu: Den reichsten 5 Prozent der Deutschen, 256 (Multi-)Milliard\u00e4ren<\/strong><a href=\"#_edn4\" name=\"_ednref4\">[4]<\/a><strong> und knapp 3 Millionen (Multi-)Million\u00e4ren, geh\u00f6ren 48 Prozent des gesamten Volksverm\u00f6gens.<\/strong><a href=\"#_edn5\" name=\"_ednref5\">[5]<\/a><strong><sup>, <\/sup><\/strong><a href=\"#_edn6\" name=\"_ednref6\">[6]<\/a> <strong>Andererseits fristen im Land der Dichter und Denker 13 Millionen Menschen ihr Dasein unterhalb der Armutsgrenze<\/strong><a href=\"#_edn7\" name=\"_ednref7\">[7]<\/a><strong>. 15,5 Prozent der Gesamtbev\u00f6lkerung. Wir haben dreimal mehr arme Schlucker als reiche Schn\u00f6sel. Was f\u00e4llt uns dazu ein? Ach ja: Das Privatverm\u00f6gen unseres Kanzlers wird vorsichtig auf 12 Millionen Euro gesch\u00e4tzt.<\/strong><a href=\"#_edn8\" name=\"_ednref8\">[8]<\/a><strong> Nix Genaues wei\u00df man nicht. Eine Offenlegungspflicht f\u00fcr Regierungspolitiker gibt es sogar in den USA, aber nicht in Deutschland.<\/strong><\/p>\n<p><strong>\u00a0<\/strong>Bei seinem Amtsantritt legte der Bundeskanzler den im Grundgesetz vorformulierten Eid ab:<\/p>\n<p><em>\u201e<\/em><em>Ich schw\u00f6re, dass ich meine Kraft dem Wohle des deutschen Volkes widmen, seinen Nutzen mehren, Schaden von ihm wenden, das Grundgesetz und die Gesetze des Bundes wahren und verteidigen, meine Pflichten gewissenhaft erf\u00fcllen und Gerechtigkeit gegen jedermann \u00fcben werde. So wahr mir Gott helfe.\u201c<a href=\"#_edn9\" name=\"_ednref9\"><strong>[9]<\/strong><\/a><\/em><\/p>\n<p>Bedauerlicherweise ist \u201eAmtsmeineid\u201c nicht strafbar. Dass Merz, anstatt dem Wohle des deutschen Volks zu dienen, eher dessen wirtschaftlichen und sozialen Niedergang organisiert und nur den Nutzen von Seinesgleichen mehrt, bleibt f\u00fcr ihn juristisch folgenlos. Gew\u00e4hlt ist gew\u00e4hlt; warum sollten deutsche Formaldemokratie-Opfer kl\u00fcger sein als US-amerikanische, die sich einen Milliard\u00e4r Trump an die Backe holten?<\/p>\n<p>F\u00fcr Unsereinen muss es Ehrensache sein, ein gegebenes Versprechen zu halten. F\u00fcr Politiker und deren Wahlversprechen gilt das nur sehr bedingt. F\u00fcr Merz und seine Regierungskumpanei gar nicht. Er verst\u00f6\u00dft mit seinem krankhaften aber zugkr\u00e4ftigen Russenhass (\u201ePutinklatsche\u201c) und blinden Philo-Zionismus gegen die grundgesetzliche Pflicht, dem Frieden und der V\u00f6lkerverst\u00e4ndigung zu dienen.<a href=\"#_edn10\" name=\"_ednref10\">[10]<\/a> F\u00fcr ihn gilt offenkundig: \u201eKrieg ist kein Fehler. Er ist ein Gesch\u00e4ftsmodell.\u201c<a href=\"#_edn11\" name=\"_ednref11\">[11]<\/a> Drum k\u00f6nnen er und seine mitregierende Sippschaft auch Milliarden Euro Steuergelder daf\u00fcr ausgeben, dass ukrainische und russische St\u00e4dte in Schutt und Asche bombardiert werden, w\u00e4hrend seine Leute hierzulande dabei versagen, die kaputten Schulklos reparieren zu lassen. Dass sie f\u00e4hig und willens w\u00e4ren, die Kinder- und Altersarmut in Deutschland zu beseitigen, wagt man eh nicht mal zu tr\u00e4umen.<\/p>\n<p>Schauen wir uns das an: Kaum im Amt, sicherte Merz dem autorit\u00e4ren und korrupten Regime<a href=\"#_edn12\" name=\"_ednref12\">[12]<\/a> der Ukraine f\u00fcnf weitere Milliarden Euro f\u00fcr Milit\u00e4rhilfe zu.<a href=\"#_edn13\" name=\"_ednref13\">[13]<\/a> Zugleich kassierte er sein Wahlversprechen, die hohe Stromsteuer f\u00fcr Privathaushalte zu senken. Die ebenfalls versprochene Erh\u00f6hung der M\u00fctterrente schob er auf die lange Bank. Er nahm lieber den Kampf gegen die Armen auf statt gegen die Armut. Erwartungsgem\u00e4\u00df unter dem Beifall der Systemmedien.<a href=\"#_edn14\" name=\"_ednref14\">[14]<\/a><\/p>\n<p><iframe loading=\"lazy\"  id=\"_ytid_64701\"  width=\"605\" height=\"340\"  data-origwidth=\"605\" data-origheight=\"340\" src=\"https:\/\/www.youtube.com\/embed\/vdjMar4eDjc?enablejsapi=1&#038;autoplay=0&#038;cc_load_policy=0&#038;cc_lang_pref=&#038;iv_load_policy=1&#038;loop=0&#038;rel=1&#038;fs=1&#038;playsinline=0&#038;autohide=2&#038;theme=dark&#038;color=red&#038;controls=1&#038;disablekb=0&#038;\" class=\"__youtube_prefs__  epyt-is-override  no-lazyload\" title=\"YouTube player\"  allow=\"fullscreen; accelerometer; autoplay; clipboard-write; encrypted-media; gyroscope; picture-in-picture; web-share\" referrerpolicy=\"strict-origin-when-cross-origin\" allowfullscreen data-no-lazy=\"1\" data-skipgform_ajax_framebjll=\"\"><\/iframe><\/p>\n<p>Wer hat uns verraten? Sozialdemokraten!<\/p>\n<p><em>\u201eEigentum verpflichtet. Sein Gebrauch soll zugleich dem Wohle der Allgemeinheit dienen.\u201c<\/em> Theoretisch, laut Grundgesetz.<a href=\"#_edn15\" name=\"_ednref15\">[15]<\/a> In der Praxis f\u00fchrt das Berliner Regime nicht etwa eine Verm\u00f6gensabgabe ein, sondern tauft lieber das B\u00fcrgergeld in \u201eGrundsicherung\u201c um und stellt die Bed\u00fcrftigen unter Kuratel: Mitleidlos wird sanktioniert, Kleinstersparnisse werden abgepresst und Mindestanspr\u00fcche an menschengerechtes Wohnen abgesenkt.<a href=\"#_edn16\" name=\"_ednref16\">[16]<\/a> Statt einer Anpassung an die inflation\u00e4re Preissteigerung bei den Lebenshaltungskosten gibt es in der Grundsicherung eine Nullrunde.<a href=\"#_edn17\" name=\"_ednref17\"><strong>[17]<\/strong><\/a> Die SPD-Koalitionsminister B\u00e4rbel Bas und Lars Klingbeil tarnen diese asoziale Politik unter Selbstgerechtigkeitsschleim:<\/p>\n<p><em>\u201eWir helfen auf dem Weg in Arbeit, aber daf\u00fcr muss man mitmachen. Alles andere ist unfair gegen\u00fcber denjenigen, die jeden Morgen aufstehen.<\/em>\u201c<a href=\"#_edn18\" name=\"_ednref18\">[18]<\/a><\/p>\n<p>Hoch mit euch, ihr faulen S\u00e4cke! Madame Bas wei\u00df schlie\u00dflich, womit man hierzulande Karrierepunkte macht. Sie steht ja auch jeden Morgen auf und bezieht j\u00e4hrlich 265 000 Euro<a href=\"#_edn19\" name=\"_ednref19\">[19]<\/a>, aus Steuermitteln. Ob ausk\u00f6mmliche Arbeitsangebote \u00fcberhaupt verf\u00fcgbar sind, muss sie keinen Jobcenter-B\u00fcrokraten mehr fragen. Anders als die von ihr so ver\u00e4chtlich kujonierten Bed\u00fcrftigen. Die n\u00e4mlich d\u00fcrfen zuschauen, wo sie angesichts des seit drei Jahren abnehmenden Brutto-Inlandprodukts (zuletzt minus 0,3 und 0,5 Prozent)<a href=\"#_edn20\" name=\"_ednref20\">[20]<\/a> sowie zunehmender Arbeitslosigkeit (offiziell zugegebene Quote 6,3 Prozent) bleiben.<\/p>\n<p>Den Zusammenhang zwischen kostspielig kriegst\u00fcchtiger Au\u00dfenpolitik, russenfeindlicher, uns selbst sch\u00e4digender Sanktionspolitik und den angeblich unvermeidlichen sozialen K\u00fcrzungen ber\u00fccksichtigt Madame Bas sowieso nicht. Sie behauptet lieber frech, die Sanktionierung der Bed\u00fcrftigen sei ein erprobtes Mittel, Menschen in Arbeit zu bringen. Bl\u00f6dsinn: Im Jahr 2011 gab es 1,99 Millionen erwerbsf\u00e4hige arbeitslose Hartz-IV-Empf\u00e4nger, 3 Prozent davon wurden sanktioniert. Im vorigen Jahr hatten wir 1,8 Millionen B\u00fcrgergeldbezieher, davon 0,8 Prozent unter Sanktionen.<a href=\"#_edn21\" name=\"_ednref21\">[21]<\/a> Strafma\u00dfnahmen gegen Betroffene senken die Arbeitslosigkeit um keinen Deut. Jeder halbwegs Nachdenkliche kann das begreifen.<\/p>\n<p>Die Politiker-L\u00fcgen \u00fcber Notwendigkeit und Sinn der Zwangsma\u00dfnahmen gegen Arbeitslose dienen vielmehr dem Systemerhalt und blocken die Frage ab, wie es nur dazu kommen konnte, dass das reichste 1 Prozent der Deutschen\u00a0 \u00fcber 35 Prozent des privaten Geldverm\u00f6gens verf\u00fcgt, \u00fcber 3,1 Billionen (3 100 000 000 000!) Euro. Diese Zahl basiert auf dem j\u00fcngsten Bundesbankbericht \u00fcber das private Geldverm\u00f6gen: 9,001 Billionen Euro<a href=\"#_edn22\" name=\"_ednref22\">[22]<\/a> (ohne Immobilien, Anlagen und Pretiosen).<\/p>\n<p><strong>Kriechtiere und Regenw\u00fcrmer<\/strong><\/p>\n<p>Zumindest im Groben m\u00fcssten diese Fakten im Bewusstsein der Bundesb\u00fcrger verankert sein. Sind sie nat\u00fcrlich nicht. Daf\u00fcr sorgen die regierungsfrommen und ansonsten meist belanglosen \u201eInformationsangebote\u201c des \u00f6ffentlich-rechtlichen Rundfunks, voran die der Tagesschau. Immerhin aber mal eine gute Nachricht: Der \u00f6ffentlich-rechtliche Rundfunk verliert an Vertrauen.<a href=\"#_edn23\" name=\"_ednref23\">[23]<\/a> Jetzt die schlechte: Den dortigen Kriechtier-Journalismus h\u00e4lt auch das nicht auf.<\/p>\n<p>Sanktionen und der Ruf nach ihnen, beide sind Herrschaftsmittel. Die Pr\u00fcgel und die Drohung mit dem Pr\u00fcgel. Sie bedienen das widerliche Bed\u00fcrfnis, die Unterprivilegierten auszugrenzen, zu diskriminieren und zu den S\u00fcndenb\u00f6cken der Nation zu machen. Das zeigt sich an Umfragen, wonach Restriktionen gegen \u201edie da unten\u201c von 85 Prozent der Befragten begr\u00fc\u00dft werden.<a href=\"#_edn24\" name=\"_ednref24\">[24]<\/a> F\u00fcr die tats\u00e4chlichen Umst\u00e4nde und Motive der \u201eArbeitsverweigerer\u201c interessiert sich kein Schwein.<\/p>\n<p>Unger\u00fchrt wird andererseits hingenommen, dass mittels \u201eStaatsknete\u201c ein fl\u00e4chendeckendes Lohndumping stattfindet und aus Steuermitteln finanziert wird: 800 000 Arbeitnehmer bekommen so geringe L\u00f6hne, dass sie mit B\u00fcrgergeld unterst\u00fctzt werden m\u00fcssen. Das kostet 7 Milliarden Euro, Tendenz steigend, mit denen der Staat anstelle der Arbeitgeber die L\u00f6hne aufstockt.<a href=\"#_edn25\" name=\"_ednref25\">[25]<\/a> Eine deutliche Mindestlohnerh\u00f6hung ist f\u00fcr das Merz-Regime kein Thema. Es w\u00fcrde die Produktionsmittelbesitzer und die arbeitgebernahen Thinktanks ver\u00e4rgern.<\/p>\n<p>Vergleichende Werbung ist in Deutschland verboten. Der Vergleich von Pers\u00f6nlichkeiten anhand ihrer politischen Aussagen hingegen nicht. Stellen wir also gegen\u00fcber: Die Ansicht des Sympathietr\u00e4gers und TV-\u201eKommissars\u201c Walter Sittler, vorgebracht auf dem \u201eRoten Sofa\u201c des NDR,<\/p>\n<p><em>\u201eWir haben nicht zu hohe <\/em>[Sozial-]<em>Ausgaben, sondern zu niedrige Einnahmen. Bei <\/em>[Bundeskanzler]<em> Kohl betrug der Spitzensatz der Einkommensteuer noch 56 Prozent, und niemand hat gejammert. Heute haben wir 44 Prozent\u201c<\/em>.<a href=\"#_edn26\" name=\"_ednref26\">[26]<\/a> <a href=\"#_ftn1\" name=\"_ftnref1\">[*]<\/a><\/p>\n<p>Und die Behauptung eines Bundeskanzlers, dessen politischer Instinkt und soziales Bewusstsein dem der meisten Regenw\u00fcrmer in nichts nachstehen:<\/p>\n<p><em>\u201eWir k\u00f6nnen uns dieses System, das wir heute so haben, einfach nicht mehr leisten.\u201c<a href=\"#_edn27\" name=\"_ednref27\"><strong>[27]<\/strong><\/a><\/em><\/p>\n<p>Er meinte nat\u00fcrlich nicht unser kapitalistisches Wirtschafts- und Finanzsystem, sondern unsere Sozialversicherung.<\/p>\n<p>Dass Merz nach diesem Satz, gesprochen auf dem Landesparteitag der CDU Nordrhein-Westfalen, dort nicht ausgelacht wurde und keine faulen Eier auf ihn flogen, ist noch begreiflich. Dass ihn die Tagesschau w\u00f6rtlich zitierte, ohne seine Behauptung als unversch\u00e4mt verlogen kenntlich zu machen, darf uns aber auch nicht mehr \u00fcberraschen. Auf einen Schlag fast eine Billion Euro neue Staatsschulden machen, vorzugsweise zugunsten der R\u00fcstungsindustrie, privatim ein Flugzeug, zwei Villen (in Brilon und am Tegernsee) sowie etliche Millionen Euronen gebunkert haben und dann behaupten, f\u00fcr den <em>rest of the world<\/em> sei nix mehr \u00fcbrig: Das erkl\u00e4rt, warum des Kanzlers Sympathiewerte mit der Anziehungskraft eines acht Tage alten Pfannkuchens konkurrieren. Und es erkl\u00e4rt, warum Exkanzlerin Merkel sich den Typen stets vom Leibe hielt.<a href=\"#_edn28\" name=\"_ednref28\">[28]<\/a><\/p>\n<p>Alle Statistiken widerlegen den Bundeskanzler: Es gibt keine Explosion der Sozialausgaben. Sie trotzdem zu behaupten, ist propagandistisches Gelaber des Geldadels und seiner Auftragnehmer in Politik und Medien. Die Sozialleistungsquote, das Verh\u00e4ltnis von Sozialausgaben zur Wirtschaftsleistung (Bruttoinlandsprodukt, BIP) ist, abgesehen von krisenbedingten Schwankungen, nur geringf\u00fcgig gestiegen. Deutschland liegt mit 30 Prozent im Mittelfeld der 18 reichsten OECD-L\u00e4nder.<a href=\"#_edn29\" name=\"_ednref29\">[29]<\/a><\/p>\n<p>Die Ausgaben f\u00fcr Arbeitslosengeld und Grundsicherung von Erwerbslosen (B\u00fcrgergeld) sind sogar, gemessen am BIP, in den letzten 20 Jahren von 2,8 Prozent auf 1,7 Prozent gesunken. Die Ausgaben f\u00fcr die Renten bewegen sich auf einem \u00e4hnlichen Niveau wie in den letzten Jahren. So sieht die Wirklichkeit aus! Aber es gilt: \u201eWer Panzer finanziert, braucht S\u00fcndenb\u00f6cke.\u201c<a href=\"#_edn30\" name=\"_ednref30\">[30]<\/a> Was scheren einen Kanzler der Million\u00e4re schon die sozialen Fakten.<\/p>\n<p>Der Wirtschaftswissenschaftler Adam Smith hat vor 250 Jahren ein bis heute g\u00fcltiges Gerechtigkeitsprinzip f\u00fcr die Staatsfinanzierung entwickelt. Es sieht vor allem eine (prozentual) gleiche Besteuerung und Abgabenbelastung \u00a0nach Ma\u00dfgabe der Leistungsf\u00e4higkeit vor.<a href=\"#_edn31\" name=\"_ednref31\">[31]<\/a><\/p>\n<p><strong>Portion Sozialneid gef\u00e4llig?<\/strong><\/p>\n<p>Herbert Diess, abgehalfterter VW-Spitzenmanager, bezog zuletzt ein Jahresgehalt von 11,2 Millionen Euro.<a href=\"#_edn32\" name=\"_ednref32\">[32]<\/a> Das durchschnittliche Jahreseinkommen in Deutschland liegt bei rund 50 000 Euro. Na klar, an dieser Summe haben auch unsere angestellten Einkommensmillion\u00e4re mitgewirkt. Jetzt aber kommt es: Allein die durchschnittlichen Sozialabgaben betragen f\u00fcr Arbeitnehmer 19,7 Prozent ihres Einkommens.<a href=\"#_edn33\" name=\"_ednref33\">[33]<\/a> Otto Normalverdiener legt daf\u00fcr also schlappe 10 200 Euro hin. Herbert Diess m\u00fcsste demnach 2,2 Millionen Euro zahlen \u2013 wenn, ja wenn unsere Besser- und Bestverdiener nicht mit schicken Beitragsbemessungs-Obergrenzen gesch\u00fctzt w\u00fcrden, auf dass diese Reichen immer reicher werden k\u00f6nnen. Herbert Diess hatte f\u00fcglich nicht mal 11 000 Euro Sozialabgaben zu zahlen. 0,5 Prozent seines Bruttogehalts als Sozialabgabe. Das macht and\u00e4chtig, gelle?<\/p>\n<p>\u00dcbrigens: Kanzler Merz, Vizekanzler Klingbeil, Arbeitsministerin Bas und das restliche regierende Funktionspersonal m\u00fcssen weder Renten- noch Arbeitslosenversicherungsbeitr\u00e4ge bezahlen. Bundesminister haben schon nach einer Amtszeit von vier Jahren einen Pensionsanspruch von 4990 Euro.<a href=\"#_edn34\" name=\"_ednref34\">[34]<\/a> Nur f\u00fcr Kranken- und Pflegeversicherung m\u00fcssen sie bis zur Beitragsobergrenze abdr\u00fccken. Ein Klacks f\u00fcr die Damen und Herren. Und diese Leute stellen sich hin und verordnen dem Volk Entbehrungen. Solche Charakterlosigkeit besang Heinrich Heine schon vor 180 Jahren:<\/p>\n<p><em>\u201eIch kenne die Weise, ich kenne den Text \/ ich kenn\u2018 auch die Herren Verfasser \/ Ich wei\u00df, sie tranken heimlich Wein \/ und predigten \u00f6ffentlich Wasser.\u201c<\/em><a href=\"#_edn35\" name=\"_ednref35\">[35]<\/a><\/p>\n<p>Zu den Sozialversicherungsbeitr\u00e4gen kommen f\u00fcrs gemeine Volk saftige Steuern. Sie treiben die Abgaben-Gesamtlast bei einem tats\u00e4chlich durchschnittlichen Arbeitslohn von monatlich brutto 4100 Euro<a href=\"#_edn36\" name=\"_ednref36\">[36]<\/a> auf circa 42,3 Prozent.<a href=\"#_edn37\" name=\"_ednref37\">[37]<\/a> Vom verbleibenden Netto muss der Arbeitnehmer dann Mehrwertsteuer entrichten auf Waren und Dienstleistungen, die er zur Sicherung seines Lebensunterhalts braucht, sch\u00e4tzungsweise einen weiteren Anteil von 10 Prozent seines Einkommens.<\/p>\n<p>Obendrauf kommen Verluste durch die Inflation. Seit 2021 sind beispielsweise die Lebensmittelpreise um rund 30 Prozent gestiegen.<a href=\"#_edn38\" name=\"_ednref38\">[38]<\/a> Haupts\u00e4chlicher Preistreiber war und ist der hysterische Russenhass der europ\u00e4ischen Eliten. Deren saudumme Sanktionspolitik schadet zwar Russland kaum, dem deutschen Arbeitnehmer daf\u00fcr aber umso mehr.<\/p>\n<p><strong>Reich und privilegiert<\/strong><\/p>\n<p>Wie bei den Sozialabgaben werden die Reichen auch bei der Einkommensteuer privilegiert: Von ihren Millionengeh\u00e4ltern aufgrund der Besch\u00e4ftigungsverh\u00e4ltnisse (Beispiel VW-Diess) zahlen sie nat\u00fcrlich Einkommensteuer, allerdings nur bis zu einem Spitzensatz von 45 Prozent (ab 277 000 Euro Jahreseinkommen). Ihre Einkommen aus Verm\u00f6gen, Dividenden und Zinsen werden nur mit 25 Prozent besteuert. Die Verm\u00f6gen selbst bleiben g\u00e4nzlich steuerfrei. Die Verm\u00f6genssteuer wurde 1997 abgeschafft.<a href=\"#_edn39\" name=\"_ednref39\">[39]<\/a><\/p>\n<p>Laut einer Oxfam-Studie zahlen Multimillion\u00e4re in Deutschland effektiv blo\u00df etwa 28 Prozent Einkommensteuer, Milliard\u00e4re 26 Prozent.<a href=\"#_edn40\" name=\"_ednref40\">[40]<\/a> \u00a0Es stimmt schon: \u201eDer Staat hat kein Ausgabenproblem, sondern ein Gerechtigkeitsproblem.\u201c<a href=\"#_edn41\" name=\"_ednref41\">[41]<\/a> Die Tagesschau berichtet:<\/p>\n<p><em>\u201eAllerdings spricht sich Bundeskanzler Friedrich Merz (CDU) strikt gegen Steuererh\u00f6hungen aus und verweist auf den Koalitionsvertrag, der derartige Ma\u00dfnahmen ausschlie\u00dfe.\u201c<\/em><a href=\"#_edn42\" name=\"_ednref42\">[42]<\/a><\/p>\n<p>Dass Merz soziale Anwandlungen habe, kann man ihm wahrlich nicht nachsagen.<\/p>\n<p>Ein historisches, vorbildliches Gegenst\u00fcck zu unserem stinkreichen Ellenbogen-Kanzler: US-Pr\u00e4sident Franklin D. Roosevelt. In einer Zeit \u201eschwerer nationaler Gefahr\u201c, erkl\u00e4rte er im April 1942 vor dem Kongress, <em>\u201esollte kein amerikanischer B\u00fcrger nach Abzug der Steuern ein Nettoeinkommen von mehr als 25.000 Dollar pro Jahr haben.\u201c <\/em>(Heute w\u00e4ren das ungef\u00e4hr 350.000 Dollar, immer noch ein Haufen Geld). Es dauerte, bis Roosevelt sich durchsetzte. Aber zum Ende des Zweiten Weltkrieges hin mussten Amerikas Reiche auf alle Einkommen \u00fcber 200.000 Dollar sage und schreibe 94 Prozent Steuern zahlen.<a href=\"#_edn43\" name=\"_ednref43\">[43]<\/a> Durch die Bank, alle, ausnahmslos.<\/p>\n<p>F\u00fcr den vormaligen Chef des Aufsichtsrats der\u00a0BlackRock\u00a0Asset Management Deutschland AG, Kanzler Friedrich Merz, ein Ding der Unm\u00f6glichkeit. Der weigert sich nicht nur, dem Allgemeinwohl zu dienen, indem er den immens Reichen ein paar zus\u00e4tzliche Euro abkn\u00f6pft. Er beantwortet die Probleme im Inland lieber mit Bomben f\u00fcrs Ausland. Seine Regierung will insgesamt 377 Milliarden Euro f\u00fcr R\u00fcstungsg\u00fcter verschleudern.<a href=\"#_edn44\" name=\"_ednref44\">[44]<\/a> Ein wahrer \u201e<em>Master of War<\/em>\u201c (Meister des Krieges), wie Bob Dylan diese absto\u00dfende Sorte Mensch in einem seiner Songs beschrieb:<\/p>\n<p><em>\u201eIhr befestigt die Abzugsh\u00e4hne \/ Die andere dr\u00fccken sollen \/ Dann lehnt ihr euch zur\u00fcck und seht zu \/ wie die Gefallenenliste l\u00e4nger wird \/ Ihr versteckt euch in euren Villen \/ W\u00e4hrend das Blut der jungen Leute \/ Aus ihren Leibern flie\u00dft \/ Und im Dreck versickert.\u201c<a href=\"#_edn45\" name=\"_ednref45\"><strong>[45]<\/strong><\/a><\/em><\/p>\n<p><em>\u201eRussland muss diesen Krieg verlieren.\u201c<\/em><a href=\"#_edn46\" name=\"_ednref46\">[46]<\/a> Merz hat es h\u00e4ufig genug verk\u00fcndet. Kein T\u00e4uschungsmittel, keine perfide Erfindung<a href=\"#_edn47\" name=\"_ednref47\">[47]<\/a> ist ihm zu primitiv, um der \u00d6ffentlichkeit Angst vor einer \u201erussischen\u201c Bedrohung einzureden. Mit massiver Agitation versucht er, den Krieg in der Ukraine als im Interesse Deutschlands, seiner Demokratie und Freiheit liegend zu verkl\u00e4ren. Der Sauerl\u00e4nder reizt zu einer gedanklichen Anleihe beim Satiriker Georg Schramm: <em>Wenn Deutschlands Demokratie von der Ukraine verteidigt wird, dann muss das Sauerland auch die Freiheit der Ukraine verteidigen<\/em>. Logo.<\/p>\n<p>Die deutschen Milit\u00e4rausgaben stiegen von 2014 bis 2024 nach NATO-Kriterien von j\u00e4hrlichen 34,7 Milliarden auf 86.6 Milliarden Euro. 2029 (sp\u00e4testens dann greift ja angeblich der Russe an) sollen es schlie\u00dflich 152 Milliarden sein.<a href=\"#_edn48\" name=\"_ednref48\">[48]<\/a><\/p>\n<p>Friedrich Merz zeigt mit seiner polarisierenden Rhetorik, wie sehr er den Interessen der herrschenden Militaristen- und Million\u00e4rsclique verbunden ist. Er spaltet unsere Gesellschaft. Seine Angriffe auf B\u00fcrgergeldempf\u00e4nger sind mitleidlos. Seine Sozialstaatskritik ist stockreaktion\u00e4r. Zur Abrundung dieses Kanzler-Bildes: Der Mann verprasste schon in den ersten drei Monaten seiner Amtszeit 12 501,30 Euro aus der Staatskasse f\u00fcr seinen Friseur und f\u00fcr Kosmetik.<a href=\"#_edn49\" name=\"_ednref49\">[49]<\/a><\/p>\n<p>Ein wahrer Diener des Volkes.<\/p>\n<p>Die Tagesschau verweigert auftragswidrig umfassende Informationen \u00fcber das asoziale Sein und Treiben unserer politischen Vorturner. Warum? Auch darauf findet sich in Heines Lyrik eine schl\u00fcssige Antwort:<\/p>\n<p><em>\u201eUnd die Moral? Der Journalist \/ Verschweigt sie heute mit klugem Zagen \/ Denn m\u00e4chtig verb\u00fcndet in unseren Tagen \/ Das reiche Ungeziefer ist. \/ Es sitzt mit dem Geldsack unter dem Arsch \/ Und trommelt siegreich den Dessauer Marsch.\u201c<a href=\"#_edn50\" name=\"_ednref50\"><strong>[50]<\/strong><\/a><\/em><\/p>\n<p>(Anm.: In Heinrich Heines Lied \u201e<em>Es sa\u00df ein brauner Wanzerich<\/em>\u201c wird zwar kein \u201eJournalist\u201c besungen, sondern der \u201eFabulist\u201c. Aber das kommt bei der Tagesschau ja aufs Gleiche raus).<\/p>\n<p><a href=\"#_ftnref1\" name=\"_ftn1\">[*]<\/a> Aus privater Mitschrift zitiert. In der NDR-Mediathek ist nur eine um ca. 12 Minuten gek\u00fcrzte Fassung der Sendung (s. Link) zu sehen, die fragliche Passage mit Sittlers Bemerkung fehlt.<\/p>\n<p>Korrekturhinweis: Zahlenfehler im Absatz &#8222;Die Politikerl\u00fcgen \u00fcber Notwendigkeit&#8230;.&#8220;\u00a0 am 01.11.2025 korrigiert.<\/p>\n<p><a href=\"#_ednref1\" name=\"_edn1\"><\/a><strong>Quellen:<\/strong><\/p>\n<p>Bildquelle: Imago<\/p>\n<p><a href=\"http:\/\/Multimillion\u00e4r Merz, Kriegskanzler der Geldaristokratie\">[1]<\/a> <a href=\"https:\/\/klugwort.de\/zitat\/man-kann-einen-menschen-zum-milton-berle\">https:\/\/klugwort.de\/zitat\/man-kann-einen-menschen-zum-milton-berle<\/a><br \/>\n<a href=\"#_ednref2\" name=\"_edn2\">[2]<\/a> <a href=\"https:\/\/www.gesetze-im-internet.de\/gg\/art_20.html\">https:\/\/www.gesetze-im-internet.de\/gg\/art_20.html<\/a><br \/>\n<a href=\"#_ednref3\" name=\"_edn3\">[3]<\/a> <a href=\"https:\/\/www.gesetze-im-internet.de\/gg\/art_28.html\">https:\/\/www.gesetze-im-internet.de\/gg\/art_28.html<\/a><br \/>\n<a href=\"#_ednref4\" name=\"_edn4\">[4]<\/a> <a href=\"https:\/\/www.tagesspiegel.de\/wirtschaft\/ihnen-gehoren-116-billionen-euro-zahl-der-milliardare-in-deutschland-steigt-offenbar-auf-rekordhoch-14509952.html\">https:\/\/www.tagesspiegel.de\/wirtschaft\/ihnen-gehoren-116-billionen-euro-zahl-der-milliardare-in-deutschland-steigt-offenbar-auf-rekordhoch-14509952.html<\/a><br \/>\n<a href=\"#_ednref5\" name=\"_edn5\">[5]<\/a> <a href=\"https:\/\/www.youtube.com\/watch?app=desktop&amp;v=YfJwgq7ZrFg&amp;t=24s\">https:\/\/www.youtube.com\/watch?app=desktop&amp;v=YfJwgq7ZrFg&amp;t=24s<\/a><br \/>\n<a href=\"#_ednref6\" name=\"_edn6\">[6]<\/a> <a href=\"https:\/\/www.sparkasse.de\/pk\/ratgeber\/finanzplanung\/finanzen-und-haushalt\/millionaere-in-deutschland.html\">https:\/\/www.sparkasse.de\/pk\/ratgeber\/finanzplanung\/finanzen-und-haushalt\/millionaere-in-deutschland.html<\/a><br \/>\n<a href=\"#_ednref7\" name=\"_edn7\">[7]<\/a> <a href=\"https:\/\/www.upday.com\/de\/news\/5-millionen-deutsche-konnen-sich-grundlegendes-nicht-leisten\/32g1cwv\">https:\/\/www.upday.com\/de\/news\/5-millionen-deutsche-konnen-sich-grundlegendes-nicht-leisten\/32g1cwv<\/a><br \/>\n<a href=\"#_ednref8\" name=\"_edn8\">[8]<\/a> <a href=\"https:\/\/faktastisch.de\/finanzen\/friedrich-merz-privatvermoegen\">https:\/\/faktastisch.de\/finanzen\/friedrich-merz-privatvermoegen<\/a><br \/>\n<a href=\"#_ednref9\" name=\"_edn9\">[9]<\/a> <a href=\"https:\/\/www.gesetze-im-internet.de\/gg\/art_56.html\">https:\/\/www.gesetze-im-internet.de\/gg\/art_56.html<\/a><br \/>\n<a href=\"#_ednref10\" name=\"_edn10\">[10]<\/a> <a href=\"https:\/\/www.friedenskooperative.de\/friedensforum\/artikel\/den-friedensauftrag-aus-art-26-gg-endlich\">https:\/\/www.friedenskooperative.de\/friedensforum\/artikel\/den-friedensauftrag-aus-art-26-gg-endlich<\/a><br \/>\n<a href=\"#_ednref11\" name=\"_edn11\">[11]<\/a> <a href=\"https:\/\/x.com\/nxt888\/status\/1937017090386641027\">https:\/\/x.com\/nxt888\/status\/1937017090386641027<\/a><br \/>\n<a href=\"#_ednref12\" name=\"_edn12\">[12]<\/a> <a href=\"https:\/\/www.deutschlandfunk.de\/ukraine-korruption-selenskyi-100.html\">https:\/\/www.deutschlandfunk.de\/ukraine-korruption-selenskyi-100.html<\/a><br \/>\n<a href=\"#_ednref13\" name=\"_edn13\">[13]<\/a> <a href=\"https:\/\/www.youtube.com\/watch?v=vdjMar4eDjc\">https:\/\/www.youtube.com\/watch?v=vdjMar4eDjc<\/a><br \/>\n<a href=\"#_ednref14\" name=\"_edn14\">[14]<\/a> <a href=\"https:\/\/www.sueddeutsche.de\/meinung\/buergergeld-baerbel-bas-reform-quadratmeterdeckel-kommentar-li.3324762?reduced=true\">https:\/\/www.sueddeutsche.de\/meinung\/buergergeld-baerbel-bas-reform-quadratmeterdeckel-kommentar-li.3324762?reduced=true<\/a><br \/>\n<a href=\"#_ednref15\" name=\"_edn15\">[15]<\/a> <a href=\"https:\/\/www.gesetze-im-internet.de\/gg\/art_14.html\">https:\/\/www.gesetze-im-internet.de\/gg\/art_14.html<\/a><br \/>\n<a href=\"#_ednref16\" name=\"_edn16\">[16]<\/a> <a href=\"https:\/\/www.jacobin.de\/artikel\/grundsicherung-buergergeld-hartz-iv-koalitionsausschuss-baerbel-bas-friedrich-merz\">https:\/\/www.jacobin.de\/artikel\/grundsicherung-buergergeld-hartz-iv-koalitionsausschuss-baerbel-bas-friedrich-merz<\/a><br \/>\n<a href=\"#_ednref17\" name=\"_edn17\">[17]<\/a> <a href=\"https:\/\/www.deutschlandfunk.de\/bas-kuendigt-nullrunde-beim-buergergeld-und-haertere-sanktionen-an-100.html\">https:\/\/www.deutschlandfunk.de\/bas-kuendigt-nullrunde-beim-buergergeld-und-haertere-sanktionen-an-100.html<\/a><br \/>\n<a href=\"#_ednref18\" name=\"_edn18\">[18]<\/a> <a href=\"https:\/\/www.tagesschau.de\/inland\/innenpolitik\/bas-buergergeld-nullrunde-100.html\">https:\/\/www.tagesschau.de\/inland\/innenpolitik\/bas-buergergeld-nullrunde-100.html<\/a><br \/>\n<a href=\"#_ednref19\" name=\"_edn19\">[19]<\/a> <a href=\"https:\/\/www.baerbelbas.de\/images\/downloadfiles\/steuerbescheide\/steuerbescheid_2023.pdf\">https:\/\/www.baerbelbas.de\/images\/downloadfiles\/steuerbescheide\/steuerbescheid_2023.pdf<\/a><br \/>\n<a href=\"#_ednref20\" name=\"_edn20\">[20]<\/a> <a href=\"https:\/\/de.statista.com\/statistik\/daten\/studie\/164923\/umfrage\/prognose-zur-entwicklung-des-bip-in-deutschland\/\">https:\/\/de.statista.com\/statistik\/daten\/studie\/164923\/umfrage\/prognose-zur-entwicklung-des-bip-in-deutschland\/<\/a><br \/>\n<a href=\"#_ednref21\" name=\"_edn21\">[21]<\/a> <a href=\"https:\/\/de.statista.com\/statistik\/daten\/studie\/1396\/umfrage\/leistungsempfaenger-von-arbeitslosengeld-ii-jahresdurchschnittswerte\/\">https:\/\/de.statista.com\/statistik\/daten\/studie\/1396\/umfrage\/leistungsempfaenger-von-arbeitslosengeld-ii-jahresdurchschnittswerte\/<\/a><br \/>\n<a href=\"#_ednref22\" name=\"_edn22\">[22]<\/a> <a href=\"https:\/\/www.bundesbank.de\/de\/presse\/pressenotizen\/geldvermoegensbildung-und-aussenfinanzierung-in-deutschland-im-dritten-quartal-2024-945458\">https:\/\/www.bundesbank.de\/de\/presse\/pressenotizen\/geldvermoegensbildung-und-aussenfinanzierung-in-deutschland-im-dritten-quartal-2024-945458<\/a><br \/>\n<a href=\"#_ednref23\" name=\"_edn23\">[23]<\/a> <a href=\"https:\/\/deutsch.news-pravda.com\/world\/2025\/09\/24\/477589.html\">https:\/\/deutsch.news-pravda.com\/world\/2025\/09\/24\/477589.html<\/a><br \/>\n<a href=\"#_ednref24\" name=\"_edn24\">[24]<\/a> <a href=\"https:\/\/presse.wdr.de\/plounge\/tv\/das_erste\/2025\/09\/20250903_deutschlandtrend_sozialpolitik.html\">https:\/\/presse.wdr.de\/plounge\/tv\/das_erste\/2025\/09\/20250903_deutschlandtrend_sozialpolitik.html<\/a><br \/>\n<a href=\"#_ednref25\" name=\"_edn25\">[25]<\/a> <a href=\"https:\/\/www.buerger-geld.org\/news\/buergergeld\/gehalt-plus-buergergeld-immer-mehr-arbeitnehmer-auf-staatliche-zahlungen-angewiesen\/\">https:\/\/www.buerger-geld.org\/news\/buergergeld\/gehalt-plus-buergergeld-immer-mehr-arbeitnehmer-auf-staatliche-zahlungen-angewiesen\/<\/a><br \/>\n<a href=\"#_ednref26\" name=\"_edn26\">[26]<\/a> <a href=\"https:\/\/www.ardmediathek.de\/video\/das-rote-sofa\/schauspieler-walter-sittler-auf-dem-roten-sofa\/ndr\/Y3JpZDovL25kci5kZS9wcm9wbGFuXzE5NjM2NzcyNl9nYW56ZVNlbmR1bmc\">https:\/\/www.ardmediathek.de\/video\/das-rote-sofa\/schauspieler-walter-sittler-auf-dem-roten-sofa\/ndr\/Y3JpZDovL25kci5kZS9wcm9wbGFuXzE5NjM2NzcyNl9nYW56ZVNlbmR1bmc<\/a><br \/>\n<a href=\"#_ednref27\" name=\"_edn27\">[27]<\/a> <a href=\"https:\/\/www.tagesschau.de\/inland\/merz-fordert-einsparungen-sozialsystem-100.html\">https:\/\/www.tagesschau.de\/inland\/merz-fordert-einsparungen-sozialsystem-100.html<\/a><br \/>\n<a href=\"#_ednref28\" name=\"_edn28\">[28]<\/a><a href=\"https:\/\/www.n-tv.de\/politik\/Merkels-Kritik-an-Merz-im-Wortlaut-article25526531.html\"> https:\/\/www.n-tv.de\/politik\/Merkels-Kritik-an-Merz-im-Wortlaut-article25526531.html<\/a><br \/>\n<a href=\"#_ednref29\" name=\"_edn29\">[29]<\/a> <a href=\"https:\/\/wipo.verdi.de\/publikationen\/++co++6271e2aa-8f22-11f0-a1a1-79ef581b5312\">https:\/\/wipo.verdi.de\/publikationen\/++co++6271e2aa-8f22-11f0-a1a1-79ef581b5312<\/a><br \/>\n<a href=\"#_ednref30\" name=\"_edn30\">[30]<\/a> <a href=\"https:\/\/widerdenken.de\/der-sozialstaat-auf-dem-sperrmuell\/\">https:\/\/widerdenken.de\/der-sozialstaat-auf-dem-sperrmuell\/<\/a><br \/>\n<a href=\"#_ednref31\" name=\"_edn31\">[31]<\/a> <a href=\"https:\/\/www.bpb.de\/shop\/zeitschriften\/apuz\/155703\/gerechtigkeits-prinzipien-des-deutschen-steuersystems\/\">https:\/\/www.bpb.de\/shop\/zeitschriften\/apuz\/155703\/gerechtigkeits-prinzipien-des-deutschen-steuersystems\/<\/a><br \/>\n<a href=\"#_ednref32\" name=\"_edn32\">[32]<\/a> <a href=\"https:\/\/deutsche-wirtschafts-nachrichten.de\/717436\/bestbezahlter-vw-manager-herbert-diess-verlaesst-vw-endgueltig\">https:\/\/deutsche-wirtschafts-nachrichten.de\/717436\/bestbezahlter-vw-manager-herbert-diess-verlaesst-vw-endgueltig<\/a><br \/>\n<a href=\"#_ednref33\" name=\"_edn33\">[33]<\/a> <a href=\"https:\/\/www.lohn-info.de\/sozialversicherungsbeitraege2025.html\">https:\/\/www.lohn-info.de\/sozialversicherungsbeitraege2025.html<\/a><br \/>\n<a href=\"#_ednref34\" name=\"_edn34\">[34]<\/a> <a href=\"https:\/\/steuerzahler.de\/aktion-position\/politikfinanzierung\/bundesminister\/\">https:\/\/steuerzahler.de\/aktion-position\/politikfinanzierung\/bundesminister\/<\/a><br \/>\n<a href=\"#_ednref35\" name=\"_edn35\">[35]<\/a> <a href=\"https:\/\/gutezitate.com\/zitat\/154724\">https:\/\/gutezitate.com\/zitat\/154724<\/a><br \/>\n<a href=\"#_ednref36\" name=\"_edn36\">[36]<\/a> <a href=\"https:\/\/studyflix.de\/jobs\/karriere-tipps\/durchschnittsgehalt-deutschland-6112\">https:\/\/studyflix.de\/jobs\/karriere-tipps\/durchschnittsgehalt-deutschland-6112<\/a><br \/>\n<a href=\"#_ednref37\" name=\"_edn37\">[37]<\/a> <a href=\"https:\/\/www.nwb-experten-blog.de\/abgabenlast-auf-arbeitseinkommen-auf-rekordhoehe-woran-liegt-das-und-was-muesste-sich-aendern\/\">https:\/\/www.nwb-experten-blog.de\/abgabenlast-auf-arbeitseinkommen-auf-rekordhoehe-woran-liegt-das-und-was-muesste-sich-aendern\/<\/a><br \/>\n<a href=\"#_ednref38\" name=\"_edn38\">[38]<\/a> <a href=\"https:\/\/studyflix.de\/jobs\/karriere-tipps\/durchschnittsgehalt-deutschland-6112\">https:\/\/studyflix.de\/jobs\/karriere-tipps\/durchschnittsgehalt-deutschland-6112<\/a><br \/>\n<a href=\"#_ednref39\" name=\"_edn39\">[39]<\/a> <a href=\"https:\/\/www.deutschlandfunk.de\/vermoegenssteuer-soziale-gerechtigkeit-100.html#Abschaffung\">https:\/\/www.deutschlandfunk.de\/vermoegenssteuer-soziale-gerechtigkeit-100.html#Abschaffung<\/a><br \/>\n<a href=\"#_ednref40\" name=\"_edn40\">[40]<\/a><a href=\"https:\/\/www.oxfam.de\/system\/files\/documents\/oxfam_u.a._2024_superreiche_wieder_gerecht_besteuern_online.pdf\">https:\/\/www.oxfam.de\/system\/files\/documents\/oxfam_u.a._2024_superreiche_wieder_gerecht_besteuern_online.pdf<\/a><br \/>\n<a href=\"#_ednref41\" name=\"_edn41\">[41]<\/a> <a href=\"https:\/\/www.moment.at\/story\/der-staat-hat-kein-ausgabenproblem-sondern-ein-gerechtigkeitsproblem\/\">https:\/\/www.moment.at\/story\/der-staat-hat-kein-ausgabenproblem-sondern-ein-gerechtigkeitsproblem\/<\/a><br \/>\n<a href=\"#_ednref42\" name=\"_edn42\">[42]<\/a> <a href=\"https:\/\/www.tagesschau.de\/inland\/deutschlandtrend\/deutschlandtrend-3488.html\">https:\/\/www.tagesschau.de\/inland\/deutschlandtrend\/deutschlandtrend-3488.html<\/a><br \/>\n<a href=\"#_ednref43\" name=\"_edn43\">[43]<\/a> <a href=\"https:\/\/flaglerlive.com\/gc-fdr-and-taxes\/\">https:\/\/flaglerlive.com\/gc-fdr-and-taxes\/<\/a><br \/>\n<a href=\"#_ednref44\" name=\"_edn44\">[44]<\/a> <a href=\"https:\/\/deutsch.news-pravda.com\/world\/2025\/10\/27\/501076.html\">https:\/\/deutsch.news-pravda.com\/world\/2025\/10\/27\/501076.html<\/a><br \/>\n<a href=\"#_ednref45\" name=\"_edn45\">[45]<\/a> <a href=\"https:\/\/www.songtexte.com\/uebersetzung\/bob-dylan\/masters-of-war-deutsch-7bd68adc.html\">https:\/\/www.songtexte.com\/uebersetzung\/bob-dylan\/masters-of-war-deutsch-7bd68adc.html<\/a><br \/>\n<a href=\"#_ednref46\" name=\"_edn46\">[46]<\/a> <a href=\"https:\/\/www.welt.de\/politik\/deutschland\/video250970224\/Zwei-Jahre-Zeitenwende-Friedrich-Merz-Russland-muss-diesen-Krieg-verlieren.html\">https:\/\/www.welt.de\/politik\/deutschland\/video250970224\/Zwei-Jahre-Zeitenwende-Friedrich-Merz-Russland-muss-diesen-Krieg-verlieren.html<\/a><br \/>\n<a href=\"#_ednref47\" name=\"_edn47\">[47]<\/a> <a href=\"https:\/\/dert.online\/inland\/260167-wagenknecht-wirft-merz-fake-news-ueber-russland-drohnen-vor\/\">https:\/\/dert.online\/inland\/260167-wagenknecht-wirft-merz-fake-news-ueber-russland-drohnen-vor\/<\/a><br \/>\n<a href=\"#_ednref48\" name=\"_edn48\">[48]<\/a> <a href=\"https:\/\/www.hintergrund.de\/soziales\/sozialabbau\/kanonen-statt-butter-2\/\">https:\/\/www.hintergrund.de\/soziales\/sozialabbau\/kanonen-statt-butter-2\/<\/a><br \/>\n<a href=\"#_ednref49\" name=\"_edn49\">[49]<\/a> <a href=\"https:\/\/www.stern.de\/politik\/deutschland\/minister-der-regierung--so-viel-kosten-ihre-visagisten-und-friseure-36003172.html\">https:\/\/www.stern.de\/politik\/deutschland\/minister-der-regierung&#8211;so-viel-kosten-ihre-visagisten-und-friseure-36003172.html<\/a><br \/>\n<a href=\"#_ednref50\" name=\"_edn50\">[50]<\/a> <a href=\"https:\/\/www.lieder.net\/lieder\/get_text.html?TextId=38019\">https:\/\/www.lieder.net\/lieder\/get_text.html?TextId=38019<\/a><\/p>\n<p><strong>\u00a0<\/strong><\/p>\n<p><strong>Anmerkung der Autoren:<\/strong><\/p>\n<p>Unsere Beitr\u00e4ge stehen zur freien Verf\u00fcgung. Wir schreiben nicht f\u00fcr Honorar, sondern gegen die \u201emediale Massenverbl\u00f6dung\u201c (in memoriam Peter Scholl-Latour). Die Texte werden vom Verein \u201eSt\u00e4ndige Publikumskonferenz \u00f6ffentlich-rechtlicher Medien e.V.\u201c dokumentiert: <a href=\"https:\/\/publikumskonferenz.de\/blog\">https:\/\/publikumskonferenz.de\/blog<\/a><\/p>\n<p>&nbsp;<\/p>\n<p><span style=\"background-color: #f86d0e; padding: 30px; margin-left: 30px;\"><a style=\"color: white; font-size: 20px;\" href=\"https:\/\/publikumskonferenz.de\/blog\/foerdermitgliedschaft\/\">F\u00f6rdermitglied werden<\/a><\/span><\/p>\n<div class=\"twoclick_social_bookmarks_post_11095 social_share_privacy clearfix 1.6.4 locale-de_DE sprite-de_DE\"><\/div><div class=\"twoclick-js\"><script type=\"text\/javascript\">\/* <![CDATA[ *\/\njQuery(document).ready(function($){if($('.twoclick_social_bookmarks_post_11095')){$('.twoclick_social_bookmarks_post_11095').socialSharePrivacy({\"services\":{\"facebook\":{\"status\":\"on\",\"txt_info\":\"2 Klicks f\\u00fcr mehr Datenschutz: Erst wenn Sie hier klicken, wird der Button aktiv und Sie k\\u00f6nnen Ihre Empfehlung an Facebook senden. Schon beim Aktivieren werden Daten an Dritte \\u00fcbertragen - siehe <em>i<\\\/em>.\",\"perma_option\":\"off\",\"action\":\"like\",\"language\":\"de_DE\"},\"twitter\":{\"reply_to\":\"\",\"tweet_text\":\"%20Multimillion%C3%A4r%20Merz%2C%20Kriegskanzler%20der%20Geldaristokratie%20%C2%BB%20St%C3%A4ndige%20...\",\"status\":\"on\",\"txt_info\":\"2 Klicks f\\u00fcr mehr Datenschutz: Erst wenn Sie hier klicken, wird der Button aktiv und Sie k\\u00f6nnen Ihre Empfehlung an Twitter senden. Schon beim Aktivieren werden Daten an Dritte \\u00fcbertragen - siehe <em>i<\\\/em>.\",\"perma_option\":\"off\",\"language\":\"de\",\"referrer_track\":\"\"}},\"txt_help\":\"Wenn Sie diese Felder durch einen Klick aktivieren, werden Informationen an Facebook, Twitter, Flattr, Xing, t3n, LinkedIn, Pinterest oder Google eventuell ins Ausland \\u00fcbertragen und unter Umst\\u00e4nden auch dort gespeichert. N\\u00e4heres erfahren Sie durch einen Klick auf das <em>i<\\\/em>.\",\"settings_perma\":\"Dauerhaft aktivieren und Daten\\u00fcber-tragung zustimmen:\",\"info_link\":\"http:\\\/\\\/www.heise.de\\\/ct\\\/artikel\\\/2-Klicks-fuer-mehr-Datenschutz-1333879.html\",\"uri\":\"https:\\\/\\\/publikumskonferenz.de\\\/blog\\\/multimillionaer-merz-kriegskanzler-der-geldaristokratie\\\/\",\"post_id\":11095,\"post_title_referrer_track\":\"Multimillion%C3%A4r+Merz%2C+Kriegskanzler+der+Geldaristokratie\",\"display_infobox\":\"on\"});}});\n\/* ]]> *\/<\/script><\/div>","protected":false},"excerpt":{"rendered":"<p>\u2026und n\u00fctzlicher Idiot des US-Imperiums \/ \u201eMan kann einen Menschen zum Kongress f\u00fchren, aber man kann ihn nicht zum Denken zwingen.\u201c[1] Von Friedhelm Klinkhammer und Volker Br\u00e4utigam Gesch\u00e4tzte Leserinnen und Leser, bitte aufgemerkt: \u201eDie Bundesrepublik Deutschland ist ein demokratischer und &hellip;<\/p>\n<p class=\"read-more\"> <a class=\"more-link\" href=\"https:\/\/publikumskonferenz.de\/blog\/multimillionaer-merz-kriegskanzler-der-geldaristokratie\/\"> <span class=\"screen-reader-text\">Multimillion\u00e4r Merz, Kriegskanzler der Geldaristokratie<\/span> Weiterlesen &raquo;<\/a><\/p>\n","protected":false},"author":2,"featured_media":11098,"comment_status":"closed","ping_status":"open","sticky":false,"template":"","format":"standard","meta":{"footnotes":""},"categories":[1],"tags":[444,308,736,712,737,7,703,738,67,9,10],"class_list":["post-11095","post","type-post","status-publish","format-standard","has-post-thumbnail","hentry","category-news","tag-cdu","tag-geopolitik","tag-kriegskanzler","tag-merz","tag-russenhass","tag-russland","tag-soziales","tag-sozialneid","tag-spd","tag-tagesschau","tag-ukraine"],"_links":{"self":[{"href":"https:\/\/publikumskonferenz.de\/blog\/wp-json\/wp\/v2\/posts\/11095","targetHints":{"allow":["GET"]}}],"collection":[{"href":"https:\/\/publikumskonferenz.de\/blog\/wp-json\/wp\/v2\/posts"}],"about":[{"href":"https:\/\/publikumskonferenz.de\/blog\/wp-json\/wp\/v2\/types\/post"}],"author":[{"embeddable":true,"href":"https:\/\/publikumskonferenz.de\/blog\/wp-json\/wp\/v2\/users\/2"}],"replies":[{"embeddable":true,"href":"https:\/\/publikumskonferenz.de\/blog\/wp-json\/wp\/v2\/comments?post=11095"}],"version-history":[{"count":6,"href":"https:\/\/publikumskonferenz.de\/blog\/wp-json\/wp\/v2\/posts\/11095\/revisions"}],"predecessor-version":[{"id":11104,"href":"https:\/\/publikumskonferenz.de\/blog\/wp-json\/wp\/v2\/posts\/11095\/revisions\/11104"}],"wp:featuredmedia":[{"embeddable":true,"href":"https:\/\/publikumskonferenz.de\/blog\/wp-json\/wp\/v2\/media\/11098"}],"wp:attachment":[{"href":"https:\/\/publikumskonferenz.de\/blog\/wp-json\/wp\/v2\/media?parent=11095"}],"wp:term":[{"taxonomy":"category","embeddable":true,"href":"https:\/\/publikumskonferenz.de\/blog\/wp-json\/wp\/v2\/categories?post=11095"},{"taxonomy":"post_tag","embeddable":true,"href":"https:\/\/publikumskonferenz.de\/blog\/wp-json\/wp\/v2\/tags?post=11095"}],"curies":[{"name":"wp","href":"https:\/\/api.w.org\/{rel}","templated":true}]}}