{"id":271,"date":"2015-02-13T12:44:08","date_gmt":"2015-02-13T11:44:08","guid":{"rendered":"https:\/\/publikumskonferenz.de\/blog\/?p=271"},"modified":"2017-04-16T11:34:08","modified_gmt":"2017-04-16T10:34:08","slug":"je-suis-chapel-hill","status":"publish","type":"post","link":"https:\/\/publikumskonferenz.de\/blog\/je-suis-chapel-hill\/","title":{"rendered":"Je suis Chapel Hill"},"content":{"rendered":"<p>Bei einem <a href=\"https:\/\/www.youtube.com\/watch?v=jfLUGsSt5T4\">Dreifachmord in der US-amerikanischen Universit\u00e4tsstadt Chapel Hill<\/a> wurden bereits am Dienstag, den 10.02.2015 drei Studenten auf offener Stra\u00dfe erschossen &#8211; ja geradezu hingerichtet. Die jungen Muslime waren zwischen 19 und 23 Jahre alt und wurden mit Kopfsch\u00fcssen niedergestreckt. Der feige Mord an diesen jungen Leuten sorgt in den sozialen Medien weltweit f\u00fcr Aufsehen. Ihre Verdienste, ihre herausragende Bildung und ihr soziales Engagement wurden gew\u00fcrdigt und auf Twitter wurden im Sekundentakt Beitr\u00e4ge mit den Hashtags <a href=\"https:\/\/twitter.com\/hashtag\/ChapelHillShooting?src=hash\">#ChapelHillShooting<\/a> und <a href=\"https:\/\/twitter.com\/search?q=%23MuslimLivesMatter&#038;src=typd\">#MuslimLivesMatter<\/a> gepostet.<\/p>\n<blockquote><p>&#8222;Stell dir vor, ein Moslem t\u00f6tet in den USA drei Studenten christlichen Glaubens. Wie w\u00fcrde die Welt reagieren?&#8220;, vermisst ein User den \u00f6ffentlichen Aufschrei nach dem Dreifachmord.<\/p><\/blockquote>\n<blockquote><p>Ein anderer schreibt: &#8222;f\u00fcr #ARD und #ZDF taugt der #Muslim anscheinend nur als Terrorist #MuslimLivesMatter #ChapeHillShooting&#8220;.<\/p><\/blockquote>\n<blockquote><p>&#8222;W\u00e4re der M\u00f6rder ein Moslem gewesen, h\u00e4tten wir jetzt wieder eine Terrorismus Debatte  #ChapelHillShooting #MuslimLivesMatter&#8220;<\/p><\/blockquote>\n<p>Religionswissenschaftler Michael Blume kritisierte in einem <a href=\"http:\/\/www.scilogs.de\/natur-des-glaubens\/als-tagesschau-und-tagesthemen-beim-chapelhillshooting-versagten\">Blogeintrag auf \u201eScilogs\u201c<\/a>, dass weder die Tagesschau noch die Tagesthemen \u00fcber die Tat berichtet h\u00e4tten. \u201eH\u00e4tte ich nicht Twitter und Facebook genutzt, so h\u00e4tten mich diese verst\u00f6renden Meldungen aus den USA \u00fcberhaupt nicht erreicht\u201c, schreibt Blume.<\/p>\n<p><!--more--><\/p>\n<p><a href=\"https:\/\/publikumskonferenz.de\/blog\/wp-content\/uploads\/2015\/02\/Karikatur.jpg\"><img loading=\"lazy\" decoding=\"async\" src=\"https:\/\/publikumskonferenz.de\/blog\/wp-content\/uploads\/2015\/02\/Karikatur-300x178.jpg\" alt=\"Karikatur\" width=\"300\" height=\"178\" class=\"alignnone size-medium wp-image-272\" srcset=\"https:\/\/publikumskonferenz.de\/blog\/wp-content\/uploads\/2015\/02\/Karikatur-300x178.jpg 300w, https:\/\/publikumskonferenz.de\/blog\/wp-content\/uploads\/2015\/02\/Karikatur-100x59.jpg 100w, https:\/\/publikumskonferenz.de\/blog\/wp-content\/uploads\/2015\/02\/Karikatur-150x89.jpg 150w, https:\/\/publikumskonferenz.de\/blog\/wp-content\/uploads\/2015\/02\/Karikatur-200x119.jpg 200w, https:\/\/publikumskonferenz.de\/blog\/wp-content\/uploads\/2015\/02\/Karikatur-450x267.jpg 450w, https:\/\/publikumskonferenz.de\/blog\/wp-content\/uploads\/2015\/02\/Karikatur-600x356.jpg 600w, https:\/\/publikumskonferenz.de\/blog\/wp-content\/uploads\/2015\/02\/Karikatur.jpg 632w\" sizes=\"auto, (max-width: 300px) 100vw, 300px\" \/><\/a><\/p>\n<p>Viele Medien berichteten umgehend \u00fcber dieses Verbrechen &#8211; nicht so Flagschiff und &#8222;Marktf\u00fchrer&#8220; der deutschen Nachrichtengebung &#8222;Tagesschau&#8220;, die sich nach Protesten ob dieser Nachrichtenverweigerung  zu folgender Rechtfertigung gen\u00f6tigt sah:<\/p>\n<p>Zitiert von der Facebookseite:<br \/>\n<em>Der Mord an drei jungen Menschen im US-Bundesstaat North Carolina hat viele Menschen bewegt. Vor allem in den sozialen Netzwerken wird heute die Frage gestellt, warum verschiedene Medien, auch wir, nicht fr\u00fcher dar\u00fcber berichtet haben. Gestern war bekanntlich ein sehr nachrichtenstarker, f\u00fcr die Stabilit\u00e4t Europas bedeutender Tag: Der Gipfel von Minsk beherrschte alle Nachrichten, hinzu kam der Konflikt um die griechischen Schulden. Auch das Urteil gegen den Kapit\u00e4n des gesunkenen Kreuzfahrtschiffes Costa Concordia interessierte sehr viele. Die Nachrichtensendungen waren gepr\u00e4gt von vielen Live-Schalten, weshalb so manche Planung ver\u00e4ndert werden musste. So konnten wir letztlich entgegen der Planung in den Tagesthemen nur einen kurzen Bericht senden zum Staatsakt f\u00fcr den verstorbenen fr\u00fcheren Bundespr\u00e4sidenten Weizs\u00e4cker. Auch dieses Thema hatte hohe Bedeutung. &#8222;Als sei die alte Bundesrepublik gestorben&#8220;, \u00fcberschrieb etwa die Welt ihren gestrigen Artikel. Solche Entscheidungen schmerzen, sie sind der Dynamik einer aktuellen Nachrichtensendung geschuldet. Zur\u00fcck zur Schie\u00dferei in Chapel Hill: Die erste Meldung erreichte die Redaktion am Morgen. Meldungen \u00fcber Schie\u00dfereien in den USA erreichen uns &#8211; leider &#8211; fast t\u00e4glich. Im Laufe des gestrigen Tages gab es zahlreiche Spekulationen dar\u00fcber, ob die Morde m\u00f6glicherweise einen religi\u00f6sen oder rassistischen Hintergrund haben k\u00f6nnten. Die Ehefrau des Todessch\u00fctzen zum Beispiel erkl\u00e4rte gestern in Interviews, dass die Morde nicht religi\u00f6s oder rassistisch motiviert waren, sondern dass es um einen bereits lange andauernden Parkplatz-Streit ging. Vor dem Hintergrund dieser Bewertung und angesichts der dominierenden anderen Nachrichten zur Zukunft Europas ist dieses Ereignis zun\u00e4chst unber\u00fccksichtigt geblieben. Die stetig steigende Zahl an Reaktionen auf die Tat &#8211; nicht nur in den sozialen Netzwerken, aber auch die Tatsache, dass tausende Menschen in den USA zum Gedenken an die Opfer auf die Stra\u00dfe gegangen sind, hat uns dazu bewogen, heute in der Hauptausgabe der Tagesschau um 20 Uhr, auf <a href=\"http:\/\/www.tagesschau.de\/ausland\/chapelhill-101.html\">tagesschau.de<\/a> und im ARD-Nachtmagazin \u00fcber das Thema zu berichten.<\/em> <\/p>\n<p>Man braucht sicherlich nicht lange fachsimpeln, warum dieses Hassverbrechen an den drei jungen Leuten es nicht auf Anhieb in die \u00f6ffentlich-rechtliche Nachrichtengebung schaffte. Es gen\u00fcgt, sich die entsprechenden Sendungen anzuschauen, die seit dem Tag des Verbrechens gelaufen sind und hat schon rein emotional mehrere Ideen um sich redundanten Inhalt aus den Berichten wegzudenken und Platz f\u00fcr wirklich wichtige Meldungen zu machen. <\/p>\n<p>Mein pers\u00f6nliches Statement dazu:<br \/>\nZeitgenossen, die Menschenleben ungleich wichten, sind einfach nur ganz gew\u00f6hnliche Rassisten. Und dabei ist es v\u00f6llig unerheblich, ob sie in Parlamenten, an Stammtischen oder in Redaktionsstuben sitzen. Alle, die sich erst k\u00fcrzlich kollektiv hinter dem Slogan \u201eJe suis Charlie\u201c verschanzten und von einem allumfassenden Angriff auf die Pressefreiheit fabulierten, sollten zun\u00e4chst ihre eigene Verantwortung hinterfragen, wenn sich Ereignisse nicht in gewohnter Weise zur Instrumentalisierung eignen.<\/p>\n<div style=\"float:left;margin-top: 20px;\"><span style=\"background-color:rgb(248,109,14);padding:30px;margin-left: 30px;\"><a style=\"color:white;font-size:20px;\" href=\"https:\/\/publikumskonferenz.de\/blog\/foerdermitgliedschaft\/\">F\u00f6rdermitglied werden<\/a><\/span><\/div>\n<p><br style=\"clear:both;\" \/><\/p>\n<div class=\"twoclick_social_bookmarks_post_271 social_share_privacy clearfix 1.6.4 locale-de_DE sprite-de_DE\"><\/div><div class=\"twoclick-js\"><script type=\"text\/javascript\">\/* <![CDATA[ *\/\njQuery(document).ready(function($){if($('.twoclick_social_bookmarks_post_271')){$('.twoclick_social_bookmarks_post_271').socialSharePrivacy({\"services\":{\"facebook\":{\"status\":\"on\",\"txt_info\":\"2 Klicks f\\u00fcr mehr Datenschutz: Erst wenn Sie hier klicken, wird der Button aktiv und Sie k\\u00f6nnen Ihre Empfehlung an Facebook senden. Schon beim Aktivieren werden Daten an Dritte \\u00fcbertragen - siehe <em>i<\\\/em>.\",\"perma_option\":\"off\",\"action\":\"like\",\"language\":\"de_DE\"},\"twitter\":{\"reply_to\":\"\",\"tweet_text\":\"%20Je%20suis%20Chapel%20Hill%20%C2%BB%20St%C3%A4ndige%20Publikumskonferenz%20der%20%C3%B6ffentlich-rechtlichen%20...\",\"status\":\"on\",\"txt_info\":\"2 Klicks f\\u00fcr mehr Datenschutz: Erst wenn Sie hier klicken, wird der Button aktiv und Sie k\\u00f6nnen Ihre Empfehlung an Twitter senden. Schon beim Aktivieren werden Daten an Dritte \\u00fcbertragen - siehe <em>i<\\\/em>.\",\"perma_option\":\"off\",\"language\":\"de\",\"referrer_track\":\"\"}},\"txt_help\":\"Wenn Sie diese Felder durch einen Klick aktivieren, werden Informationen an Facebook, Twitter, Flattr, Xing, t3n, LinkedIn, Pinterest oder Google eventuell ins Ausland \\u00fcbertragen und unter Umst\\u00e4nden auch dort gespeichert. N\\u00e4heres erfahren Sie durch einen Klick auf das <em>i<\\\/em>.\",\"settings_perma\":\"Dauerhaft aktivieren und Daten\\u00fcber-tragung zustimmen:\",\"info_link\":\"http:\\\/\\\/www.heise.de\\\/ct\\\/artikel\\\/2-Klicks-fuer-mehr-Datenschutz-1333879.html\",\"uri\":\"https:\\\/\\\/publikumskonferenz.de\\\/blog\\\/je-suis-chapel-hill\\\/\",\"post_id\":271,\"post_title_referrer_track\":\"Je+suis+Chapel+Hill\",\"display_infobox\":\"on\"});}});\n\/* ]]> *\/<\/script><\/div>","protected":false},"excerpt":{"rendered":"<p>Bei einem Dreifachmord in der US-amerikanischen Universit\u00e4tsstadt Chapel Hill wurden bereits am Dienstag, den 10.02.2015 drei Studenten auf offener Stra\u00dfe erschossen &#8211; ja geradezu hingerichtet. Die jungen Muslime waren zwischen 19 und 23 Jahre alt und wurden mit Kopfsch\u00fcssen niedergestreckt. &hellip;<\/p>\n<p class=\"read-more\"> <a class=\"more-link\" href=\"https:\/\/publikumskonferenz.de\/blog\/je-suis-chapel-hill\/\"> <span class=\"screen-reader-text\">Je suis Chapel Hill<\/span> Weiterlesen &raquo;<\/a><\/p>\n","protected":false},"author":2,"featured_media":0,"comment_status":"closed","ping_status":"closed","sticky":false,"template":"","format":"standard","meta":{"footnotes":""},"categories":[1],"tags":[55,61,57,56,58,60,59],"class_list":["post-271","post","type-post","status-publish","format-standard","hentry","category-news","tag-chapel-hill","tag-facebook","tag-mord","tag-muslime","tag-soziale-medien","tag-twitter","tag-usa"],"_links":{"self":[{"href":"https:\/\/publikumskonferenz.de\/blog\/wp-json\/wp\/v2\/posts\/271","targetHints":{"allow":["GET"]}}],"collection":[{"href":"https:\/\/publikumskonferenz.de\/blog\/wp-json\/wp\/v2\/posts"}],"about":[{"href":"https:\/\/publikumskonferenz.de\/blog\/wp-json\/wp\/v2\/types\/post"}],"author":[{"embeddable":true,"href":"https:\/\/publikumskonferenz.de\/blog\/wp-json\/wp\/v2\/users\/2"}],"replies":[{"embeddable":true,"href":"https:\/\/publikumskonferenz.de\/blog\/wp-json\/wp\/v2\/comments?post=271"}],"version-history":[{"count":6,"href":"https:\/\/publikumskonferenz.de\/blog\/wp-json\/wp\/v2\/posts\/271\/revisions"}],"predecessor-version":[{"id":2617,"href":"https:\/\/publikumskonferenz.de\/blog\/wp-json\/wp\/v2\/posts\/271\/revisions\/2617"}],"wp:attachment":[{"href":"https:\/\/publikumskonferenz.de\/blog\/wp-json\/wp\/v2\/media?parent=271"}],"wp:term":[{"taxonomy":"category","embeddable":true,"href":"https:\/\/publikumskonferenz.de\/blog\/wp-json\/wp\/v2\/categories?post=271"},{"taxonomy":"post_tag","embeddable":true,"href":"https:\/\/publikumskonferenz.de\/blog\/wp-json\/wp\/v2\/tags?post=271"}],"curies":[{"name":"wp","href":"https:\/\/api.w.org\/{rel}","templated":true}]}}