{"id":2716,"date":"2017-04-23T21:34:48","date_gmt":"2017-04-23T20:34:48","guid":{"rendered":"https:\/\/publikumskonferenz.de\/blog\/?p=2716"},"modified":"2017-04-24T21:00:07","modified_gmt":"2017-04-24T20:00:07","slug":"fakes-zum-afd-parteitag","status":"publish","type":"post","link":"https:\/\/publikumskonferenz.de\/blog\/fakes-zum-afd-parteitag\/","title":{"rendered":"Fakes zum AfD-Parteitag"},"content":{"rendered":"<p><em>Beitragsbild: Screenshot ARD<\/em><\/p>\n<p><a href=\"https:\/\/publikumskonferenz.de\/forum\/viewtopic.php?f=30&#038;t=1981\">Link zur Programmbeschwerde<\/a><\/p>\n<p>Innerhalb der Berichterstattung von ard-aktuell \u2013 hier <a href=\"https:\/\/www.tagesschau.de\/multimedia\/video\/video-281599.html\">Tagesthemen vom 22.04.2017 um 23:42 Uhr<\/a> &#8211; wurde dem Zuschauer vermittelt, die Delegierten des Parteitages h\u00e4tten sich konkret und ausschlie\u00dflich gegen <a href=\"http:\/\/www.zukunftsantrag.de\/dr-frauke-petry-sachantrag-zur-strategischen-ausrichtung-der-afd\">Frauke Petrys &#8222;Zukunftsantrag&#8220;<\/a> positioniert. <\/p>\n<p><a href=\"https:\/\/publikumskonferenz.de\/blog\/wp-content\/uploads\/2017\/04\/Nichtbefassung-1.jpg\"><img loading=\"lazy\" decoding=\"async\" src=\"https:\/\/publikumskonferenz.de\/blog\/wp-content\/uploads\/2017\/04\/Nichtbefassung-1-1024x643.jpg\" alt=\"\" width=\"605\" height=\"380\" class=\"alignnone size-large wp-image-2723\" srcset=\"https:\/\/publikumskonferenz.de\/blog\/wp-content\/uploads\/2017\/04\/Nichtbefassung-1-1024x643.jpg 1024w, https:\/\/publikumskonferenz.de\/blog\/wp-content\/uploads\/2017\/04\/Nichtbefassung-1-300x189.jpg 300w, https:\/\/publikumskonferenz.de\/blog\/wp-content\/uploads\/2017\/04\/Nichtbefassung-1-768x483.jpg 768w, https:\/\/publikumskonferenz.de\/blog\/wp-content\/uploads\/2017\/04\/Nichtbefassung-1-100x63.jpg 100w, https:\/\/publikumskonferenz.de\/blog\/wp-content\/uploads\/2017\/04\/Nichtbefassung-1-150x94.jpg 150w, https:\/\/publikumskonferenz.de\/blog\/wp-content\/uploads\/2017\/04\/Nichtbefassung-1-200x126.jpg 200w, https:\/\/publikumskonferenz.de\/blog\/wp-content\/uploads\/2017\/04\/Nichtbefassung-1-450x283.jpg 450w, https:\/\/publikumskonferenz.de\/blog\/wp-content\/uploads\/2017\/04\/Nichtbefassung-1-600x377.jpg 600w, https:\/\/publikumskonferenz.de\/blog\/wp-content\/uploads\/2017\/04\/Nichtbefassung-1-900x566.jpg 900w, https:\/\/publikumskonferenz.de\/blog\/wp-content\/uploads\/2017\/04\/Nichtbefassung-1.jpg 1429w\" sizes=\"auto, (max-width: 605px) 100vw, 605px\" \/><\/a><\/p>\n<p>Die Delegierten hatten dar\u00fcber abgestimmt, <strong>alle<\/strong> Sachantr\u00e4ge, die nichts mit Hauptanliegen des Parteitags zu tun hatten, von der Tagesordnung zu nehmen. Selbst die urspr\u00fcngliche Tagesordnung wurde aus Zeitgr\u00fcnden und zu Gunsten des Ziels reduziert, sich umfassend mit dem Programm f\u00fcr den Bundestags-Wahlkampf befassen zu k\u00f6nnen. Auch Parteivorsitzende unterliegen dem Reglement des h\u00f6chsten Partei-Gremiums, wenn es um Abstimmungen geht und somit wurde auch Petrys \u00c4nderungsantrag, wie alle anderen wichtigen Antr\u00e4ge zur \u00c4nderung der Tagesordnung, pauschal abgelehnt.<\/p>\n<p>Neben der unzul\u00e4nglichen und unrichtigen Darstellung des Abstimmungsverhaltens der Delegierten darf auch die Fokussierung der Berichterstattung auf den boulevardesken Teil der Veranstaltung bem\u00e4ngelt werden, der sich um \u201eVerletzungen\u201c und die vermeintlichen Reaktionen der \u201eVerletzten\u201c bezieht.<\/p>\n<p><!--more--><\/p>\n<p>So dr\u00fcckte Petry in ihrer Rede ihr Bedauern dar\u00fcber aus, Gaulands Namen im Antrag ohne vorherige Absprache mit ihm erw\u00e4hnt zu haben. Sie versicherte, dass sie niemand habe verletzen wollen und k\u00fcndigte den Delegierten an, gemeinsam mit Gauland und einem Redaktionsteam den Text konsensf\u00e4hig formulieren zu wollen.<\/p>\n<p>Nach Ansicht der ARD-OFF-Stimme von Tamara Antoni schien <em>\u201eihr (Petrys) werben nicht zu fruchten\u2026\u201c<\/em> und zur Untermauerung dieser steilen These wurden Videosequenzen eines sichtlich ver\u00e4rgert schmollenden Gauland eingeblendet.<\/p>\n<p><a href=\"https:\/\/publikumskonferenz.de\/blog\/wp-content\/uploads\/2017\/04\/Reaktion-Gauland-Tagesthemen.jpg\"><img loading=\"lazy\" decoding=\"async\" src=\"https:\/\/publikumskonferenz.de\/blog\/wp-content\/uploads\/2017\/04\/Reaktion-Gauland-Tagesthemen-300x189.jpg\" alt=\"\" width=\"600\" height=\"380\" class=\"alignnone size-medium wp-image-2718\" srcset=\"https:\/\/publikumskonferenz.de\/blog\/wp-content\/uploads\/2017\/04\/Reaktion-Gauland-Tagesthemen-300x189.jpg 300w, https:\/\/publikumskonferenz.de\/blog\/wp-content\/uploads\/2017\/04\/Reaktion-Gauland-Tagesthemen-768x485.jpg 768w, https:\/\/publikumskonferenz.de\/blog\/wp-content\/uploads\/2017\/04\/Reaktion-Gauland-Tagesthemen-1024x646.jpg 1024w, https:\/\/publikumskonferenz.de\/blog\/wp-content\/uploads\/2017\/04\/Reaktion-Gauland-Tagesthemen-100x63.jpg 100w, https:\/\/publikumskonferenz.de\/blog\/wp-content\/uploads\/2017\/04\/Reaktion-Gauland-Tagesthemen-150x95.jpg 150w, https:\/\/publikumskonferenz.de\/blog\/wp-content\/uploads\/2017\/04\/Reaktion-Gauland-Tagesthemen-200x126.jpg 200w, https:\/\/publikumskonferenz.de\/blog\/wp-content\/uploads\/2017\/04\/Reaktion-Gauland-Tagesthemen-450x284.jpg 450w, https:\/\/publikumskonferenz.de\/blog\/wp-content\/uploads\/2017\/04\/Reaktion-Gauland-Tagesthemen-600x379.jpg 600w, https:\/\/publikumskonferenz.de\/blog\/wp-content\/uploads\/2017\/04\/Reaktion-Gauland-Tagesthemen-900x568.jpg 900w, https:\/\/publikumskonferenz.de\/blog\/wp-content\/uploads\/2017\/04\/Reaktion-Gauland-Tagesthemen.jpg 1429w\" sizes=\"auto, (max-width: 600px) 100vw, 600px\" \/><\/a> <\/p>\n<p>Da allerdings eine Einigung in dieser f\u00fcr ard-aktuell so substantiellen Frage absehbar war, fiel die Reaktion Gaulands auf Petrys Charmeoffensive in Wahrheit wie folgt aus \u2013 nachzuschauen in der <a href=\"https:\/\/www.youtube.com\/watch?v=turx7gC4_LI\">Phoenix-Dokumentation vom 22.04.2017 ab Minute 19:40. <\/a><\/p>\n<p><a href=\"https:\/\/publikumskonferenz.de\/blog\/wp-content\/uploads\/2017\/04\/Gauland-Reaktion-Phoenix.jpg\"><img loading=\"lazy\" decoding=\"async\" src=\"https:\/\/publikumskonferenz.de\/blog\/wp-content\/uploads\/2017\/04\/Gauland-Reaktion-Phoenix-300x220.jpg\" alt=\"\" width=\"600\" height=\"440\" class=\"alignnone size-medium wp-image-2719\" srcset=\"https:\/\/publikumskonferenz.de\/blog\/wp-content\/uploads\/2017\/04\/Gauland-Reaktion-Phoenix-300x220.jpg 300w, https:\/\/publikumskonferenz.de\/blog\/wp-content\/uploads\/2017\/04\/Gauland-Reaktion-Phoenix-768x564.jpg 768w, https:\/\/publikumskonferenz.de\/blog\/wp-content\/uploads\/2017\/04\/Gauland-Reaktion-Phoenix-100x73.jpg 100w, https:\/\/publikumskonferenz.de\/blog\/wp-content\/uploads\/2017\/04\/Gauland-Reaktion-Phoenix-150x110.jpg 150w, https:\/\/publikumskonferenz.de\/blog\/wp-content\/uploads\/2017\/04\/Gauland-Reaktion-Phoenix-200x147.jpg 200w, https:\/\/publikumskonferenz.de\/blog\/wp-content\/uploads\/2017\/04\/Gauland-Reaktion-Phoenix-450x331.jpg 450w, https:\/\/publikumskonferenz.de\/blog\/wp-content\/uploads\/2017\/04\/Gauland-Reaktion-Phoenix-600x441.jpg 600w, https:\/\/publikumskonferenz.de\/blog\/wp-content\/uploads\/2017\/04\/Gauland-Reaktion-Phoenix.jpg 882w\" sizes=\"auto, (max-width: 600px) 100vw, 600px\" \/><\/a><\/p>\n<p>Die von ard-aktuell an der falschen Stelle positionierte Videosequenz des ver\u00e4rgert schmollenden Gauland wurde hingegen u.a. bei Position 21:24 der <a href=\"https:\/\/www.youtube.com\/watch?v=turx7gC4_LI\">Phoenix-Dokumentation<\/a> gesichtet, als Frauke Petry das negative Erscheinungsbild der Partei nach au\u00dfen beklagte und die Frage aufwarf, wie die Partei k\u00fcnftig den Anspruch erf\u00fcllen k\u00f6nne, breitere Bev\u00f6lkerungsschichten \u2013 insbesondere die der b\u00fcrgerlichen Bev\u00f6lkerungsgruppen &#8211; zu erobern.<\/p>\n<p>Wir stellen immer wieder fest, dass es ard-aktuell m\u00fchelos gelingt, selbst in k\u00fcrzesten Berichten Desinformationen, vors\u00e4tzliche Verleitungen zu Fehlschl\u00fcssen, Fokussierung auf Nebens\u00e4chlichkeiten, falsche Akzentuierung und Bildmanipulation (*) unterzubringen.<\/p>\n<p>Siehe auch unsere <a href=\"https:\/\/publikumskonferenz.de\/forum\/viewtopic.php?f=47&#038;t=1479#p5334\">Dokumentation<\/a> der ARD-Griechenlandberichterstattung 2015 <\/p>\n<p>F\u00fcr einen Nachrichtensender mit dem Ruf Deutschlands seri\u00f6seste Informationsquelle zu sein, ist dieses notorische Verhalten gerade in Zeiten der Bek\u00e4mpfung von Fake-News und <a href=\"http:\/\/www.ard.de\/home\/ard\/ARD_de_Spezial__Fakten_statt_Fake_News\/3690810\/index.html\">hauseigenen Faktenfindern<\/a> eine Peinlichkeit, die es endg\u00fcltig abzustellen gilt. <\/p>\n<blockquote><p>\u201eFalschinformationen verbreiten sich online in Windeseile. Gezielt eingesetzt k\u00f6nnen sie zur Desinformation genutzt, <a href=\"http:\/\/www.heute.de\/bundeswahlleiter-warnt-fake-news-sollen-wahlkampf-beeinflussen-46229180.html\">Wahlabsichten manipuliert<\/a> werden. Diese Sorge treibt nicht nur Politiker vor der Bundestagswahl um. Der Bundeswahlleiter Dieter Sarreither sieht eine reale Gefahr durch gef\u00e4lschte Nachrichten (Fake News), mit denen W\u00e4hler manipuliert werden k\u00f6nnten. &#8222;Die B\u00fcrger und die Medien m\u00fcssen in diesem Wahlkampf besonders sensibel auf Nachrichten reagieren. Sie m\u00fcssen wissen, dass es Versuche gibt, sie zu manipulieren&#8220;, sagte Sarreither der Funke Mediengruppe. Parteien und Medien seien besonders aufgefordert, &#8222;durch noch sorgf\u00e4ltigere Pr\u00fcfungen falsche von richtigen Informationen zu unterscheiden&#8220;.\u201c<\/p><\/blockquote>\n<p>(*) <a href=\"https:\/\/www.ard-zdf-medienakademie.de\/mak\/Seminare.html?id=53321&#038;name=Cut,%20Content%20+%20Energy:%20Dramaturgie%20durch%20Montage#details\">&#8222;Die Stunde der Wahrheit schl\u00e4gt im Schnitt&#8220;<\/a> Ausschreibung zum Seminar &#8222;Cut, Content + Energy: Dramaturgie durch Montage&#8220;, ARD.ZDF Medienakademie<\/p>\n<p><a href=\"https:\/\/publikumskonferenz.de\/forum\/viewtopic.php?f=30&#038;t=1981\">Link zur Programmbeschwerde<\/a><\/p>\n<div style=\"float: left; margin-top: 20px;\"><span style=\"background-color: #f86d0e; padding: 30px; margin-left: 30px;\"><a style=\"color: white; font-size: 20px;\" href=\"https:\/\/publikumskonferenz.de\/blog\/foerdermitgliedschaft\/\">F\u00f6rdermitglied werden<\/a><\/span><\/div>\n<div class=\"twoclick_social_bookmarks_post_2716 social_share_privacy clearfix 1.6.4 locale-de_DE sprite-de_DE\"><\/div><div class=\"twoclick-js\"><script type=\"text\/javascript\">\/* <![CDATA[ *\/\njQuery(document).ready(function($){if($('.twoclick_social_bookmarks_post_2716')){$('.twoclick_social_bookmarks_post_2716').socialSharePrivacy({\"services\":{\"facebook\":{\"status\":\"on\",\"txt_info\":\"2 Klicks f\\u00fcr mehr Datenschutz: Erst wenn Sie hier klicken, wird der Button aktiv und Sie k\\u00f6nnen Ihre Empfehlung an Facebook senden. Schon beim Aktivieren werden Daten an Dritte \\u00fcbertragen - siehe <em>i<\\\/em>.\",\"perma_option\":\"off\",\"action\":\"like\",\"language\":\"de_DE\"},\"twitter\":{\"reply_to\":\"\",\"tweet_text\":\"%20Fakes%20zum%20AfD-Parteitag%20%C2%BB%20St%C3%A4ndige%20Publikumskonferenz%20der%20...\",\"status\":\"on\",\"txt_info\":\"2 Klicks f\\u00fcr mehr Datenschutz: Erst wenn Sie hier klicken, wird der Button aktiv und Sie k\\u00f6nnen Ihre Empfehlung an Twitter senden. Schon beim Aktivieren werden Daten an Dritte \\u00fcbertragen - siehe <em>i<\\\/em>.\",\"perma_option\":\"off\",\"language\":\"de\",\"referrer_track\":\"\"}},\"txt_help\":\"Wenn Sie diese Felder durch einen Klick aktivieren, werden Informationen an Facebook, Twitter, Flattr, Xing, t3n, LinkedIn, Pinterest oder Google eventuell ins Ausland \\u00fcbertragen und unter Umst\\u00e4nden auch dort gespeichert. N\\u00e4heres erfahren Sie durch einen Klick auf das <em>i<\\\/em>.\",\"settings_perma\":\"Dauerhaft aktivieren und Daten\\u00fcber-tragung zustimmen:\",\"info_link\":\"http:\\\/\\\/www.heise.de\\\/ct\\\/artikel\\\/2-Klicks-fuer-mehr-Datenschutz-1333879.html\",\"uri\":\"https:\\\/\\\/publikumskonferenz.de\\\/blog\\\/fakes-zum-afd-parteitag\\\/\",\"post_id\":2716,\"post_title_referrer_track\":\"Fakes+zum+AfD-Parteitag\",\"display_infobox\":\"on\"});}});\n\/* ]]> *\/<\/script><\/div>","protected":false},"excerpt":{"rendered":"<p>Beitragsbild: Screenshot ARD Link zur Programmbeschwerde Innerhalb der Berichterstattung von ard-aktuell \u2013 hier Tagesthemen vom 22.04.2017 um 23:42 Uhr &#8211; wurde dem Zuschauer vermittelt, die Delegierten des Parteitages h\u00e4tten sich konkret und ausschlie\u00dflich gegen Frauke Petrys &#8222;Zukunftsantrag&#8220; positioniert. Die Delegierten &hellip;<\/p>\n<p class=\"read-more\"> <a class=\"more-link\" href=\"https:\/\/publikumskonferenz.de\/blog\/fakes-zum-afd-parteitag\/\"> <span class=\"screen-reader-text\">Fakes zum AfD-Parteitag<\/span> Weiterlesen &raquo;<\/a><\/p>\n","protected":false},"author":2,"featured_media":2726,"comment_status":"closed","ping_status":"closed","sticky":false,"template":"","format":"standard","meta":{"footnotes":""},"categories":[1],"tags":[369,5,350,354,63],"class_list":["post-2716","post","type-post","status-publish","format-standard","has-post-thumbnail","hentry","category-news","tag-afd","tag-ard","tag-ard-faktenfinder","tag-fake-news","tag-manipulation"],"_links":{"self":[{"href":"https:\/\/publikumskonferenz.de\/blog\/wp-json\/wp\/v2\/posts\/2716","targetHints":{"allow":["GET"]}}],"collection":[{"href":"https:\/\/publikumskonferenz.de\/blog\/wp-json\/wp\/v2\/posts"}],"about":[{"href":"https:\/\/publikumskonferenz.de\/blog\/wp-json\/wp\/v2\/types\/post"}],"author":[{"embeddable":true,"href":"https:\/\/publikumskonferenz.de\/blog\/wp-json\/wp\/v2\/users\/2"}],"replies":[{"embeddable":true,"href":"https:\/\/publikumskonferenz.de\/blog\/wp-json\/wp\/v2\/comments?post=2716"}],"version-history":[{"count":13,"href":"https:\/\/publikumskonferenz.de\/blog\/wp-json\/wp\/v2\/posts\/2716\/revisions"}],"predecessor-version":[{"id":2735,"href":"https:\/\/publikumskonferenz.de\/blog\/wp-json\/wp\/v2\/posts\/2716\/revisions\/2735"}],"wp:featuredmedia":[{"embeddable":true,"href":"https:\/\/publikumskonferenz.de\/blog\/wp-json\/wp\/v2\/media\/2726"}],"wp:attachment":[{"href":"https:\/\/publikumskonferenz.de\/blog\/wp-json\/wp\/v2\/media?parent=2716"}],"wp:term":[{"taxonomy":"category","embeddable":true,"href":"https:\/\/publikumskonferenz.de\/blog\/wp-json\/wp\/v2\/categories?post=2716"},{"taxonomy":"post_tag","embeddable":true,"href":"https:\/\/publikumskonferenz.de\/blog\/wp-json\/wp\/v2\/tags?post=2716"}],"curies":[{"name":"wp","href":"https:\/\/api.w.org\/{rel}","templated":true}]}}