{"id":2766,"date":"2017-05-07T10:50:55","date_gmt":"2017-05-07T09:50:55","guid":{"rendered":"https:\/\/publikumskonferenz.de\/blog\/?p=2766"},"modified":"2017-05-08T20:12:57","modified_gmt":"2017-05-08T19:12:57","slug":"saudi-arabien-besser-als-sein-ruf","status":"publish","type":"post","link":"https:\/\/publikumskonferenz.de\/blog\/saudi-arabien-besser-als-sein-ruf\/","title":{"rendered":"&#8222;Saudi-Arabien &#8211; besser als sein Ruf&#8220;"},"content":{"rendered":"<p><em>Beitragsbild: &#8222;Peitsche&#8220; von &#8222;davidd&#8220; lizensiert unter &#8222;CC-BY&#8220;<\/em><\/p>\n<p>Der Kampagnenjournalismus der ARD nimmt, parallel zum Dauerfeuer der \u00f6ffentlichen Kritik, immer schamloser und rasanter an Fahrt auf.  Der Begriff &#8222;Staatsfunk&#8220; verkommt zum Euphemismus angesichts der bigotten Tendenz des Messens mit zweierlei Ma\u00df &#8211; stets im vorauseilendem Gehorsam im Sinne der Bundesregierenden. Unertr\u00e4glich das <a href=\"https:\/\/www.heise.de\/tp\/features\/Saudi-Arabien-Alles-viel-besser-als-gedacht-3701261.html\">Ausblenden menschenverachtender Grausamkeiten<\/a> wie Folter, Steinigung, Todesstrafe, Unterdr\u00fcckung von Frauen, Verfolgung von Homosexuellen, <a href=\"http:\/\/www.theeuropean.de\/christopher-gohl\/9491-saudi-arabien-peitschenhiebe-fuer-freiheitsfreund\">kritischen Journalisten<\/a> etc. solange die Gesch\u00e4fte mit der westlichen &#8222;Wertegemeinschaft&#8220; bl\u00fchen. So meinte Carsten K\u00fchntopp vom ARD-Studio Kairo: Saudi-Arabien lie\u00dfe sich eben nicht auf das Zerrbild vom erzkonservativen, menschenverachtenden und fr\u00f6mmelnden \u00d6lscheich reduzieren. <\/p>\n<p>Doch die Logik der Staatsjournalisten ist schlicht. Jedes medial vermittelte &#8222;Zerrbild&#8220; \u00fcber Syrien, Russland, Venezuela, Nordkorea oder die T\u00fcrkei wird bis zum Erbrechen strapaziert &#8211; aber die n\u00fctzlichen Ganoven, Henker und Terrorunterst\u00fctzer werden flugs zu Friedensengeln verkl\u00e4rt. Da hilft tats\u00e4chlich nur abschalten, denn DAS ist kein Journalismus im Sinne von Aufkl\u00e4rung, sondern mediale Verbl\u00f6dung und \u00fcble Demagogie.<\/p>\n<p><a href=\"https:\/\/publikumskonferenz.de\/forum\/viewtopic.php?f=44&#038;t=1997\">Beschwerde<\/a> von V. Br\u00e4utigam und F. Klinkhammer zu K\u00fchntopp-Kommentaren auf Tagesschau.de<\/p>\n<p><!--more--><\/p>\n<p>Im Herbst vorigen Jahres kommentierte Kampagnen-Journalist K\u00fchntopp bei ARD-aktuell:<\/p>\n<p><strong>&#8222;Ein wichtiger, aber hohler Sieg<\/strong><\/p>\n<p><em>\u2026 es ist ein schaler Triumph \u2013 und einer, der f\u00fcr jeden Demokraten nur schwer zu ertragen ist. \u2026 F\u00fcr jeden Menschen, der an Demokratie, Freiheit und Menschenrechte glaubt, ist diese Entwicklung schwer zu ertragen. Denn einmal mehr zeigt sich: Jeder Diktator gewinnt, wenn er brutal genug ist und die richtigen Freunde auf der Welt hat. Dabei ist nichts st\u00e4rker, als das Nein einer Vetomacht im UN-Sicherheitsrat. \u2026 Seine Strategie geh\u00f6rt dabei ins Lehrbuch f\u00fcr jeden Despoten: Man belagere ganze St\u00e4dte, schneide die Menschen dort von der Versorgung mit Lebensmitteln und Energie ab, zerst\u00f6re zielsicher die Wasserleitungen und die Krankenh\u00e4user \u2013 um dann zu pausenlosen Luftangriffen \u00fcberzugehen. \u2026 Dass sich auch heute, im 21. Jahrhundert, auf diese Weise noch Schlachten schlagen lassen, sogar Schlachten eines Staatsoberhauptes gegen sein eigenes Volk, daran hat auch der Westen Schuld. Amerikaner und Europ\u00e4er lie\u00dfen ihre Partner \u2013 gem\u00e4\u00dfigt eingestellte, weltlich orientierte Oppositionelle \u2013 am ausgestreckten Arm verhungern.\u201c<\/em><br \/>\nhttps:\/\/web.archive.org\/web\/20161213192 &#8230; o-555.html<\/p>\n<p>Jetzt, ein paar Monate sp\u00e4ter, ein Kommentar \u00fcber Saudi-Arabien:<\/p>\n<p><strong>&#8222;\u2026 viel besser als sein Ruf<\/strong><\/p>\n<p><em>\u2026 manche, die das Land kritisieren, kennen es gar nicht. \u2026 hat einen schlechten Ruf. Viele Menschen sehen es als ein Land religi\u00f6ser Fanatiker \u2026 blutige Konflikte \u00fcberall in der Region befeuern \u2026 w\u00e4hrend sie zuhause Frauen als rechtlose M\u00fcndel halten. \u2026 Und das ist nichts, was man als Imageproblem kleinreden und dann mithilfe von PR-Agenturen beheben k\u00f6nnte. Wie soll man also mit \u201esolchen Leuten\u201c umgehen? W\u00e4re es nicht richtig, dieses Land zu \u00e4chten, anstatt seine Herrscher zu hofieren? \u2026 Diejenigen, die am lautesten \u2026 wettern, sind h\u00e4ufig die, die das Land am wenigsten kennen. Anstatt fundierter Urteile bieten sie \u00fcberholte Vorurteile. \u2026 ein Land im Umbruch. \u2026 \u00fcberall h\u00f6rt man: Ja, es hat sich in letzter Zeit viel zum Guten ge\u00e4ndert. Und viele Menschen f\u00fcgen dann hinzu: Nein, es geht uns noch nicht schnell genug und nicht weit genug, aber die Richtung stimmt. Diesen Reformprozess kann und sollte Deutschland helfend begleiten \u2026 pl\u00f6tzlich \u00fcberall neue Freir\u00e4ume. Etwa zwei Drittel der Menschen hier sind noch keine 30 Jahre alt. \u2026 l\u00e4sst sich eben nicht auf das Zerrbild vom erzkonservativen, menschenverachtenden und fr\u00f6mmelnden \u2026 reduzieren.\u201c<\/em><br \/>\nhttp:\/\/web.archive.org\/web\/201705011843 &#8230; r-103.html<\/p>\n<p><u>Richtig ist:<\/u> Beide K\u00fchntopp-Beitr\u00e4ge sind Kommentare.<br \/>\nEs gilt der Grundsatz der Meinungs\u00e4u\u00dferungsfreiheit auch f\u00fcr die verlogensten und zynischsten Verleugnungen der Realit\u00e4t. Kommentare auf den Formaten der ARD d\u00fcrfen und sollen selbstverst\u00e4ndlich pers\u00f6nliche Meinungen enthalten. Was aber den ARD-Regeln gem\u00e4\u00df nicht sein darf, ist, dass in den Kommentaren wahrheitswidrige Behauptungen aufgestellt werden.<\/p>\n<p>Im ersten Absatz ist zum Beispiel diese Behauptung vollkommen abwegig und falsch: &#8222;Amerikaner und Europ\u00e4er lie\u00dfen ihre Partner \u2013 gem\u00e4\u00dfigt eingestellte, weltlich orientierte Oppositionelle \u2013 am ausgestreckten Arm verhungern.&#8220;<\/p>\n<p>In Aleppo gab es keine &#8222;weltlich orientierten Oppositionellen&#8220;. Es waren dschihadistische Milizen, die den Kampf gegen die syrische Armee und ihre Partner f\u00fchrten. Verzerrend und falsch sind auch die anderen Behauptungen. So kann Assad den Kampf nicht &#8222;gegen sein Volk gef\u00fchrt haben&#8220;, da gro\u00dfe Teile der syrischen Bev\u00f6lkerung seine Herrschaft billigen und sie Schutz bei seiner Armee suchen (s. dazu die entsprechenden unabh\u00e4ngigen Untersuchungen der britischen Wahlpr\u00fcfungskommission).<\/p>\n<p>Seine Ausf\u00fchrungen zu Saudi-Arabien lassen vermuten, dass K\u00fchntopp sich offensichtlich Chancen bei einer eventuellen Neubesetzung des Postens des Regierungssprechers ausrechnet: Im Gleichschritt mit der Kanzlerin, das hat doch was. Seine Behauptung: &#8222;Ja, es hat sich in letzter Zeit viel zum Guten ge\u00e4ndert&#8220; ist ebenso unglaubliche Realit\u00e4tsleugnung wie blanker Zynismus. <a href=\"https:\/\/www.heise.de\/tp\/features\/Saudi- ... 01261.html\">Abgrundtief verlogen.<\/a> Einem Land, das nach jedem Freitagsgebet im Schnitt drei Menschen \u00f6ffentlich enthaupten l\u00e4sst, Todesstrafe und \u00f6ffentliche Auspeitschungen schon bei geringen Fehlverhalten und speziell gegen Oppositionelle praktizieren l\u00e4sst, einem Land, das sch\u00e4rfste Kritik wegen seiner rechtsstaatlichen Defizite verdient und f\u00fcr gravierende Menschenrechtsverletzungen steht, einem Regime, das im Jemen einen v\u00f6lkerrechtswidrigen, gnadenlosen Krieg mit Aushungern gro\u00dfer Bev\u00f6lkerungsteile f\u00fchrt, einem solchen Regime zu bescheinigen, dass es &#8222;viel besser&#8220; als sein Ruf sei, ist eine demagogische Ungeheuerlichkeit.<\/p>\n<div style=\"float: left; margin-top: 20px;\"><span style=\"background-color: #f86d0e; padding: 30px; margin-left: 30px;\"><a style=\"color: white; font-size: 20px;\" href=\"https:\/\/publikumskonferenz.de\/blog\/foerdermitgliedschaft\/\">F\u00f6rdermitglied werden<\/a><\/span><\/div>\n<div class=\"twoclick_social_bookmarks_post_2766 social_share_privacy clearfix 1.6.4 locale-de_DE sprite-de_DE\"><\/div><div class=\"twoclick-js\"><script type=\"text\/javascript\">\/* <![CDATA[ *\/\njQuery(document).ready(function($){if($('.twoclick_social_bookmarks_post_2766')){$('.twoclick_social_bookmarks_post_2766').socialSharePrivacy({\"services\":{\"facebook\":{\"status\":\"on\",\"txt_info\":\"2 Klicks f\\u00fcr mehr Datenschutz: Erst wenn Sie hier klicken, wird der Button aktiv und Sie k\\u00f6nnen Ihre Empfehlung an Facebook senden. Schon beim Aktivieren werden Daten an Dritte \\u00fcbertragen - siehe <em>i<\\\/em>.\",\"perma_option\":\"off\",\"action\":\"like\",\"language\":\"de_DE\"},\"twitter\":{\"reply_to\":\"\",\"tweet_text\":\"%20%E2%80%9ESaudi-Arabien%20%E2%80%93%20besser%20als%20sein%20Ruf%E2%80%9C%20%C2%BB%20St%C3%A4ndige%20...\",\"status\":\"on\",\"txt_info\":\"2 Klicks f\\u00fcr mehr Datenschutz: Erst wenn Sie hier klicken, wird der Button aktiv und Sie k\\u00f6nnen Ihre Empfehlung an Twitter senden. Schon beim Aktivieren werden Daten an Dritte \\u00fcbertragen - siehe <em>i<\\\/em>.\",\"perma_option\":\"off\",\"language\":\"de\",\"referrer_track\":\"\"}},\"txt_help\":\"Wenn Sie diese Felder durch einen Klick aktivieren, werden Informationen an Facebook, Twitter, Flattr, Xing, t3n, LinkedIn, Pinterest oder Google eventuell ins Ausland \\u00fcbertragen und unter Umst\\u00e4nden auch dort gespeichert. N\\u00e4heres erfahren Sie durch einen Klick auf das <em>i<\\\/em>.\",\"settings_perma\":\"Dauerhaft aktivieren und Daten\\u00fcber-tragung zustimmen:\",\"info_link\":\"http:\\\/\\\/www.heise.de\\\/ct\\\/artikel\\\/2-Klicks-fuer-mehr-Datenschutz-1333879.html\",\"uri\":\"https:\\\/\\\/publikumskonferenz.de\\\/blog\\\/saudi-arabien-besser-als-sein-ruf\\\/\",\"post_id\":2766,\"post_title_referrer_track\":\"%26%238222%3BSaudi-Arabien+%26%238211%3B+besser+als+sein+Ruf%26%238220%3B\",\"display_infobox\":\"on\"});}});\n\/* ]]> *\/<\/script><\/div>","protected":false},"excerpt":{"rendered":"<p>Beitragsbild: &#8222;Peitsche&#8220; von &#8222;davidd&#8220; lizensiert unter &#8222;CC-BY&#8220; Der Kampagnenjournalismus der ARD nimmt, parallel zum Dauerfeuer der \u00f6ffentlichen Kritik, immer schamloser und rasanter an Fahrt auf. Der Begriff &#8222;Staatsfunk&#8220; verkommt zum Euphemismus angesichts der bigotten Tendenz des Messens mit zweierlei Ma\u00df &hellip;<\/p>\n<p class=\"read-more\"> <a class=\"more-link\" href=\"https:\/\/publikumskonferenz.de\/blog\/saudi-arabien-besser-als-sein-ruf\/\"> <span class=\"screen-reader-text\">&#8222;Saudi-Arabien &#8211; besser als sein Ruf&#8220;<\/span> Weiterlesen &raquo;<\/a><\/p>\n","protected":false},"author":2,"featured_media":2767,"comment_status":"closed","ping_status":"closed","sticky":false,"template":"","format":"standard","meta":{"footnotes":""},"categories":[1],"tags":[5,377,378,317,282],"class_list":["post-2766","post","type-post","status-publish","format-standard","has-post-thumbnail","hentry","category-news","tag-ard","tag-folter","tag-kampagnenjournalismus","tag-saudi-arabien","tag-syrien"],"_links":{"self":[{"href":"https:\/\/publikumskonferenz.de\/blog\/wp-json\/wp\/v2\/posts\/2766","targetHints":{"allow":["GET"]}}],"collection":[{"href":"https:\/\/publikumskonferenz.de\/blog\/wp-json\/wp\/v2\/posts"}],"about":[{"href":"https:\/\/publikumskonferenz.de\/blog\/wp-json\/wp\/v2\/types\/post"}],"author":[{"embeddable":true,"href":"https:\/\/publikumskonferenz.de\/blog\/wp-json\/wp\/v2\/users\/2"}],"replies":[{"embeddable":true,"href":"https:\/\/publikumskonferenz.de\/blog\/wp-json\/wp\/v2\/comments?post=2766"}],"version-history":[{"count":7,"href":"https:\/\/publikumskonferenz.de\/blog\/wp-json\/wp\/v2\/posts\/2766\/revisions"}],"predecessor-version":[{"id":2787,"href":"https:\/\/publikumskonferenz.de\/blog\/wp-json\/wp\/v2\/posts\/2766\/revisions\/2787"}],"wp:featuredmedia":[{"embeddable":true,"href":"https:\/\/publikumskonferenz.de\/blog\/wp-json\/wp\/v2\/media\/2767"}],"wp:attachment":[{"href":"https:\/\/publikumskonferenz.de\/blog\/wp-json\/wp\/v2\/media?parent=2766"}],"wp:term":[{"taxonomy":"category","embeddable":true,"href":"https:\/\/publikumskonferenz.de\/blog\/wp-json\/wp\/v2\/categories?post=2766"},{"taxonomy":"post_tag","embeddable":true,"href":"https:\/\/publikumskonferenz.de\/blog\/wp-json\/wp\/v2\/tags?post=2766"}],"curies":[{"name":"wp","href":"https:\/\/api.w.org\/{rel}","templated":true}]}}