{"id":2866,"date":"2017-06-09T10:28:18","date_gmt":"2017-06-09T09:28:18","guid":{"rendered":"https:\/\/publikumskonferenz.de\/blog\/?p=2866"},"modified":"2017-06-11T18:28:30","modified_gmt":"2017-06-11T17:28:30","slug":"fake-news-russische-pflegedienste","status":"publish","type":"post","link":"https:\/\/publikumskonferenz.de\/blog\/fake-news-russische-pflegedienste\/","title":{"rendered":"Fake-News: &#8222;Russische Pflegedienste&#8220;"},"content":{"rendered":"<p><em>Bildquelle: Screenshot Tagesschau<\/em><\/p>\n<p><strong>Fake-News: &#8222;Russische Pflegedienste&#8220;<\/strong><\/p>\n<p>Wieder einmal zeigten die Qualit\u00e4tsjournalisten der ARD-aktuell, unsere wahren Fake-News-Experten, den bekannten russophoben Beissreflex. In der Hauptausgabe der <a href=\"https:\/\/www.tagesschau.de\/multimedia\/sendung\/ts-20025.html\">Tagesschau am 30.5.2017<\/a> berichteten sie \u00fcber die Betrugsmafia in den Pflegediensten.<\/p>\n<blockquote><p>&#8222;Es geht dabei um 230 \u00fcberwiegend russische Dienste, die ein bundesweites Betrugsnetz aufgebaut haben. Der Schaden der Kassen belaufe sich auf viele Millionen Euro.&#8220;<\/p><\/blockquote>\n<p>In diesem kurzen Absatz gleich zwei Fake-News. Es handelt sich nicht nur \u2013 wie hier gar zu oberfl\u00e4chlich formuliert &#8211; um viele Millionen, sondern um mindestens eine Milliarde Euro Betrugsschaden, also um eine g\u00e4nzlich andere Dimension. Falsch ist vor allem jedoch die Behauptung, es handele sich um &#8222;\u00fcberwiegend russische Dienste&#8220;.<\/p>\n<p><!--more--><\/p>\n<p>Die Polizei meldete &#8222;russisch-sprachige&#8220; T\u00e4ter, das ist etwas ganz Anderes. Zu ihnen k\u00f6nnen. Ukrainer, Kasachen, Russen und Auslandsdeutsche nach Art. 116 GG geh\u00f6ren. Die polizeiamtliche Begrifflichkeit hierf\u00fcr:  Russisch-Eurasisch Organisierte Kriminalit\u00e4t (REOK). Es geht um Netzwerke, die von Personen dominiert werden, die in den Nachfolgestaaten der ehemaligen Sowjetunion geboren wurden oder von Personen, die sich &#8222;aufgrund ihrer Kultur, Geschichte, Sprache, Traditionen oder Vorfahren als Angeh\u00f6rige einer Volksgruppe eines der Nachfolgestaaten der ehemaligen Sowjetunion betrachten&#8220;.<\/p>\n<p>Die polizeiliche Formulierung &#8222;russischsprachige Dienste&#8220; ist eine problematische Verk\u00fcrzung, da sie geeignet ist, antirussische Diffamierungen auszul\u00f6sen, vergleichbar der xenophoben Sprachregelung bei den NSU-Ermittlungen: &#8222;D\u00f6ner-Morde&#8220;.<\/p>\n<p>Die Redakteure bei ARD-aktuell warfen dann ja auch alle Verd\u00e4chtigen in einen &#8222;Russentopf&#8220;. Sie erw\u00e4hnen nicht Menschen unterschiedlichster nationaler Herkunft als Verd\u00e4chtige, sondern behaupten einfach einen &#8222;russischen Pflegedienst&#8220;. Es ging diesen Qualtit\u00e4tsjournalisten offensichtlich wieder nur um die Befolgung ihrer russophoben Redaktionslinie. Putin und die Russen stehen f\u00fcr alles B\u00f6se dieser Welt. Die Best\u00e4rkung dieses Vorurteils mittels Fake-News hatte Vorrang vor den Tatsachen: Der gr\u00f6\u00dfte Teil der als betr\u00fcgerisch verd\u00e4chtigten Betreiber stammt nach Angaben der Polizei aus der Ukraine und eben nicht aus Russland.<\/p>\n<p>Die falsche und verzerrende Berichterstattung ist mit den Programmrichtlinien unvereinbar.<\/p>\n<p>Sie nicht zu korrigieren, ist ein Zeichen daf\u00fcr, dass eine vors\u00e4tzliche Diffamierung vorlag.<\/p>\n<p><a href=\"https:\/\/publikumskonferenz.de\/forum\/viewtopic.php?f=44&#038;t=2046\">Zur Programmbeschwerde von F.Klinkhammer und V.Br\u00e4utigam<\/a><\/p>\n<div style=\"float: left; margin-top: 20px;\"><span style=\"background-color: #f86d0e; padding: 30px; margin-left: 30px;\"><a style=\"color: white; font-size: 20px;\" href=\"https:\/\/publikumskonferenz.de\/blog\/foerdermitgliedschaft\/\">F\u00f6rdermitglied werden<\/a><\/span><\/div>\n<div class=\"twoclick_social_bookmarks_post_2866 social_share_privacy clearfix 1.6.4 locale-de_DE sprite-de_DE\"><\/div><div class=\"twoclick-js\"><script type=\"text\/javascript\">\/* <![CDATA[ *\/\njQuery(document).ready(function($){if($('.twoclick_social_bookmarks_post_2866')){$('.twoclick_social_bookmarks_post_2866').socialSharePrivacy({\"services\":{\"facebook\":{\"status\":\"on\",\"txt_info\":\"2 Klicks f\\u00fcr mehr Datenschutz: Erst wenn Sie hier klicken, wird der Button aktiv und Sie k\\u00f6nnen Ihre Empfehlung an Facebook senden. Schon beim Aktivieren werden Daten an Dritte \\u00fcbertragen - siehe <em>i<\\\/em>.\",\"perma_option\":\"off\",\"action\":\"like\",\"language\":\"de_DE\"},\"twitter\":{\"reply_to\":\"\",\"tweet_text\":\"%20Fake-News%3A%20%E2%80%9ERussische%20Pflegedienste%E2%80%9C%20%C2%BB%20St%C3%A4ndige%20Publikumskonferenz%20...\",\"status\":\"on\",\"txt_info\":\"2 Klicks f\\u00fcr mehr Datenschutz: Erst wenn Sie hier klicken, wird der Button aktiv und Sie k\\u00f6nnen Ihre Empfehlung an Twitter senden. Schon beim Aktivieren werden Daten an Dritte \\u00fcbertragen - siehe <em>i<\\\/em>.\",\"perma_option\":\"off\",\"language\":\"de\",\"referrer_track\":\"\"}},\"txt_help\":\"Wenn Sie diese Felder durch einen Klick aktivieren, werden Informationen an Facebook, Twitter, Flattr, Xing, t3n, LinkedIn, Pinterest oder Google eventuell ins Ausland \\u00fcbertragen und unter Umst\\u00e4nden auch dort gespeichert. N\\u00e4heres erfahren Sie durch einen Klick auf das <em>i<\\\/em>.\",\"settings_perma\":\"Dauerhaft aktivieren und Daten\\u00fcber-tragung zustimmen:\",\"info_link\":\"http:\\\/\\\/www.heise.de\\\/ct\\\/artikel\\\/2-Klicks-fuer-mehr-Datenschutz-1333879.html\",\"uri\":\"https:\\\/\\\/publikumskonferenz.de\\\/blog\\\/fake-news-russische-pflegedienste\\\/\",\"post_id\":2866,\"post_title_referrer_track\":\"Fake-News%3A+%26%238222%3BRussische+Pflegedienste%26%238220%3B\",\"display_infobox\":\"on\"});}});\n\/* ]]> *\/<\/script><\/div>","protected":false},"excerpt":{"rendered":"<p>Bildquelle: Screenshot Tagesschau Fake-News: &#8222;Russische Pflegedienste&#8220; Wieder einmal zeigten die Qualit\u00e4tsjournalisten der ARD-aktuell, unsere wahren Fake-News-Experten, den bekannten russophoben Beissreflex. In der Hauptausgabe der Tagesschau am 30.5.2017 berichteten sie \u00fcber die Betrugsmafia in den Pflegediensten. &#8222;Es geht dabei um 230 &hellip;<\/p>\n<p class=\"read-more\"> <a class=\"more-link\" href=\"https:\/\/publikumskonferenz.de\/blog\/fake-news-russische-pflegedienste\/\"> <span class=\"screen-reader-text\">Fake-News: &#8222;Russische Pflegedienste&#8220;<\/span> Weiterlesen &raquo;<\/a><\/p>\n","protected":false},"author":2,"featured_media":2869,"comment_status":"closed","ping_status":"closed","sticky":false,"template":"","format":"standard","meta":{"footnotes":""},"categories":[1],"tags":[322,354],"class_list":["post-2866","post","type-post","status-publish","format-standard","has-post-thumbnail","hentry","category-news","tag-ard-aktuell","tag-fake-news"],"_links":{"self":[{"href":"https:\/\/publikumskonferenz.de\/blog\/wp-json\/wp\/v2\/posts\/2866","targetHints":{"allow":["GET"]}}],"collection":[{"href":"https:\/\/publikumskonferenz.de\/blog\/wp-json\/wp\/v2\/posts"}],"about":[{"href":"https:\/\/publikumskonferenz.de\/blog\/wp-json\/wp\/v2\/types\/post"}],"author":[{"embeddable":true,"href":"https:\/\/publikumskonferenz.de\/blog\/wp-json\/wp\/v2\/users\/2"}],"replies":[{"embeddable":true,"href":"https:\/\/publikumskonferenz.de\/blog\/wp-json\/wp\/v2\/comments?post=2866"}],"version-history":[{"count":5,"href":"https:\/\/publikumskonferenz.de\/blog\/wp-json\/wp\/v2\/posts\/2866\/revisions"}],"predecessor-version":[{"id":2884,"href":"https:\/\/publikumskonferenz.de\/blog\/wp-json\/wp\/v2\/posts\/2866\/revisions\/2884"}],"wp:featuredmedia":[{"embeddable":true,"href":"https:\/\/publikumskonferenz.de\/blog\/wp-json\/wp\/v2\/media\/2869"}],"wp:attachment":[{"href":"https:\/\/publikumskonferenz.de\/blog\/wp-json\/wp\/v2\/media?parent=2866"}],"wp:term":[{"taxonomy":"category","embeddable":true,"href":"https:\/\/publikumskonferenz.de\/blog\/wp-json\/wp\/v2\/categories?post=2866"},{"taxonomy":"post_tag","embeddable":true,"href":"https:\/\/publikumskonferenz.de\/blog\/wp-json\/wp\/v2\/tags?post=2866"}],"curies":[{"name":"wp","href":"https:\/\/api.w.org\/{rel}","templated":true}]}}