{"id":356,"date":"2015-04-11T17:20:24","date_gmt":"2015-04-11T16:20:24","guid":{"rendered":"https:\/\/publikumskonferenz.de\/blog\/?p=356"},"modified":"2023-05-27T08:56:42","modified_gmt":"2023-05-27T07:56:42","slug":"rundfunkrat-lehnt-beschwerden-einstimmig-als-unbegruendet-ab","status":"publish","type":"post","link":"https:\/\/publikumskonferenz.de\/blog\/rundfunkrat-lehnt-beschwerden-einstimmig-als-unbegruendet-ab\/","title":{"rendered":"WDR-Rundfunkrat lehnt Beschwerden einstimmig als unbegr\u00fcndet ab"},"content":{"rendered":"<p>Nach intensiver Vorarbeit hatte der WDR-Rundfunkrat j\u00fcngst zehn formale <a href=\"http:\/\/www.presseportal.de\/meldung\/2984278\">Programmbeschwerden einstimmig abgelehnt<\/a>. &#8222;Nat\u00fcrlich behandeln wir auch diese Beschwerden mit zum Teil kleinstteiligen Einzelfragen sehr sorgf\u00e4ltig&#8220;, sagt Petra Kammerevert, Vorsitzende des Programmausschusses. &#8222;Programmgrunds\u00e4tze waren aber in keinem Fall verletzt&#8220;.<\/p>\n<p><a href=\"https:\/\/publikumskonferenz.de\/forum\/viewtopic.php?f=30&amp;t=122\">ARD &#8211; Falschdarstellung \u00fcber den 1. russischen Hilfskonvoi (I)<\/a><br \/>\n<a href=\"https:\/\/publikumskonferenz.de\/forum\/viewtopic.php?f=30&amp;t=194\">ARD &#8211; Ukrainisches Parlament billigt Reformpaket<\/a><br \/>\n<a href=\"https:\/\/publikumskonferenz.de\/forum\/viewtopic.php?f=30&amp;t=177\">ARD &#8211; Falschdarstellung \u00fcber den 1. russischen Hilfskonvoi (V)<\/a><br \/>\n<a href=\"https:\/\/publikumskonferenz.de\/forum\/viewtopic.php?f=30&amp;t=173\">ARD &#8211; Falschinformation russischer Hilfskonvoi (III)<\/a><br \/>\n<a href=\"https:\/\/publikumskonferenz.de\/forum\/viewtopic.php?f=30&amp;t=171\">WDR &#8211; Falschmeldung und unkommentiertes \u00c4ndern von Textpassagen<\/a><br \/>\n<a href=\"https:\/\/publikumskonferenz.de\/forum\/viewtopic.php?f=30&amp;t=164\">ARD &#8211; Verf\u00e4lschen der Redebeitr\u00e4ge des deutschen und des russischen Au\u00dfenministers vor der UN-Vollversammlung<\/a><br \/>\n<a href=\"https:\/\/publikumskonferenz.de\/forum\/viewtopic.php?f=30&amp;t=156\">WDR &#8211; Falsches Bildmaterial IV<\/a><br \/>\n<a href=\"https:\/\/publikumskonferenz.de\/forum\/viewtopic.php?f=30&amp;t=155\">WDR &#8211; Falsches Bildmaterial III<\/a><br \/>\n<a href=\"https:\/\/publikumskonferenz.de\/forum\/viewtopic.php?f=30&amp;t=130\">ARD &#8211; Podien f\u00fcr Rechtsradikale innerhalb der Ukraineberichterstattung<\/a><br \/>\n<a href=\"https:\/\/publikumskonferenz.de\/forum\/viewtopic.php?f=30&amp;t=124\">ARD &#8211; Ungereimtheiten &#8211; Weltspiegel extra<\/a><\/p>\n<p>Sehr witzig die Deklination: gering, infinitesimal, klitzeklein, sehr klein, unendlich klein, winzig \u2013 <strong>KLEINSTteilig<\/strong>.<\/p>\n<p><!--more--><\/p>\n<p>Die kleinststeilige Beschwerdereihe &#8222;Falsches Bildmaterial I-V&#8220; kam zum Beispiel aufgrund der sinngem\u00e4\u00dfen <a href=\"https:\/\/publikumskonferenz.de\/forum\/viewtopic.php?f=30&amp;t=111#p823\">Aussage der Programmverantwortlichen<\/a> zustande, dass es sich bei der 1. Beanstandung um einen bedauerlichen Einzelfall handele. <a href=\"http:\/\/www.tagesspiegel.de\/medien\/falsche-bilder-bei-der-ard-zum-ukraine-konflikt-propagandatricks-oder-pannen-in-serie\/10637680.html\">Danach gewann die Geschichte, wie wir wissen, geh\u00f6rig an Dynamik.<\/a><\/p>\n<p>Fakt ist, dass wir bei gr\u00fcndlicher Sichtung der Inhalte von Mediatheken und Sendungsseiten hundertfach f\u00fcndig geworden w\u00e4ren. Die Verst\u00e4rkung der Botschaften durch m\u00f6glichst passende, manipulative Bilder ist zu verlockend, als dass Medien darauf verzichten w\u00fcrden. Das Problem ist nur, dass es klare Regeln f\u00fcr die Nutzung von Symbolfotos gibt. Der Pressekodex des Deutschen Presserats fordert in Ziffer 2: \u201eSymbolfotos m\u00fcssen als solche kenntlich sein oder erkennbar gemacht werden.\u201c In Ziffer 2, Richtlinie 2.2, hei\u00dft es: \u201eKann eine Illustration, insbesondere eine Fotografie, beim fl\u00fcchtigen Lesen als dokumentarische Abbildung aufgefasst werden, obwohl es sich um ein Symbolfoto handelt, so ist eine entsprechende Klarstellung geboten. So sind (&#8230;) deutlich wahrnehmbar in Bildlegende bzw. Bezugstext als solche erkennbar zu machen.\u201c<\/p>\n<p>Obwohl laut der Programmgrunds\u00e4tze, insbesondere \u00a75 (6) des Gesetzes \u00fcber den WDR, die Nachrichtengebung allgemein, unabh\u00e4ngig und sachlich zu sein hat und Nachrichten vor ihrer Verbreitung mit der nach den Umst\u00e4nden gebotenen Sorgfalt auf Inhalt, Herkunft und Wahrheit zu pr\u00fcfen sind, was nat\u00fcrlich auch Bilder einschlie\u00dft, ist laut Programmausschuss kein Versto\u00df gegen Programmgrunds\u00e4tze zu erkennen.<br \/>\nWarum nicht, fragen Sie?<br \/>\nWeil diese Programmgrunds\u00e4tze, laut Intendantenantwort, <strong>keinen Anspruch auf objektive Wahrheit<\/strong> in der Berichterstattung begr\u00fcnden.<\/p>\n<p>Die kleinstteilige Beschwerdereihe <a href=\"https:\/\/publikumskonferenz.de\/forum\/viewtopic.php?f=30&amp;t=163#p1621\">&#8222;1. Russischer Hilfskonvoi I-V&#8220;<\/a> begr\u00fcndete sich auf die unterirdische Berichterstattung im August vergangenen Jahres, mit bangen Fragen des Korrespondenten Udo Lielischkies, vielen Spekulationen, noch mehr Anschuldigungen und sehr viel Verschw\u00f6rungstheorien. Der Hilfstransport wurde als Waffenschmuggel, als Propagandaveranstaltung, als trojanisches Pferd, als Invasion, als Provokation und auf der R\u00fcckfahrt als Transport von Diebesgut und Kriegsger\u00e4t verunglimpft. Die Korrespondenten sch\u00e4umten im Duett mit Poroschenko und Jazeniuk und \u00fcberboten sich in s\u00fcffisantem Modus um die abenteuerlichsten Deutungen. Dabei blendete der <a href=\"https:\/\/publikumskonferenz.de\/forum\/viewtopic.php?f=30&amp;t=163#p1621\">WDR-Qualit\u00e4tsjournalismus<\/a> das unendliche Leid der Zivilbev\u00f6lkerung in der Ostukraine komplett aus, welche dringend auf die Hilfslieferungen angewiesen war. Die Nachrichtenwoche Ende August 2014 geht als eine der absurdesten Trauerspiele in der Geschichte \u00f6ffentlich-rechtlicher Medienberichterstattung ein und ist bestens geeignet zum kollektiven deutschen Fremdsch\u00e4men angesichts der humanit\u00e4ren Katastrophe im Osten der Ukraine.<\/p>\n<p>Nat\u00fcrlich waren auch hier keine Programmgrunds\u00e4tze verletzt. Simple rechtsstaatliche Grunds\u00e4tze missachtend dilettierten sich Redaktionen und Korrespondenten durch die Berichterstattung. Ger\u00fcchte \u00fcber angeblich kriminelle Motive anderer Menschen\/Staaten zu verbreiten, obwohl diese zum Zeitpunkt der Berichterstattung bereits wiederlegt waren, geh\u00f6rt sicher nicht zu den Grunds\u00e4tzen journalistischer Ethik. Nicht, dass es keine Gegenbeweise f\u00fcr abenteuerliche Anschuldigungen, sondern ob es <strong>\u00fcberhaupt<\/strong> Beweise, zumindest hinreichende Belegtatsachen f\u00fcr die Existenz eines Vorfalls gibt, sollte Ma\u00dfstab einer verantwortungsbewussten Berichterstattung sein (Negativa non sunt probanda).<\/p>\n<p>Auch sieht man keine Programmgrunds\u00e4tze verletzt, wenn hochrangigen Politikern Worte in den Mund gelegt werden, die so nie ge\u00e4u\u00dfert wurden und auch Podien f\u00fcr Rechtsradikale sind kein Problem f\u00fcr die \u00f6ffentlich-rechtlichen Medienanstalten mit Bildungsauftrag.<br \/>\nWir sehen hingegen im Weglassen wichtiger Informationen einen Versto\u00df gegen die Wahrheitspflicht und eine T\u00e4uschung des Publikums und selbstverst\u00e4ndlich im Hinzuf\u00fcgen von nicht getroffenen Aussagen in Form der indirekten Rede einen schweren Versto\u00df gegen die Wahrheits-und Sorgfaltspflicht &#8211; und zwar v\u00f6llig unabh\u00e4ngig davon, was das Gremium einstimmig dazu befindet.<\/p>\n<p>Die auf keinen Fall kleinstteilige Beschwerde zur R\u00e4uberpistole \u201e Flucht aus Ilowajsk\u201c verletzt aus unserer Sicht in mehrfacher Hinsicht die Programmgrunds\u00e4tze. Dieser Streifen ist handwerklich ein Desaster und durchschaubar in seiner hinterh\u00e4ltigen Botschaft. <a href=\"https:\/\/publikumskonferenz.de\/forum\/viewtopic.php?f=30&amp;t=124#p1132\">Unsere Argumentation<\/a> beweist das in aller Ausf\u00fchrlichkeit und wirft ein grenzwertiges Schlaglicht auf das Selbstverst\u00e4ndnis der Macher um Udo Lielischkies. Weiter entfernt als von den Werten eines <a href=\"http:\/\/recherche-info.de\/blog\/wp-content\/src\/Friedrichs-Wheeler-Zitat.jpg\">Hanns-Joachim-Friedrichs<\/a> k\u00f6nnen die Macher aus journalistischer Sicht \u00fcberhaupt nicht sein. Verantwortungsbewusster Journalismus identifiziert sich mit keiner Kriegspartei und sch\u00fcrt keine Feindbilder, insbesondere dann nicht, wenn er einem gesetzlichen Auftrag verpflichtet ist.<\/p>\n<p>Fazit nach dem einstimmigen (!) Massenurteil:<\/p>\n<blockquote><p>1.) Die Kritik- und Reklamationskultur der Anstalten und deren Gremien l\u00e4sst zu w\u00fcnschen \u00fcbrig.<br \/>\n2.) Handwerkliche Fehler oder vors\u00e4tzliche Manipulationen werden selbst dann nicht eingestanden, wenn sie umfassend belegt und offensichtlich sind.<br \/>\n3.) Der Verpflichtung zur Objektivit\u00e4t, Wahrheit, Ausgewogenheit, Meinungsvielfalt und Unparteilichkeit wird nicht Gen\u00fcge getan.<br \/>\n4.) Die Wahrheitspflicht wird unter Missachtung eindeutiger Rechtsprechungen kreativ ausgelegt.<br \/>\n5.) Der Rundfunkrat\/Fernsehrat steht nicht auf Seiten des Publikums, sondern folgt ausschlie\u00dflich den Empfehlungen der Intendanten und Redakteure.<br \/>\n6.) Die Beschwerden und Argumentationen werden vom Rundfunkrat\/Programmausschuss nur unzureichend gepr\u00fcft.<\/p><\/blockquote>\n<p>Die einzelnen Punkte des Fazits werden zu einem sp\u00e4teren Zeitpunkt noch ausf\u00fchrlich abgehandelt und mit Belegen untermauert.<\/p>\n<div class=\"wp-playlist wp-video-playlist wp-playlist-light\">\n\t\t<video controls=\"controls\" preload=\"none\" width=\"583\"\n\t\t height=\"328\"\t><\/video>\n\t<div class=\"wp-playlist-next\"><\/div>\n\t<div class=\"wp-playlist-prev\"><\/div>\n\t<noscript>\n\t<ol>\n\t\t<li><a href='https:\/\/publikumskonferenz.de\/blog\/wp-content\/uploads\/2017\/12\/Falsche-M\u00f6rder-TV-20140521-Tagesthemen.mp4'>Falsche M\u00f6rder TV-20140521-Tagesthemen<\/a><\/li>\t<\/ol>\n\t<\/noscript>\n\t<script type=\"application\/json\" class=\"wp-playlist-script\">{\"type\":\"video\",\"tracklist\":true,\"tracknumbers\":true,\"images\":true,\"artists\":true,\"tracks\":[{\"src\":\"https:\/\/publikumskonferenz.de\/blog\/wp-content\/uploads\/2017\/12\/Falsche-M\\u00f6rder-TV-20140521-Tagesthemen.mp4\",\"type\":\"video\/mp4\",\"title\":\"Falsche M\\u00f6rder TV-20140521-Tagesthemen\",\"caption\":\"\",\"description\":\"\",\"meta\":{\"length_formatted\":\"29:17\"},\"dimensions\":{\"original\":{\"width\":512,\"height\":288},\"resized\":{\"width\":583,\"height\":328}},\"image\":{\"src\":\"https:\/\/publikumskonferenz.de\/blog\/wp-includes\/images\/media\/video.svg\",\"width\":48,\"height\":64},\"thumb\":{\"src\":\"https:\/\/publikumskonferenz.de\/blog\/wp-includes\/images\/media\/video.svg\",\"width\":48,\"height\":64}}]}<\/script>\n<\/div>\n\t\n<div style=\"float: left; margin-top: 20px;\"><span style=\"background-color: #f86d0e; padding: 30px; margin-left: 30px;\"><a style=\"color: white; font-size: 20px;\" href=\"https:\/\/publikumskonferenz.de\/blog\/foerdermitgliedschaft\/\">F\u00f6rdermitglied werden<\/a><\/span><\/div>\n<div class=\"twoclick_social_bookmarks_post_356 social_share_privacy clearfix 1.6.4 locale-de_DE sprite-de_DE\"><\/div><div class=\"twoclick-js\"><script type=\"text\/javascript\">\/* <![CDATA[ *\/\njQuery(document).ready(function($){if($('.twoclick_social_bookmarks_post_356')){$('.twoclick_social_bookmarks_post_356').socialSharePrivacy({\"services\":{\"facebook\":{\"status\":\"on\",\"txt_info\":\"2 Klicks f\\u00fcr mehr Datenschutz: Erst wenn Sie hier klicken, wird der Button aktiv und Sie k\\u00f6nnen Ihre Empfehlung an Facebook senden. Schon beim Aktivieren werden Daten an Dritte \\u00fcbertragen - siehe <em>i<\\\/em>.\",\"perma_option\":\"off\",\"action\":\"like\",\"language\":\"de_DE\"},\"twitter\":{\"reply_to\":\"\",\"tweet_text\":\"%20WDR-Rundfunkrat%20lehnt%20Beschwerden%20einstimmig%20als%20unbegr%C3%BCndet%20ab%20%C2%BB%20St%C3%A4ndige%20...\",\"status\":\"on\",\"txt_info\":\"2 Klicks f\\u00fcr mehr Datenschutz: Erst wenn Sie hier klicken, wird der Button aktiv und Sie k\\u00f6nnen Ihre Empfehlung an Twitter senden. Schon beim Aktivieren werden Daten an Dritte \\u00fcbertragen - siehe <em>i<\\\/em>.\",\"perma_option\":\"off\",\"language\":\"de\",\"referrer_track\":\"\"}},\"txt_help\":\"Wenn Sie diese Felder durch einen Klick aktivieren, werden Informationen an Facebook, Twitter, Flattr, Xing, t3n, LinkedIn, Pinterest oder Google eventuell ins Ausland \\u00fcbertragen und unter Umst\\u00e4nden auch dort gespeichert. N\\u00e4heres erfahren Sie durch einen Klick auf das <em>i<\\\/em>.\",\"settings_perma\":\"Dauerhaft aktivieren und Daten\\u00fcber-tragung zustimmen:\",\"info_link\":\"http:\\\/\\\/www.heise.de\\\/ct\\\/artikel\\\/2-Klicks-fuer-mehr-Datenschutz-1333879.html\",\"uri\":\"https:\\\/\\\/publikumskonferenz.de\\\/blog\\\/rundfunkrat-lehnt-beschwerden-einstimmig-als-unbegruendet-ab\\\/\",\"post_id\":356,\"post_title_referrer_track\":\"WDR-Rundfunkrat+lehnt+Beschwerden+einstimmig+als+unbegr%C3%BCndet+ab\",\"display_infobox\":\"on\"});}});\n\/* ]]> *\/<\/script><\/div>","protected":false},"excerpt":{"rendered":"<p>Nach intensiver Vorarbeit hatte der WDR-Rundfunkrat j\u00fcngst zehn formale Programmbeschwerden einstimmig abgelehnt. &#8222;Nat\u00fcrlich behandeln wir auch diese Beschwerden mit zum Teil kleinstteiligen Einzelfragen sehr sorgf\u00e4ltig&#8220;, sagt Petra Kammerevert, Vorsitzende des Programmausschusses. &#8222;Programmgrunds\u00e4tze waren aber in keinem Fall verletzt&#8220;. ARD &#8211; &hellip;<\/p>\n<p class=\"read-more\"> <a class=\"more-link\" href=\"https:\/\/publikumskonferenz.de\/blog\/rundfunkrat-lehnt-beschwerden-einstimmig-als-unbegruendet-ab\/\"> <span class=\"screen-reader-text\">WDR-Rundfunkrat lehnt Beschwerden einstimmig als unbegr\u00fcndet ab<\/span> Weiterlesen &raquo;<\/a><\/p>\n","protected":false},"author":2,"featured_media":363,"comment_status":"closed","ping_status":"closed","sticky":false,"template":"","format":"standard","meta":{"footnotes":""},"categories":[1],"tags":[90,252,88,89,87,74],"class_list":["post-356","post","type-post","status-publish","format-standard","has-post-thumbnail","hentry","category-news","tag-programmausschuss","tag-programmbeschwerde","tag-programmgrundsaetze","tag-rundfunkrat","tag-wahrheitspflicht","tag-wdr"],"_links":{"self":[{"href":"https:\/\/publikumskonferenz.de\/blog\/wp-json\/wp\/v2\/posts\/356","targetHints":{"allow":["GET"]}}],"collection":[{"href":"https:\/\/publikumskonferenz.de\/blog\/wp-json\/wp\/v2\/posts"}],"about":[{"href":"https:\/\/publikumskonferenz.de\/blog\/wp-json\/wp\/v2\/types\/post"}],"author":[{"embeddable":true,"href":"https:\/\/publikumskonferenz.de\/blog\/wp-json\/wp\/v2\/users\/2"}],"replies":[{"embeddable":true,"href":"https:\/\/publikumskonferenz.de\/blog\/wp-json\/wp\/v2\/comments?post=356"}],"version-history":[{"count":10,"href":"https:\/\/publikumskonferenz.de\/blog\/wp-json\/wp\/v2\/posts\/356\/revisions"}],"predecessor-version":[{"id":8126,"href":"https:\/\/publikumskonferenz.de\/blog\/wp-json\/wp\/v2\/posts\/356\/revisions\/8126"}],"wp:featuredmedia":[{"embeddable":true,"href":"https:\/\/publikumskonferenz.de\/blog\/wp-json\/wp\/v2\/media\/363"}],"wp:attachment":[{"href":"https:\/\/publikumskonferenz.de\/blog\/wp-json\/wp\/v2\/media?parent=356"}],"wp:term":[{"taxonomy":"category","embeddable":true,"href":"https:\/\/publikumskonferenz.de\/blog\/wp-json\/wp\/v2\/categories?post=356"},{"taxonomy":"post_tag","embeddable":true,"href":"https:\/\/publikumskonferenz.de\/blog\/wp-json\/wp\/v2\/tags?post=356"}],"curies":[{"name":"wp","href":"https:\/\/api.w.org\/{rel}","templated":true}]}}