{"id":367,"date":"2015-04-13T12:27:52","date_gmt":"2015-04-13T11:27:52","guid":{"rendered":"https:\/\/publikumskonferenz.de\/blog\/?p=367"},"modified":"2017-04-16T11:58:42","modified_gmt":"2017-04-16T10:58:42","slug":"zdf-landesstudios","status":"publish","type":"post","link":"https:\/\/publikumskonferenz.de\/blog\/zdf-landesstudios\/","title":{"rendered":"ZDF Landesstudios"},"content":{"rendered":"<p>Die Rundfunkfreiheit zielt auf eine Ordnung, die eine Vielfalt der bestehenden Meinungen im Rundfunk sicherstellt und die in m\u00f6glichst gro\u00dfer Breite und Vielfalt Ausdruck findet. Die Ausgestaltung dieser Ordnung ist Aufgabe des Gesetzgebers, der dabei einen weiten Gestaltungsspielraum, auch f\u00fcr Differenzierungen insbesondere nach der Regelungsart und Regelungsdichte, hat. Vor diesem Hintergrund haben die Landesgesetzgeber dem ZDF den Auftrag erteilt, seine Produktionen m\u00f6glichst angemessen auf Produktionsstandorte in den Bundesl\u00e4ndern zu verteilen, um so auch ein umfassendes Bild der deutschen Wirklichkeit zu vermitteln sowie das Geschehen in den einzelnen L\u00e4ndern und die kulturelle Vielfalt Deutschlands angemessen im Programm darzustellen.<\/p>\n<p>Aufgrund dieser gesetzlichen Verpflichtung unterh\u00e4lt das ZDF Landesstudios.<\/p>\n<p>Das ZDF ist in allen Bundesl\u00e4ndern pr\u00e4sent und berichtet auch von dort. Auf der <a href=\"http:\/\/www.zdf.de\/laenderspiegel\/zdf-landesstudios-inland-korrespondenten-36960082.html\">Homepage des ZDF<\/a> werden die Leiter der Landesstudios vorgestellt. <\/p>\n<p>Interessant und im Sinne einer gr\u00f6\u00dferen Transparenz w\u00e4re es auch, kontinuierlich die Aktivit\u00e4ten des ZDF in den einzelnen Bundesl\u00e4ndern darzustellen.<br \/>\nTransparenz zu folgenden Fragen k\u00f6nnte durch die Pr\u00e4sentation der einzelnen Landesstudios mittels eigenen Internetpr\u00e4senzen (siehe dritte Programme der ARD) hergestellt werden, in denen mindestens folgende Angaben verpflichtend offengelegt werden sollten:<\/p>\n<p>Wie viele Mitarbeiterinnen und Mitarbeiter sind in den einzelnen Landesstudios besch\u00e4ftigt?<br \/>\nWie sind die Hierarchien und die Besch\u00e4ftigungsverh\u00e4ltnisse? (freie, feste)<br \/>\nWelches Programmvolumen (zeitlicher und finanzieller Umfang) liefern die Landesstudios zu?<br \/>\n&#8211; \u00dcbersicht der Produktionen<br \/>\nWelche Tochter- und Beteiligungsunternehmen des ZDF sind im jeweiligen Land vorhanden?<br \/>\n&#8211; Sitz<br \/>\n&#8211; Mitarbeiterzahl<br \/>\n&#8211; Umsatz<br \/>\nWo befindet sich der Sitz der Unternehmen, an denen die entsprechenden Auftragsproduktionen der Landesstudios gehen bzw. mit denen koproduziert wird?<br \/>\nWelche Auftragsvolumina werden vergeben?<br \/>\nWelche Summe zahlt das ZDF in welche Filmf\u00f6rderung ein?<\/p>\n<p>Die vollst\u00e4ndige Anfrage sowie den entsprechenden weiteren Verlauf der Angelegenheit k\u00f6nnen Sie bei Interesse <a href=\"https:\/\/publikumskonferenz.de\/forum\/viewtopic.php?f=49&#038;t=602\">unter fogendem Link<\/a> verfolgen. <\/p>\n<div style=\"float:left;margin-top: 20px;\"><span style=\"background-color:rgb(248,109,14);padding:30px;margin-left: 30px;\"><a style=\"color:white;font-size:20px;\" href=\"https:\/\/publikumskonferenz.de\/blog\/foerdermitgliedschaft\/\">F\u00f6rdermitglied werden<\/a><\/span><\/div>\n<p><br style=\"clear:both;\" \/><\/p>\n<div class=\"twoclick_social_bookmarks_post_367 social_share_privacy clearfix 1.6.4 locale-de_DE sprite-de_DE\"><\/div><div class=\"twoclick-js\"><script type=\"text\/javascript\">\/* <![CDATA[ *\/\njQuery(document).ready(function($){if($('.twoclick_social_bookmarks_post_367')){$('.twoclick_social_bookmarks_post_367').socialSharePrivacy({\"services\":{\"facebook\":{\"status\":\"on\",\"txt_info\":\"2 Klicks f\\u00fcr mehr Datenschutz: Erst wenn Sie hier klicken, wird der Button aktiv und Sie k\\u00f6nnen Ihre Empfehlung an Facebook senden. Schon beim Aktivieren werden Daten an Dritte \\u00fcbertragen - siehe <em>i<\\\/em>.\",\"perma_option\":\"off\",\"action\":\"like\",\"language\":\"de_DE\"},\"twitter\":{\"reply_to\":\"\",\"tweet_text\":\"%20ZDF%20Landesstudios%20%C2%BB%20St%C3%A4ndige%20Publikumskonferenz%20der%20%C3%B6ffentlich-rechtlichen%20...\",\"status\":\"on\",\"txt_info\":\"2 Klicks f\\u00fcr mehr Datenschutz: Erst wenn Sie hier klicken, wird der Button aktiv und Sie k\\u00f6nnen Ihre Empfehlung an Twitter senden. Schon beim Aktivieren werden Daten an Dritte \\u00fcbertragen - siehe <em>i<\\\/em>.\",\"perma_option\":\"off\",\"language\":\"de\",\"referrer_track\":\"\"}},\"txt_help\":\"Wenn Sie diese Felder durch einen Klick aktivieren, werden Informationen an Facebook, Twitter, Flattr, Xing, t3n, LinkedIn, Pinterest oder Google eventuell ins Ausland \\u00fcbertragen und unter Umst\\u00e4nden auch dort gespeichert. N\\u00e4heres erfahren Sie durch einen Klick auf das <em>i<\\\/em>.\",\"settings_perma\":\"Dauerhaft aktivieren und Daten\\u00fcber-tragung zustimmen:\",\"info_link\":\"http:\\\/\\\/www.heise.de\\\/ct\\\/artikel\\\/2-Klicks-fuer-mehr-Datenschutz-1333879.html\",\"uri\":\"https:\\\/\\\/publikumskonferenz.de\\\/blog\\\/zdf-landesstudios\\\/\",\"post_id\":367,\"post_title_referrer_track\":\"ZDF+Landesstudios\",\"display_infobox\":\"on\"});}});\n\/* ]]> *\/<\/script><\/div>","protected":false},"excerpt":{"rendered":"<p>Die Rundfunkfreiheit zielt auf eine Ordnung, die eine Vielfalt der bestehenden Meinungen im Rundfunk sicherstellt und die in m\u00f6glichst gro\u00dfer Breite und Vielfalt Ausdruck findet. Die Ausgestaltung dieser Ordnung ist Aufgabe des Gesetzgebers, der dabei einen weiten Gestaltungsspielraum, auch f\u00fcr &hellip;<\/p>\n<p class=\"read-more\"> <a class=\"more-link\" href=\"https:\/\/publikumskonferenz.de\/blog\/zdf-landesstudios\/\"> <span class=\"screen-reader-text\">ZDF Landesstudios<\/span> Weiterlesen &raquo;<\/a><\/p>\n","protected":false},"author":2,"featured_media":368,"comment_status":"closed","ping_status":"closed","sticky":false,"template":"","format":"standard","meta":{"footnotes":""},"categories":[1],"tags":[93,92,91],"class_list":["post-367","post","type-post","status-publish","format-standard","has-post-thumbnail","hentry","category-news","tag-rundfunkfreiheit","tag-transparenz","tag-zdf-landesstudios"],"_links":{"self":[{"href":"https:\/\/publikumskonferenz.de\/blog\/wp-json\/wp\/v2\/posts\/367","targetHints":{"allow":["GET"]}}],"collection":[{"href":"https:\/\/publikumskonferenz.de\/blog\/wp-json\/wp\/v2\/posts"}],"about":[{"href":"https:\/\/publikumskonferenz.de\/blog\/wp-json\/wp\/v2\/types\/post"}],"author":[{"embeddable":true,"href":"https:\/\/publikumskonferenz.de\/blog\/wp-json\/wp\/v2\/users\/2"}],"replies":[{"embeddable":true,"href":"https:\/\/publikumskonferenz.de\/blog\/wp-json\/wp\/v2\/comments?post=367"}],"version-history":[{"count":4,"href":"https:\/\/publikumskonferenz.de\/blog\/wp-json\/wp\/v2\/posts\/367\/revisions"}],"predecessor-version":[{"id":2622,"href":"https:\/\/publikumskonferenz.de\/blog\/wp-json\/wp\/v2\/posts\/367\/revisions\/2622"}],"wp:featuredmedia":[{"embeddable":true,"href":"https:\/\/publikumskonferenz.de\/blog\/wp-json\/wp\/v2\/media\/368"}],"wp:attachment":[{"href":"https:\/\/publikumskonferenz.de\/blog\/wp-json\/wp\/v2\/media?parent=367"}],"wp:term":[{"taxonomy":"category","embeddable":true,"href":"https:\/\/publikumskonferenz.de\/blog\/wp-json\/wp\/v2\/categories?post=367"},{"taxonomy":"post_tag","embeddable":true,"href":"https:\/\/publikumskonferenz.de\/blog\/wp-json\/wp\/v2\/tags?post=367"}],"curies":[{"name":"wp","href":"https:\/\/api.w.org\/{rel}","templated":true}]}}