{"id":5245,"date":"2019-12-23T21:17:27","date_gmt":"2019-12-23T20:17:27","guid":{"rendered":"https:\/\/publikumskonferenz.de\/blog\/?p=5245"},"modified":"2019-12-28T21:33:28","modified_gmt":"2019-12-28T20:33:28","slug":"frohe-weihnachten-3","status":"publish","type":"post","link":"https:\/\/publikumskonferenz.de\/blog\/frohe-weihnachten-3\/","title":{"rendered":"Frohe Weihnachten!"},"content":{"rendered":"<h3><a href=\"https:\/\/publikumskonferenz.de\/blog\/wp-content\/uploads\/2019\/12\/8c80f623-3dd7-433f-b834-0c0b42dd3e64-e1577132027128.jpg\"><img loading=\"lazy\" decoding=\"async\" class=\"alignnone size-full wp-image-5249\" src=\"https:\/\/publikumskonferenz.de\/blog\/wp-content\/uploads\/2019\/12\/8c80f623-3dd7-433f-b834-0c0b42dd3e64-e1577132027128.jpg\" alt=\"\" width=\"1392\" height=\"220\" srcset=\"https:\/\/publikumskonferenz.de\/blog\/wp-content\/uploads\/2019\/12\/8c80f623-3dd7-433f-b834-0c0b42dd3e64-e1577132027128.jpg 1392w, https:\/\/publikumskonferenz.de\/blog\/wp-content\/uploads\/2019\/12\/8c80f623-3dd7-433f-b834-0c0b42dd3e64-e1577132027128-300x47.jpg 300w, https:\/\/publikumskonferenz.de\/blog\/wp-content\/uploads\/2019\/12\/8c80f623-3dd7-433f-b834-0c0b42dd3e64-e1577132027128-768x121.jpg 768w, https:\/\/publikumskonferenz.de\/blog\/wp-content\/uploads\/2019\/12\/8c80f623-3dd7-433f-b834-0c0b42dd3e64-e1577132027128-1024x162.jpg 1024w, https:\/\/publikumskonferenz.de\/blog\/wp-content\/uploads\/2019\/12\/8c80f623-3dd7-433f-b834-0c0b42dd3e64-e1577132027128-100x16.jpg 100w, https:\/\/publikumskonferenz.de\/blog\/wp-content\/uploads\/2019\/12\/8c80f623-3dd7-433f-b834-0c0b42dd3e64-e1577132027128-150x24.jpg 150w, https:\/\/publikumskonferenz.de\/blog\/wp-content\/uploads\/2019\/12\/8c80f623-3dd7-433f-b834-0c0b42dd3e64-e1577132027128-200x32.jpg 200w, https:\/\/publikumskonferenz.de\/blog\/wp-content\/uploads\/2019\/12\/8c80f623-3dd7-433f-b834-0c0b42dd3e64-e1577132027128-450x71.jpg 450w, https:\/\/publikumskonferenz.de\/blog\/wp-content\/uploads\/2019\/12\/8c80f623-3dd7-433f-b834-0c0b42dd3e64-e1577132027128-600x95.jpg 600w, https:\/\/publikumskonferenz.de\/blog\/wp-content\/uploads\/2019\/12\/8c80f623-3dd7-433f-b834-0c0b42dd3e64-e1577132027128-900x142.jpg 900w\" sizes=\"auto, (max-width: 1392px) 100vw, 1392px\" \/><\/a><\/h3>\n<h3>Sehr geehrte Mitglieder, F\u00f6rderer und G\u00e4ste der St\u00e4ndigen Publikumskonferenz,<\/h3>\n<p>wieder ist ein Jahr vergangen, das arbeits- und ereignisreich war, aber unserer Initiative auch die Grenzen ihrer Handlungsf\u00e4higkeit aufgezeigt hat. Einsteigen m\u00f6chte ich mit einem gro\u00dfen Dankesch\u00f6n f\u00fcr die inhaltliche und finanzielle Unterst\u00fctzung, die uns sowohl Mitglieder, F\u00f6rdermitglieder sowie zahlreiche Spender und Sympathisanten auch in diesem Jahr wieder entgegenbrachten. Ohne Ihre Unterst\u00fctzung w\u00e4re unsere Arbeit nicht m\u00f6glich.<\/p>\n<p>Am 02.11.2019 fand im wundersch\u00f6nen Pianosalon des Dresdener Coselpalais unsere Vollversammlung und die Neuwahl bzw. die Best\u00e4tigung des Vorstandes statt. Den ausf\u00fchrlichen Rechenschaftsbericht finden Sie hinter diesem <a href=\"https:\/\/publikumskonferenz.us9.list-manage.com\/track\/click?u=755786f8067fe32fb6235c711&amp;id=a3d70b282d&amp;e=80bee9598e\">Link im Blog<\/a> der Publikumskonferenz.<\/p>\n<p>Bei der Wahl zum Vorstand wurde das bisherige Dreiergespann Maren M\u00fcller (Vorsitzende), Jens K\u00f6hler (Stellvertreter) und Ilka Wehner (Schatzmeisterin) im Amt best\u00e4tigt. Als neue Beigeordnete wurden Friedhelm Klinkhammer als Beigeordneter f\u00fcr Programmanalyse, Dennis Tuvia als Beigeordneter f\u00fcr technische Beratung und Unterst\u00fctzung, sowie der M\u00fcnchener Universit\u00e4tsprofessor Michael Meyen als Beigeordneter f\u00fcr wissenschaftliche Medien- und Kommunikationsforschung berufen. Prof. Meyen m\u00f6chte die Vernetzung mit Hochschulen f\u00f6rdern und studentische wissenschaftliche Arbeiten einbeziehen.<\/p>\n<p><!--more--><\/p>\n<p>Den Punkt <strong>&#8222;\u00d6ffentlichkeitsarbeit&#8220;<\/strong> aus dem Rechenschaftsbericht m\u00f6chte ich hier f\u00fcr die interessierten Leser zitieren:<\/p>\n<p>Unser Verein hat seit seinem Bestehen durch zahlreiche Publikationen, <a href=\"https:\/\/publikumskonferenz.us9.list-manage.com\/track\/click?u=755786f8067fe32fb6235c711&amp;id=df23798abd&amp;e=80bee9598e\">Programmbeschwerden<\/a> sowie Zuarbeiten zu Gesetzen, Anfragen und Stellungnahmen auf seine Arbeit aufmerksam gemacht. Wir haben uns an den \u00f6ffentlichen Konsultationen zum WDR-Gesetz und zum ZDF-Staatsvertrag beteiligt und gaben Stellungnahmen zu Konzepten, wie z. B. dem Telemedienkonzept &#8222;MDR-Telemedien&#8220; und Aktionen der Sendeanstalten wie z.B. der Ver\u00e4u\u00dferung von Kunstwerken durch den WDR ab, stellten regelm\u00e4\u00dfig \u00f6ffentliche Anfragen an die Medienpolitiker der L\u00e4nder und bewarben uns um Sitze in den Rundfunkgremien von MDR und WDR. Seit Mitte 2016 verzeichneten wir 60 eigene Programmbeschwerden und ca. 600 <a href=\"https:\/\/publikumskonferenz.us9.list-manage.com\/track\/click?u=755786f8067fe32fb6235c711&amp;id=3886cbe84a&amp;e=80bee9598e\">externe Beschwerden<\/a>, von denen rund 500 auf das Konto unserer Mitstreiter <a href=\"https:\/\/publikumskonferenz.us9.list-manage.com\/track\/click?u=755786f8067fe32fb6235c711&amp;id=c1a4d9d47c&amp;e=80bee9598e\">Volker Br\u00e4utigam und Friedhelm Klinkhammer<\/a> gingen, deren unerm\u00fcdliche Arbeit f\u00fcr die Publikumskonferenz eine feste Konstante ist.<\/p>\n<p>Es wurden zudem wieder <a href=\"https:\/\/publikumskonferenz.us9.list-manage.com\/track\/click?u=755786f8067fe32fb6235c711&amp;id=bfbb29adcc&amp;e=80bee9598e\">Anfragen zum laufenden Programm<\/a> an die entsprechenden Redaktionen gestellt sowie <a href=\"https:\/\/publikumskonferenz.us9.list-manage.com\/track\/click?u=755786f8067fe32fb6235c711&amp;id=9eab7ec22a&amp;e=80bee9598e\">Anschreiben an Gremien<\/a>, Landtage, Fraktionen und Experten gerichtet. Die Publikumskonferenz wurde auch weiterhin in Publikationen mit Medienbezug als Quelle benannt. Als herausragende Beispiele seien die B\u00fccher von Ulrich Teusch <em>\u201eL\u00fcckenpresse\u201c<\/em> und <em>\u201eDer Krieg vor dem Krieg\u201c<\/em>, sowie das Buch<em> \u201eWenn man wei\u00df, wo der Verstand ist, hat der Tag Struktur: Anleitung zum Selberdenken in verr\u00fcckten Zeiten\u201c<\/em> von Alexander Unzicker genannt. In der Buchdokumentation der IALANA Medientagung ist ein gesamtes Kapitel \u00fcber die Arbeit der Publikumskonferenz enthalten und im Spiegelbestseller <em>\u201eL\u00fcgen die Medien\u201c<\/em>, welches von Jens Wernicke herausgegeben wurde, findet sich ein umfangreiches Kapitel von Co-Autorin Maren M\u00fcller \u00fcber die Arbeit der Publikumskonferenz. Im gemeinsamen Buch von Uli Gellermann, Volker Br\u00e4utigam und Friedhelm Klinkhammer <em>\u201eDie Macht um Acht\u201c<\/em> wurde die Publikumskonferenz als Plattform f\u00fcr Programmkritik an der Tagesschau gew\u00fcrdigt.<\/p>\n<p>Einen besonderen H\u00f6hepunkt stellte die Mitwirkung der Vorsitzenden am gesellschaftskritischen Kinofilm des holl\u00e4ndischen Filmemachers <a href=\"https:\/\/publikumskonferenz.us9.list-manage.com\/track\/click?u=755786f8067fe32fb6235c711&amp;id=61cf3c4250&amp;e=80bee9598e\">Marijn Poels<\/a> \u201eParadogma\u201c dar, der am 19.09.2018 in Potsdam Babelsberg Premiere feierte. Der Film kann \u00fcber <a href=\"https:\/\/publikumskonferenz.us9.list-manage.com\/track\/click?u=755786f8067fe32fb6235c711&amp;id=d667560af2&amp;e=80bee9598e\">Vimeo<\/a> geb\u00fchrenpflichtig gestreamt werden.<\/p>\n<p><strong>Cashcurs-TV: Vorpremiere von PARADOGMA &#8211; Begeistertes Publikum, \u00fcberw\u00e4ltigter Filmemacher<\/strong><\/p>\n<p><iframe loading=\"lazy\"  id=\"_ytid_80947\"  width=\"605\" height=\"340\"  data-origwidth=\"605\" data-origheight=\"340\" src=\"https:\/\/www.youtube.com\/embed\/BluNgqcmGyc?enablejsapi=1&#038;autoplay=0&#038;cc_load_policy=0&#038;cc_lang_pref=&#038;iv_load_policy=1&#038;loop=0&#038;rel=1&#038;fs=1&#038;playsinline=0&#038;autohide=2&#038;theme=dark&#038;color=red&#038;controls=1&#038;disablekb=0&#038;\" class=\"__youtube_prefs__  epyt-is-override  no-lazyload\" title=\"YouTube player\"  allow=\"fullscreen; accelerometer; autoplay; clipboard-write; encrypted-media; gyroscope; picture-in-picture; web-share\" referrerpolicy=\"strict-origin-when-cross-origin\" allowfullscreen data-no-lazy=\"1\" data-skipgform_ajax_framebjll=\"\"><\/iframe><\/p>\n<p>\u00d6ffentliche Auftritte, in der Regel wahrgenommen durch die Vorsitzende, gab es u. a. folgende:<\/p>\n<ul>\n<li>10.Juni 2016 DLF K\u00f6ln: Podiumsdiskussion: <a href=\"https:\/\/publikumskonferenz.us9.list-manage.com\/track\/click?u=755786f8067fe32fb6235c711&amp;id=f583673279&amp;e=80bee9598e\">K\u00f6lner Forum f\u00fcr Journalismuskritik<\/a> &#8211; &#8222;L\u00fcgenpresse &#8211; Anatomie eines Schlagwortes&#8220;, &#8222;Medienkritik im Netz und mit dem Netz\u201c<\/li>\n<li>01.09.2017 Dresden: <a href=\"https:\/\/publikumskonferenz.us9.list-manage.com\/track\/click?u=755786f8067fe32fb6235c711&amp;id=04ad2fc34e&amp;e=80bee9598e\">Konferenz #bsen2<\/a> &#8211; Wie ver\u00e4ndern das Netz und die Digitalisierung die Gesellschaft und unser Leben? Welche Rolle k\u00f6nnen dabei Blogger, Onliner und Influencer spielen?<\/li>\n<li>02.10.2017 Leipzig: abgrundtief + bodenlos, Vortrag und Diskussion mit Winfried Wolf \u00fcber Stuttgart 21 und andere Gro\u00dfprojekte<\/li>\n<li>08.11.2017 Berlin: <a href=\"https:\/\/publikumskonferenz.us9.list-manage.com\/track\/click?u=755786f8067fe32fb6235c711&amp;id=913200b583&amp;e=80bee9598e\">Zu Gast bei Pedram Shahyar,<\/a> KenFM, Format \u201eDer rote Tisch\u201c<\/li>\n<li>26. &#8211; 28.01.2018 Kassel: <a href=\"https:\/\/publikumskonferenz.us9.list-manage.com\/track\/click?u=755786f8067fe32fb6235c711&amp;id=0bc79b9be8&amp;e=80bee9598e\">Tagung mit eigenem Vortrag<\/a> IALANA &#8222;Krieg und Frieden in den Medien&#8220;<\/li>\n<li>19.01.2019 Berlin: <a href=\"https:\/\/publikumskonferenz.us9.list-manage.com\/track\/click?u=755786f8067fe32fb6235c711&amp;id=4f100e623f&amp;e=80bee9598e\">Talk \u201eZur Sache\u201c bei KenFM<\/a>, GEZ \u2013 Was bekommt der Kunde f\u00fcr die Zwangsabgabe?<\/li>\n<li>18.06.2019 M\u00fcnchen: <a href=\"https:\/\/publikumskonferenz.us9.list-manage.com\/track\/click?u=755786f8067fe32fb6235c711&amp;id=988f2cc2d5&amp;e=80bee9598e\">Live im H\u00f6rsaal<\/a> des Instituts f\u00fcr Kommunikationswissenschaft undMedienforschung der LMU. Vorlesung zur Zukunft der Medien<\/li>\n<\/ul>\n<p style=\"text-align: left;\">Wichtig war nachwievor die \u00d6ffentlichkeitsarbeit \u00fcber unser Internetforum und die stetige Aufkl\u00e4rung \u00fcber Tendenzen in der Nachrichtengebung und \u00fcber die Instrumente des Einspruchs gegen problematische Programminhalte. Unsere zahlreichen Blogbeitr\u00e4ge, die zum Gro\u00dfteil aus der Feder von Volker Br\u00e4utigam und Friedhelm Klinkhammer stammen, werden oft von bekannten Plattformen wie z. B. Dirk M\u00fcllers Cash-Kurs, KenFM oder auch RTdeutsch \u00fcbernommen und gewinnen dadurch enorm an Reichweite.<\/p>\n<p>In unserem WIKI wird von einem flei\u00dfigen Freiwilligen die <a href=\"https:\/\/publikumskonferenz.us9.list-manage.com\/track\/click?u=755786f8067fe32fb6235c711&amp;id=22c6980aec&amp;e=80bee9598e\">Pr\u00e4senz der Publikumskonferenz<\/a> in anderen Medien verewigt. Der Verein hat seine Facebookseite aufgrund von massivem Spam und ausufernder Zensur durch zweifelhafte Unternehmen bereits 2017 geschlossen, betreibt aber noch seinen <a href=\"https:\/\/twitter.com\/St_Publikon\">Account bei Twitter<\/a> und unterh\u00e4lt einen derzeit inaktiven <a href=\"https:\/\/www.youtube.com\/channel\/UC36WD86_vjwvMyOLB0sXksg\">YouTube-Kanal<\/a>. Unser Newsletter wurde inzwischen von rund 700 Personen abonniert. Zur diesj\u00e4hrigen Buchmesse in Frankfurt wurde das <a href=\"https:\/\/publikumskonferenz.us9.list-manage.com\/track\/click?u=755786f8067fe32fb6235c711&amp;id=cf4cfff176&amp;e=80bee9598e\">gemeinsame Buch<\/a> von Volker Br\u00e4utigam, Friedhelm Klinkhammer und Maren M\u00fcller als Herausgeberin <em>\u201eZwischen Feindbild und Wetterbericht<\/em>\u201c vorgestellt. Inhalt des Buches ist die von uns seit Jahren dokumentierte tendenzi\u00f6se Berichterstattung der Tagesschau, die Feindbilder generiert und Menschen gegeneinander und gegen andere V\u00f6lker aufbringt.<\/p>\n<p><a href=\"https:\/\/publikumskonferenz.de\/blog\/wp-content\/uploads\/2019\/12\/59a74115-d887-4eae-9c93-2395a80444a6-e1576950693552.jpg\"><img loading=\"lazy\" decoding=\"async\" class=\"alignleft wp-image-5246\" src=\"https:\/\/publikumskonferenz.de\/blog\/wp-content\/uploads\/2019\/12\/59a74115-d887-4eae-9c93-2395a80444a6-198x300.jpg\" alt=\"\" width=\"149\" height=\"226\" \/><\/a><\/p>\n<p>Das Buch kann \u00fcber unser Partnerprogramm, welches auf <a href=\"https:\/\/publikumskonferenz.us9.list-manage.com\/track\/click?u=755786f8067fe32fb6235c711&amp;id=964f03427a&amp;e=80bee9598e\">unserem Blog<\/a> verlinkt ist, bestellt werden, oder auch direkt \u00fcber den <a href=\"https:\/\/publikumskonferenz.us9.list-manage.com\/track\/click?u=755786f8067fe32fb6235c711&amp;id=0a2378ab58&amp;e=80bee9598e\">PapyRossa-Verlag<\/a> oder die <a href=\"https:\/\/publikumskonferenz.us9.list-manage.com\/track\/click?u=755786f8067fe32fb6235c711&amp;id=b4a01d28b0&amp;e=80bee9598e\">Buchkomplizen<\/a> bezogen werden. Im Rubikon erschien vor Kurzem ein erster <a href=\"https:\/\/publikumskonferenz.us9.list-manage.com\/track\/click?u=755786f8067fe32fb6235c711&amp;id=38aba2de9a&amp;e=80bee9598e\">Exklusivabdruck<\/a> eines Kapitels aus dem Buch. Eine wunderbar <a href=\"https:\/\/augenaufunddurch.net\/2019\/12\/19\/eher-nicht\/\">deutliche Rezension<\/a> erschien j\u00fcngst auf dem Blog von Ulrich Teusch.<\/p>\n<p><span style=\"color: #ff0000;\">Die drei unter den Abonnenten unseres Newsletters ausgelosten Freiexemplare gingen direkt vom Verlag auf den Gabentisch nach Konstanz, Oberteuringen und nach Dresden. Viel Freude damit!<\/span><\/p>\n<p><em>Maren M\u00fcller \/ Volker Br\u00e4utigam \/ Friedhelm Klinkhammer: Zwischen Feindbild und Wetterbericht. Tagesschau &amp; Co. \u2013 Auftrag und Realit\u00e4t. PapyRossa Verlag 2019, 253 Seiten, \u20ac 16,90<\/em><\/p>\n<p><strong>Veranstaltungstipp:<\/strong><\/p>\n<p>Nachdem der Film &#8222;Remember Odessa\u201c nach seinen Erstauff\u00fchrungen in St. Petersburg und Moskau, in den letzten Wochen in Tel Aviv, Madrid und Buenos Aires aufgef\u00fchrt worden ist, haben sich die Botschaft der Russischen F\u00f6deration und das Russische Haus der Wissenschaft und Kultur in Berlin kurzfristig entschlossen diesen Film auch zu zeigen. Link zum Trailer mit deutschen Untertiteln:<\/p>\n<p><a href=\"https:\/\/publikumskonferenz.us9.list-manage.com\/track\/click?u=755786f8067fe32fb6235c711&amp;id=d4fcd6d097&amp;e=80bee9598e\">https:\/\/vimeo.com\/371595993<\/a><\/p>\n<p><strong>\u201eRemember Odessa\u201c &#8211; Dokumentarfilm, 90 min, Regie: Wilhelm Domke-Schulz<\/strong><\/p>\n<p><strong><span class=\"_5yl5\"><span style=\"color: #ff0000;\">Achtung neuer Termin:<\/span> 29. Januar 2020 um 17:00 Uhr, Kinosaal, im Russischen Haus der Wissenschaft und Kultur, Friedrichstra\u00dfe 176-179, 10117 Berlin<\/span><\/strong><\/p>\n<p><strong>Hinweis:<\/strong><\/p>\n<p>Es gibt eine ganze Menge empfehlenswerter alternativer Blogs und Kan\u00e4le, von denen wir aus Platzgr\u00fcnden nur einen Bruchteil in unserem <a href=\"https:\/\/publikumskonferenz.us9.list-manage.com\/track\/click?u=755786f8067fe32fb6235c711&amp;id=ab38c9b0a3&amp;e=80bee9598e\">Blogroll <\/a>ver\u00f6ffentlichen k\u00f6nnen. F\u00fcr unsere Arbeit empfiehlt es sich, die Bandbreite der vorhandenen Meinungen zu ber\u00fccksichtigen, denn auch das Publikum ist keine homogene Versammlung. Reichweitenstarke alternative Medien wie die <a href=\"https:\/\/publikumskonferenz.us9.list-manage.com\/track\/click?u=755786f8067fe32fb6235c711&amp;id=1668452235&amp;e=80bee9598e\">Nachdenkseiten<\/a> oder <a href=\"https:\/\/publikumskonferenz.us9.list-manage.com\/track\/click?u=755786f8067fe32fb6235c711&amp;id=dab17c004b&amp;e=80bee9598e\">Telepolis <\/a>haben sich schon l\u00e4ngst einen festen Platz im Informationsspektrum gesichert, <a href=\"https:\/\/publikumskonferenz.us9.list-manage.com\/track\/click?u=755786f8067fe32fb6235c711&amp;id=5100c54359&amp;e=80bee9598e\">Amerika21<\/a> oder <a href=\"https:\/\/publikumskonferenz.us9.list-manage.com\/track\/click?u=755786f8067fe32fb6235c711&amp;id=eee08a7338&amp;e=80bee9598e\">theblogcat.de<\/a> liefern uns Nachrichten aus Amerika, die hierzulande anders erz\u00e4hlt oder g\u00e4nzlich verschwiegen werden. Ein relativ neues Blog ist der kritische Beobachter des &#8222;Spiegel&#8220; und anderer Medien des Mainstream, <a href=\"https:\/\/publikumskonferenz.us9.list-manage.com\/track\/click?u=755786f8067fe32fb6235c711&amp;id=c4612779c8&amp;e=80bee9598e\">Antispiegel<\/a>. Die Schwerpunkte seiner medienkritischen Arbeit sind das (mediale) Russlandbild in Deutschland, Kritik an der Berichterstattung westlicher Medien im Allgemeinen und die Themen (Geo-)Politik und Wirtschaft. Seine Recherchen sind fundiert und stets gut mit Quellen belegt. <a href=\"https:\/\/publikumskonferenz.us9.list-manage.com\/track\/click?u=755786f8067fe32fb6235c711&amp;id=7d1cc49566&amp;e=80bee9598e\">Schauen Sie doch mal rein<\/a> und unterst\u00fctzen Sie Thomas R\u00f6per, wenn Ihnen seine Arbeit zusagt. Neue Medien, wie die erw\u00e4hnten, sind unbezahlbar f\u00fcr unsere Recherchearbeit, denn sie bieten den Blick \u00fcber den Tellerrand, die Analyse der jeweils anderen Seite und O-T\u00f6ne aus L\u00e4ndern, die uns \u00fcber die \u00fcblichen Kan\u00e4le sonst nie erreichen.<\/p>\n<p>Aber nun ist zun\u00e4chst die Zeit des Innehaltens und der Besinnlichkeit, Zeit und Mu\u00dfe f\u00fcr Familie, Entspannung, ein gutes Buch oder einen ansprechenden Film. Wir w\u00fcnschen Ihnen f\u00fcr die Feiertage und die Zeit zwischen den Jahren recht gute Erholung und eine stille, aber auch fr\u00f6hliche Zeit mit Ihren Lieben sowie einen guten Start ins neue Jahr. Wir m\u00f6chten uns nochmals ganz herzlich bei unseren Mitgliedern, F\u00f6rdermitgliedern, Spendern und Mitstreitern f\u00fcr die Unterst\u00fctzung im Jahr 2019 bedanken. Sie haben auch in diesem Jahr dazu beigetragen, dass der reibungslose Betrieb von Technik, Logistik, Kommunikation und auch den Besuch diverser Veranstaltungen erm\u00f6glicht und gew\u00e4hrleistet wurde.<\/p>\n<p>Wir w\u00fcrden uns freuen, wenn Sie unsere Arbeit weiterhin mit Interesse begleiten. Auf unserer Agenda stehen die F\u00f6rderung von Medienkompetenz, die Demokratisierung der Gremien und die Zusammenarbeit mit gleichgesinnten Initiativen ohne eigenwirtschaftliche Interessen. Im Fokus unserer Arbeit steht immer das Publikum und dessen Anrecht auf angemessene, wahrheitsgetreue und relevante Information &#8211; und im Jahr 2020 werden wir Dank neuer &#8222;Mannschaft&#8220; die Aktivit\u00e4ten wieder steigern k\u00f6nnen.<\/p>\n<p style=\"text-align: center;\"><strong>Wir w\u00fcnschen Ihnen besinnliche und erholsame Weihnachtsfeiertage und einen guten Start ins neue Jahr.<br \/>\nBleiben Sie aufmerksam, kritisch und vor Allem &#8211; uns gewogen.<\/strong><\/p>\n<p style=\"text-align: center;\"><a href=\"https:\/\/publikumskonferenz.de\/blog\/wp-content\/uploads\/2019\/12\/8c80f623-3dd7-433f-b834-0c0b42dd3e64.jpg\"><img loading=\"lazy\" decoding=\"async\" class=\"alignnone size-full wp-image-5249\" src=\"https:\/\/publikumskonferenz.de\/blog\/wp-content\/uploads\/2019\/12\/8c80f623-3dd7-433f-b834-0c0b42dd3e64.jpg\" alt=\"\" width=\"1392\" height=\"220\" \/><\/a><\/p>\n<div class=\"twoclick_social_bookmarks_post_5245 social_share_privacy clearfix 1.6.4 locale-de_DE sprite-de_DE\"><\/div><div class=\"twoclick-js\"><script type=\"text\/javascript\">\/* <![CDATA[ *\/\njQuery(document).ready(function($){if($('.twoclick_social_bookmarks_post_5245')){$('.twoclick_social_bookmarks_post_5245').socialSharePrivacy({\"services\":{\"facebook\":{\"status\":\"on\",\"txt_info\":\"2 Klicks f\\u00fcr mehr Datenschutz: Erst wenn Sie hier klicken, wird der Button aktiv und Sie k\\u00f6nnen Ihre Empfehlung an Facebook senden. Schon beim Aktivieren werden Daten an Dritte \\u00fcbertragen - siehe <em>i<\\\/em>.\",\"perma_option\":\"off\",\"action\":\"like\",\"language\":\"de_DE\"},\"twitter\":{\"reply_to\":\"\",\"tweet_text\":\"%20Frohe%20Weihnachten%21%20%C2%BB%20St%C3%A4ndige%20Publikumskonferenz%20der%20%C3%B6ffentlich-rechtlichen%20...\",\"status\":\"on\",\"txt_info\":\"2 Klicks f\\u00fcr mehr Datenschutz: Erst wenn Sie hier klicken, wird der Button aktiv und Sie k\\u00f6nnen Ihre Empfehlung an Twitter senden. Schon beim Aktivieren werden Daten an Dritte \\u00fcbertragen - siehe <em>i<\\\/em>.\",\"perma_option\":\"off\",\"language\":\"de\",\"referrer_track\":\"\"}},\"txt_help\":\"Wenn Sie diese Felder durch einen Klick aktivieren, werden Informationen an Facebook, Twitter, Flattr, Xing, t3n, LinkedIn, Pinterest oder Google eventuell ins Ausland \\u00fcbertragen und unter Umst\\u00e4nden auch dort gespeichert. N\\u00e4heres erfahren Sie durch einen Klick auf das <em>i<\\\/em>.\",\"settings_perma\":\"Dauerhaft aktivieren und Daten\\u00fcber-tragung zustimmen:\",\"info_link\":\"http:\\\/\\\/www.heise.de\\\/ct\\\/artikel\\\/2-Klicks-fuer-mehr-Datenschutz-1333879.html\",\"uri\":\"https:\\\/\\\/publikumskonferenz.de\\\/blog\\\/frohe-weihnachten-3\\\/\",\"post_id\":5245,\"post_title_referrer_track\":\"Frohe+Weihnachten%21\",\"display_infobox\":\"on\"});}});\n\/* ]]> *\/<\/script><\/div>","protected":false},"excerpt":{"rendered":"<p>Sehr geehrte Mitglieder, F\u00f6rderer und G\u00e4ste der St\u00e4ndigen Publikumskonferenz, wieder ist ein Jahr vergangen, das arbeits- und ereignisreich war, aber unserer Initiative auch die Grenzen ihrer Handlungsf\u00e4higkeit aufgezeigt hat. Einsteigen m\u00f6chte ich mit einem gro\u00dfen Dankesch\u00f6n f\u00fcr die inhaltliche und &hellip;<\/p>\n<p class=\"read-more\"> <a class=\"more-link\" href=\"https:\/\/publikumskonferenz.de\/blog\/frohe-weihnachten-3\/\"> <span class=\"screen-reader-text\">Frohe Weihnachten!<\/span> Weiterlesen &raquo;<\/a><\/p>\n","protected":false},"author":2,"featured_media":0,"comment_status":"closed","ping_status":"closed","sticky":false,"template":"","format":"standard","meta":{"footnotes":""},"categories":[1],"tags":[],"class_list":["post-5245","post","type-post","status-publish","format-standard","hentry","category-news"],"_links":{"self":[{"href":"https:\/\/publikumskonferenz.de\/blog\/wp-json\/wp\/v2\/posts\/5245","targetHints":{"allow":["GET"]}}],"collection":[{"href":"https:\/\/publikumskonferenz.de\/blog\/wp-json\/wp\/v2\/posts"}],"about":[{"href":"https:\/\/publikumskonferenz.de\/blog\/wp-json\/wp\/v2\/types\/post"}],"author":[{"embeddable":true,"href":"https:\/\/publikumskonferenz.de\/blog\/wp-json\/wp\/v2\/users\/2"}],"replies":[{"embeddable":true,"href":"https:\/\/publikumskonferenz.de\/blog\/wp-json\/wp\/v2\/comments?post=5245"}],"version-history":[{"count":7,"href":"https:\/\/publikumskonferenz.de\/blog\/wp-json\/wp\/v2\/posts\/5245\/revisions"}],"predecessor-version":[{"id":5261,"href":"https:\/\/publikumskonferenz.de\/blog\/wp-json\/wp\/v2\/posts\/5245\/revisions\/5261"}],"wp:attachment":[{"href":"https:\/\/publikumskonferenz.de\/blog\/wp-json\/wp\/v2\/media?parent=5245"}],"wp:term":[{"taxonomy":"category","embeddable":true,"href":"https:\/\/publikumskonferenz.de\/blog\/wp-json\/wp\/v2\/categories?post=5245"},{"taxonomy":"post_tag","embeddable":true,"href":"https:\/\/publikumskonferenz.de\/blog\/wp-json\/wp\/v2\/tags?post=5245"}],"curies":[{"name":"wp","href":"https:\/\/api.w.org\/{rel}","templated":true}]}}