{"id":677,"date":"2015-07-09T12:12:38","date_gmt":"2015-07-09T11:12:38","guid":{"rendered":"https:\/\/publikumskonferenz.de\/blog\/?p=677"},"modified":"2017-04-16T17:08:09","modified_gmt":"2017-04-16T16:08:09","slug":"totalausfall-der-4-macht","status":"publish","type":"post","link":"https:\/\/publikumskonferenz.de\/blog\/totalausfall-der-4-macht\/","title":{"rendered":"Totalausfall der 4. Macht?"},"content":{"rendered":"<p>Die NSA-Aff\u00e4re ist ja <a href=\"http:\/\/www.zeit.de\/politik\/deutschland\/2013-08\/nsa-bnd-pofalla--bundestag-spaehaffaere-snowden-abkommen\" target=\"_blank\">laut Ronald Pofalla<\/a> l\u00e4ngst erledigt! Auch der Bundesstaatsanwalt konnte ja trotz intensiver Bem\u00fchungen <a href=\"http:\/\/www.heise.de\/newsticker\/meldung\/Bundesanwalt-Kein-Beweis-fuer-Ueberwachung-von-Merkels-Handy-2487817.html\" target=\"_blank\">keinen Anfangsverdacht<\/a> erkennen, und stellte somit die Ermittlungen wegen der \u00dcberwachung von Merkels Handy ein. Und was macht die 4. Macht? Die Nachricht bringen sie. Und dann still ruht der Bl\u00e4tterwald. Keine Nachfragen nach Hintergr\u00fcnden oder Zusammenh\u00e4ngen. Recherchearbeit gleich Null.<br \/>\nNun ja, da gibt es ja jetzt noch <a href=\"https:\/\/wikileaks.org\/nsa-germany\/selectors.html\" target=\"_blank\">Wikileaks<\/a>. Und die ver\u00f6ffentlichen in den letzten Tagen immer wieder neue Dokumente, die beweisen, das die NSA die komplette Bundesregierung aussp\u00e4ht. In einem Zeitraum der von der Kohl\u00e4ra bis zum heutigen Tage andauert. Die 4. Macht bringt auch brav die Meldungen, das Wikileaks diese Dokumente ver\u00f6ffentlicht. Und sie nennen sich jetzt sogar Rechercheteam! Aber was haben sie denn jetzt recherchiert?<br \/>\nDas sie die Dokumente gelesen haben und das die NSA schon ganz lange die Bundesregierung \u00fcberwacht? Wooohhh was f\u00fcr ein Rechercheergebnis!<\/p>\n<ul>\n<li>Keine bohrenden Nachfragen bei der Bundesregierung, was jetzt dagegen unternommen wird?<\/li>\n<li>Keine Nachfragen nach dem daraus resultierenden Verh\u00e4ltnis BRD &#8211; USA?<\/li>\n<li>Keine Nachfragen wer hier versagt hat?<\/li>\n<li>Keine Fragen warum die Bundesregierung immer wieder abwiegelt?<\/li>\n<li>Keine Forderungen nach Konsequenzen?<\/li>\n<li>Keine <a href=\"https:\/\/de.wikipedia.org\/wiki\/Josef_Foschepoth\" target=\"_blank\">Expertenbefragungen<\/a>?<\/li>\n<li>Kein \u00f6ffentlicher Druck auf den Bundesstaatsanwalt die Ermittlungen wieder aufzunehmen?<\/li>\n<li>Keine Fragen nach der Rolle und Verantwortung des BND in dieser Aff\u00e4re?<\/li>\n<li>Keine Sondersendungen oder Brennpunkte!<\/li>\n<\/ul>\n<p>Die Meldungen \u00fcber den <a href=\"http:\/\/www.welt.de\/sport\/article143736279\/Ist-Marcell-Jansen-der-cleverste-Profi-Deutschlands.html\" target=\"_blank\">Fu\u00dfballprofi Marcell Jansen<\/a> scheinen aber auch zu wichtig. Da hat man doch keine Zeit dar\u00fcber nachzudenken, das eine ausl\u00e4ndische Macht unsere gesamte Bundesregierung seit den letzten 25 Jahren umfassend ausspioniert. Nein liebe &#8222;Journalisten&#8220;, das geht nun wirklich nicht. Denn die Bundesregierung hat euch ja auch gesagt: &#8222;<a href=\"http:\/\/www.heise.de\/tp\/artikel\/45\/45389\/1.html\" target=\"_blank\">Von einer Total\u00fcberwachung kann keine Rede sein!<\/a>&#8222;. Da braucht dann euer Rechercheteam auch nicht weiter nachzufragen.<br \/>\nLiebe 4. Macht. Warum bildet ihr ein Rechercheteam, wenn ihr sowieso nicht recherchieren wollt? Aber es liegt bestimmt daran, da\u00df der Herr Pofalla die NSA-Aff\u00e4re l\u00e4ngst f\u00fcr erledigt erkl\u00e4rt hat. Na dann, legt euch wieder hin.<\/p>\n<p><a href=\"https:\/\/publikumskonferenz.de\/blog\/wp-content\/uploads\/2015\/06\/otto.jpg\"><img loading=\"lazy\" decoding=\"async\" src=\"https:\/\/publikumskonferenz.de\/blog\/wp-content\/uploads\/2015\/06\/otto-300x134.jpg\" alt=\"otto\" width=\"300\" height=\"134\" class=\"alignnone size-medium wp-image-573\" srcset=\"https:\/\/publikumskonferenz.de\/blog\/wp-content\/uploads\/2015\/06\/otto-300x134.jpg 300w, https:\/\/publikumskonferenz.de\/blog\/wp-content\/uploads\/2015\/06\/otto-100x45.jpg 100w, https:\/\/publikumskonferenz.de\/blog\/wp-content\/uploads\/2015\/06\/otto-150x67.jpg 150w, https:\/\/publikumskonferenz.de\/blog\/wp-content\/uploads\/2015\/06\/otto-200x90.jpg 200w, https:\/\/publikumskonferenz.de\/blog\/wp-content\/uploads\/2015\/06\/otto-450x202.jpg 450w, https:\/\/publikumskonferenz.de\/blog\/wp-content\/uploads\/2015\/06\/otto-600x269.jpg 600w, https:\/\/publikumskonferenz.de\/blog\/wp-content\/uploads\/2015\/06\/otto.jpg 614w\" sizes=\"auto, (max-width: 300px) 100vw, 300px\" \/><\/a> <\/p>\n<div style=\"float:left;margin-top: 20px;\"><span style=\"background-color:rgb(248,109,14);padding:30px;margin-left: 30px;\"><a style=\"color:white;font-size:20px;\" href=\"https:\/\/publikumskonferenz.de\/blog\/foerdermitgliedschaft\/\">F\u00f6rdermitglied werden<\/a><\/span><\/div>\n<p><br style=\"clear:both;\" \/><\/p>\n<div class=\"twoclick_social_bookmarks_post_677 social_share_privacy clearfix 1.6.4 locale-de_DE sprite-de_DE\"><\/div><div class=\"twoclick-js\"><script type=\"text\/javascript\">\/* <![CDATA[ *\/\njQuery(document).ready(function($){if($('.twoclick_social_bookmarks_post_677')){$('.twoclick_social_bookmarks_post_677').socialSharePrivacy({\"services\":{\"facebook\":{\"status\":\"on\",\"txt_info\":\"2 Klicks f\\u00fcr mehr Datenschutz: Erst wenn Sie hier klicken, wird der Button aktiv und Sie k\\u00f6nnen Ihre Empfehlung an Facebook senden. Schon beim Aktivieren werden Daten an Dritte \\u00fcbertragen - siehe <em>i<\\\/em>.\",\"perma_option\":\"off\",\"action\":\"like\",\"language\":\"de_DE\"},\"twitter\":{\"reply_to\":\"\",\"tweet_text\":\"%20Totalausfall%20der%204.%20Macht%3F%20%C2%BB%20St%C3%A4ndige%20Publikumskonferenz%20der%20...\",\"status\":\"on\",\"txt_info\":\"2 Klicks f\\u00fcr mehr Datenschutz: Erst wenn Sie hier klicken, wird der Button aktiv und Sie k\\u00f6nnen Ihre Empfehlung an Twitter senden. Schon beim Aktivieren werden Daten an Dritte \\u00fcbertragen - siehe <em>i<\\\/em>.\",\"perma_option\":\"off\",\"language\":\"de\",\"referrer_track\":\"\"}},\"txt_help\":\"Wenn Sie diese Felder durch einen Klick aktivieren, werden Informationen an Facebook, Twitter, Flattr, Xing, t3n, LinkedIn, Pinterest oder Google eventuell ins Ausland \\u00fcbertragen und unter Umst\\u00e4nden auch dort gespeichert. N\\u00e4heres erfahren Sie durch einen Klick auf das <em>i<\\\/em>.\",\"settings_perma\":\"Dauerhaft aktivieren und Daten\\u00fcber-tragung zustimmen:\",\"info_link\":\"http:\\\/\\\/www.heise.de\\\/ct\\\/artikel\\\/2-Klicks-fuer-mehr-Datenschutz-1333879.html\",\"uri\":\"https:\\\/\\\/publikumskonferenz.de\\\/blog\\\/totalausfall-der-4-macht\\\/\",\"post_id\":677,\"post_title_referrer_track\":\"Totalausfall+der+4.+Macht%3F\",\"display_infobox\":\"on\"});}});\n\/* ]]> *\/<\/script><\/div>","protected":false},"excerpt":{"rendered":"<p>Die NSA-Aff\u00e4re ist ja laut Ronald Pofalla l\u00e4ngst erledigt! Auch der Bundesstaatsanwalt konnte ja trotz intensiver Bem\u00fchungen keinen Anfangsverdacht erkennen, und stellte somit die Ermittlungen wegen der \u00dcberwachung von Merkels Handy ein. Und was macht die 4. Macht? Die Nachricht &hellip;<\/p>\n<p class=\"read-more\"> <a class=\"more-link\" href=\"https:\/\/publikumskonferenz.de\/blog\/totalausfall-der-4-macht\/\"> <span class=\"screen-reader-text\">Totalausfall der 4. Macht?<\/span> Weiterlesen &raquo;<\/a><\/p>\n","protected":false},"author":2,"featured_media":689,"comment_status":"closed","ping_status":"closed","sticky":false,"template":"","format":"standard","meta":{"footnotes":""},"categories":[1],"tags":[176,99,96,177],"class_list":["post-677","post","type-post","status-publish","format-standard","has-post-thumbnail","hentry","category-news","tag-4-macht","tag-nsa","tag-ueberwachung","tag-wikileaks"],"_links":{"self":[{"href":"https:\/\/publikumskonferenz.de\/blog\/wp-json\/wp\/v2\/posts\/677","targetHints":{"allow":["GET"]}}],"collection":[{"href":"https:\/\/publikumskonferenz.de\/blog\/wp-json\/wp\/v2\/posts"}],"about":[{"href":"https:\/\/publikumskonferenz.de\/blog\/wp-json\/wp\/v2\/types\/post"}],"author":[{"embeddable":true,"href":"https:\/\/publikumskonferenz.de\/blog\/wp-json\/wp\/v2\/users\/2"}],"replies":[{"embeddable":true,"href":"https:\/\/publikumskonferenz.de\/blog\/wp-json\/wp\/v2\/comments?post=677"}],"version-history":[{"count":10,"href":"https:\/\/publikumskonferenz.de\/blog\/wp-json\/wp\/v2\/posts\/677\/revisions"}],"predecessor-version":[{"id":754,"href":"https:\/\/publikumskonferenz.de\/blog\/wp-json\/wp\/v2\/posts\/677\/revisions\/754"}],"wp:featuredmedia":[{"embeddable":true,"href":"https:\/\/publikumskonferenz.de\/blog\/wp-json\/wp\/v2\/media\/689"}],"wp:attachment":[{"href":"https:\/\/publikumskonferenz.de\/blog\/wp-json\/wp\/v2\/media?parent=677"}],"wp:term":[{"taxonomy":"category","embeddable":true,"href":"https:\/\/publikumskonferenz.de\/blog\/wp-json\/wp\/v2\/categories?post=677"},{"taxonomy":"post_tag","embeddable":true,"href":"https:\/\/publikumskonferenz.de\/blog\/wp-json\/wp\/v2\/tags?post=677"}],"curies":[{"name":"wp","href":"https:\/\/api.w.org\/{rel}","templated":true}]}}