{"id":779,"date":"2015-08-21T12:48:56","date_gmt":"2015-08-21T11:48:56","guid":{"rendered":"https:\/\/publikumskonferenz.de\/blog\/?p=779"},"modified":"2017-05-21T18:41:12","modified_gmt":"2017-05-21T17:41:12","slug":"im-oeffentlichen-auftrag","status":"publish","type":"post","link":"https:\/\/publikumskonferenz.de\/blog\/im-oeffentlichen-auftrag\/","title":{"rendered":"Im \u00f6ffentlichen Auftrag"},"content":{"rendered":"<p><a href=\"https:\/\/www.otto-brenner-stiftung.de\/?id=1243\">Beitragsbild: OBS-Studie &#8211; Im \u00f6ffentlichen Auftrag<\/a><\/p>\n<p>Dem streitbaren \u00d6konomen und Wirtschaftjournalisten Norbert H\u00e4ring ging die <a href=\"http:\/\/norberthaering.de\/de\/medienversagen\">Berichterstattung \u00fcber die Griechen\u00adland-Krise <\/a>geh\u00f6rig gegen den Strich. Auf <a href=\"http:\/\/norberthaering.de\/de\/27-german\/news\/458-wdr-entscheidung#weiterlesen\">seinem Blog<\/a> konnte man in den vergangenen Monaten neben seinen Unmutsbekundungen \u00fcber <a href=\"http:\/\/norberthaering.de\/de\/27-german\/news\/411-spin-doktoren\">ARD, Krause und Co. zum Thema Griechenland<\/a> sehr viel <a href=\"http:\/\/norberthaering.de\/de\/griechenland\">interessante und hilfreiche Hintergrundinformationen<\/a> lesen. H\u00e4ring ist, im Gegensatz zu den meisten Rezipienten, die sich durch den <a href=\"http:\/\/www.heise.de\/tp\/artikel\/45\/45564\/1.html\">Dschungel deutscher Medien qu\u00e4len<\/a> m\u00fcssen, um halbwegs vern\u00fcnftig \u00fcber die Griechenlandkrise informiert zu werden, <a href=\"http:\/\/norberthaering.de\/de\/lebenslauf\">als promovierter Volkswirt ein Fachmann in Finanzfragen und Regionalpolitik<\/a>. Mit fundierten Sprachkenntnissen und dem entsprechenden Hintergrundwissen wei\u00df H\u00e4ring um die M\u00f6glichkeiten sich <a href=\"http:\/\/yanisvaroufakis.eu\/2015\/08\/20\/the-greek-plan-for-growth-recovery-two-documents-the-ministry-of-finance-tabled-in-may-and-june-2015\/#more-9992\">aus erster Hand<\/a> und vor allem verschont von <a href=\"http:\/\/norberthaering.de\/de\/27-german\/news\/435-nicht-mein-land\">deutschem Gr\u00f6\u00dfenwahn<\/a> zu informieren.<br \/>\n<a href=\"http:\/\/norberthaering.de\/de\/27-german\/news\/314-programmbeschwerde#weiterlesen\">Seine formale Programmbeschwerde<\/a>, die er im M\u00e4rz diesen Jahres anl\u00e4sslich der <a href=\"https:\/\/publikumskonferenz.de\/forum\/viewtopic.php?f=47&#038;t=507#p2023\">unangemessenen Griechenland-Berichterstattung der ARD<\/a> verfasste, kann man genau aus diesem Grunde auch als fundiert, begr\u00fcndet und durchdacht bezeichnen.<\/p>\n<p><!--more--><\/p>\n<p>Am Dienstag, den 18.08.2015 befasste sich nun der <a href=\"http:\/\/www1.wdr.de\/unternehmen\/gremien\/rundfunkrat\/rundfunkrat-ausblick104.html\">Rundfunkrat des WDR<\/a> mit der Beschwerde, da sich Herr H\u00e4ring nicht mit der unbefriedigenden Antwort der Programmverantwortlichen zufrieden gab und das Gremium (Publikumsvertretung) um Befassung anrief. Berichten der anwesenden Zeugen zu Folge wurde die Beschwerde, bei einer Enthaltung, in allen drei  bem\u00e4ngelten Punkte (Unabh\u00e4ngigkeit, Sorgfalt und Trennung Nachricht\/Kommentar), abgewiesen. <\/p>\n<p>Angesichts der massiven <a href=\"https:\/\/www.google.de\/#q=Griechenland+Berichterstattung+Krause\">Beanstandungen der Berichterstattung \u00f6ffentlich-rechtlicher Rundfunkanstalten (explizit der ARD)<\/a> und der <a href=\"https:\/\/publikumskonferenz.de\/forum\/viewtopic.php?f=47&#038;t=824#p2934\">subjektiv eingef\u00e4rbten<\/a> und teils unterirdisch <a href=\"https:\/\/publikumskonferenz.de\/forum\/viewforum.php?f=30\">fehlerhaften Kommentare Krauses,<\/a> besa\u00df die Sprecherin der Programmkommission Petra Kammerevert (SPD) die Chuzpe, <strong>vor der Abstimmung<\/strong> (!) ausdr\u00fccklich die Arbeit von Rolf-Dieter Krause zu loben, der angeblich einen hervorragenden Job geleistet habe. <\/p>\n<p>Nachdr\u00fccklicher kann man Publikumsverachtung nicht demonstrieren.<\/p>\n<p>Vor einiger Zeit hatte ich mir anl\u00e4sslich einer <a href=\"https:\/\/krautreporter.de\/270--beschwerden-im-akkord-wie-eine-selbst-ernannte-zuschauervertretung-ard-und-zdf-zusetzt\">grenzwertigen Presseverlautbarung<\/a> der Sprecherin der Programmkommission zu den Programmbeschwerden der Publikumskonferenz n\u00e4her angeschaut, mit wem wir es hier zu tun haben und ob die Entsandte des Landtages NRW tats\u00e4chlich die Interessen des Publikums in ihrer Eigenschaft als Rundfunkr\u00e4tin vertritt. Die Recherche war in Vergessenheit geraten, jedoch anl\u00e4sslich der Vorg\u00e4nge um die Befassung mit der Beschwerde Norbert H\u00e4rings wieder ins Bewusstsein gelangt. <\/p>\n<p>Schauen wir uns das Ganze etwas n\u00e4her an.<\/p>\n<p>Wird der <a href=\"http:\/\/www1.wdr.de\/unternehmen\/gremien\/rundfunkrat\/rundfunkrat_ausschuesse104.html\">Rundfunkrat des WDR<\/a> im Programmbeschwerdeverfahren nach \u00a7 10 Absatz 2 WDR-Gesetz angerufen, obliegt dem Programmausschuss die Vorberatung der Eingabe. Die Entscheidung trifft abschlie\u00dfend der Rundfunkrat, wobei das <strong>Votum des Programmausschusses in der Regel entscheidend ist.<\/strong><\/p>\n<p>Weitere Aufgaben des Programmausschusses  sind:<\/p>\n<p>\u2022\tPr\u00fcfung der \u00dcbereinstimmung des Angebotes in H\u00f6rfunk, Fernsehen und Internet mit dem Programmauftrag, den Programmgrunds\u00e4tzen und sonstigen gesetzlichen Vorschriften;<br \/>\n\u2022\tKritik, Lob und Anregungen zu Sendungen in H\u00f6rfunk, Fernsehen und Internet;<br \/>\n\u2022\tInformation der Programmverantwortlichen \u00fcber Vorhaben im Programm, Tendenzen und Akzeptanzentwicklungen;<br \/>\n\u2022\tWerkstattgespr\u00e4che zu Einzelaspekten des Programms (z. B. Zielgruppe j\u00fcngeres Publikum);<br \/>\n\u2022\tAnh\u00f6rung externer Experten sowie Vertreter von Zielgruppen;<br \/>\n\u2022\tInformationsveranstaltungen zu Programmfragen, Diskussionen mit Aufsichtsgremien anderer \u00f6r Sender;<br \/>\n\u2022\tBegegnungen mit Repr\u00e4sentanten der Medienpolitik und Medienwissenschaft;<br \/>\n\u2022\tTransparente Zuleitung der Ergebnisse \u00fcber Rundfunkrat, Intendanz, ARD-Programmverantwortliche sowie politisch Verantwortlichen und der \u00d6ffentlichkeit.<\/p>\n<p><a href=\"http:\/\/www1.wdr.de\/unternehmen\/gremien\/rundfunkrat\/rundfunkrat_kammerevert100.html\">Die Vorsitzende des Programmausschusses beim WDR<\/a> ist seit dem 25.10.2010 die <a href=\"http:\/\/www.kammerevert.eu\/html\/17898\/welcome\/Ausbildung-und-Werdegang.html\">SPD-Europa-Abgeordnete Petra Kammerevert  aus D\u00fcsseldorf. <\/a><\/p>\n<p>Das Arbeitspensum:<\/p>\n<p>Der regionale Betreuungsbereich innerhalb der Aus\u00fcbung des EU-Mandates von Frau Kammervert umfasst  D\u00fcsseldorf, Krefeld, Kreis Mettmann, M\u00f6nchengladbach, Kreis Neuss, Remscheid, Solingen, Wuppertal.<\/p>\n<p>Petra Kammerevert  ist Mitglied des Ausschusses f\u00fcr Kultur und Bildung, Informations-, Medien, Jugend- und Sportpolitik zust\u00e4ndig und hier Sprecherin der <a href=\"http:\/\/www.socialistsanddemocrats.eu\/de\">S&#038;D-Abgeordneten<\/a>.<\/p>\n<p>Sie ist weiterhin Mitglied der Delegation f\u00fcr den Parlamentarischen Stabilit\u00e4ts- und Assoziationsausschuss EU-Montenegro und stellvertretendes Mitglied des Ausschusses f\u00fcr b\u00fcrgerliche Freiheiten, Justiz und Inneres.<\/p>\n<p>Seit 2009 ist Petra Kammerevert Mitglied im Pr\u00e4sidium der Medienkommission beim SPD-Parteivorstand und seit 2012 Mitglied des Landesvorstandes der NRW-SPD.<\/p>\n<p>Von 2002 bis 2009 war Petra Kammerevert <a href=\"http:\/\/www.daserste.de\/specials\/ueber-uns\/ueber-uns-programmdirektion100.html\">Referentin in der ARD-Programmdirektion<\/a> und Leiterin der Gesch\u00e4ftsstelle des <a href=\"http:\/\/www.daserste.de\/ueber-uns\/organisation-struktur\/ard-programmbeirat\/index.html\">ARD-Programmbeirates.<\/a> <\/p>\n<p>Freigestellt ist Frau Kammerevert seit dem 14.07.2009, weil sie ab diesem Zeitpunkt als Abgeordnete ins EU-Parlament wechselte. Unmittelbar danach wechselte Frau Kammervert  2009 auch in den WDR-Rundfunkrat. Entsendeorganisation ist der Landtag NRW. <\/p>\n<p>Vom 18.12.2009 bis 19.11.2010 war Frau Kammerevert stellvertretende Vorsitzende des WDR-Rundfunkrates.<\/p>\n<p>Aus Publikumssicht stellen sich angesichts dieser Fakten diverse Fragen, um deren Beantwortung wir die Entsendeorganisation Landtag NRW nunmehr f\u00f6rmlich ersuchen.<\/p>\n<p>1.) Frau Kammereverts Aufgabenbereiche sind vielf\u00e4ltig und das Arbeitspensum nachweislich enorm. Das parlamentarische Tagesgesch\u00e4ft von EU-Abgeordneten inklusive Wahlkreisarbeit, Veranstaltungen, Ausschuss-, Fraktions-, Wahlkreis- und Plenarwochen, Sitzungen und Arbeitsgruppentreffen m\u00fcndet laut Aussagen von (uns bekannten) EU-Abgeordneten oftmals in 60-Stunden-Wochen. <\/p>\n<p>Frage: <\/p>\n<blockquote><p>Wie stellen Sie als Entsendeorganisation und die Rundfunkr\u00e4tin und Vorsitzende des zeit- und arbeitsaufw\u00e4ndigen Programmausschusses Petra Kammerevert angesichts dieses Arbeitspensums sicher, dass die eingangs genannten vielf\u00e4ltigen Aufgaben mit der gebotenen Sorgfalt (zeitlich, sachlich, inhaltlich) im Interesse des gesellschaftlichen Auftrages erf\u00fcllt werden?<\/p><\/blockquote>\n<p>2.) Frau Kammervert war bis 2009 Referentin bei der ARD-Programmkommission und Leiterin der Gesch\u00e4ftsstelle des  ARD-Programmbeirates. Obwohl sich die Rundfunkr\u00e4tin aktuell nicht im <a href=\"http:\/\/www.tagesspiegel.de\/wirtschaft\/abgeordnete-mit-nebenjobs-selbstbestimmtes-mass\/220560.html\">Angestelltenverh\u00e4ltnis<\/a> in dergestalt befindet, als dass ihr Weisungen erteilt werden k\u00f6nnten, wirft die Entsendung einer Person, die vorher als Referentin der zu kontrollierenden Stelle wirkte, Fragen auf.<br \/>\n<em>(Angestellte m\u00fcssen laut Gesetz von ihrem Arbeitgeber f\u00fcr eine Mandats\u00fcbernahme freigestellt werden. Sie sind dann von der &#8222;Verpflichtung zur Erbringung ihrer Arbeitsleistung befreit&#8220; und haben  einen Anspruch auf Wiedereinstellung, wenn ihre Mandatszeit ausl\u00e4uft.)<\/em><\/p>\n<p>Frage: <\/p>\n<blockquote><p>Kann angesichts der Tatsache, dass Frau Kammervert von einer entsprechenden Abteilung (Programmdirektion) des Unternehmens direkt in das Aufsichtsgremium wechselt, welches die Aufgabe hat, die Einhaltung des gesetzlich festgeschriebenen Programmauftrags sowie der Programmgrunds\u00e4tze zu kontrollieren, eine Interessenkollision nach WDR-Gesetz \u00a713 (5) zweifelsfrei ausgeschlossen werden?<\/p><\/blockquote>\n<p><em>WDR-Gesetz<br \/>\n\u00a7 13 Abs. 5 und 5a<br \/>\n(5) Kein Mitglied des Rundfunkrats oder des Verwaltungsrats darf wirtschaftliche oder sonstige Interessen verfolgen, die geeignet sind, die Erf\u00fcllung seiner Aufgabe als Mitglied des jeweiligen Organs dauerhaft zu gef\u00e4hrden. Tatsachen, die eine solche Interessenkollision begr\u00fcnden k\u00f6nnen, sind durch das Mitglied unverz\u00fcglich der oder dem Vorsitzenden des jeweiligen Organs anzuzeigen. Liegen diese Tatsachen in der Person der oder des Vorsitzenden des Organs vor, hat sie oder er unverz\u00fcglich die Mitglieder dieses Organs sowie die f\u00fcr die Rechtsaufsicht zust\u00e4ndige Beh\u00f6rde zu informieren. \u00dcber das Vorliegen einer Interessenkollision entscheidet das jeweilige Organ, wobei die oder der Betroffene nicht mitwirkt. Wird eine Interessenkollision festgestellt, erlischt die Mitgliedschaft in dem jeweiligen Organ.<\/em><\/p>\n<p>3.) Petra Kammerevert sieht <a href=\"https:\/\/krautreporter.de\/270--beschwerden-im-akkord-wie-eine-selbst-ernannte-zuschauervertretung-ard-und-zdf-zusetzt\">laut einer Presseverlautbarung<\/a> das Problem, dass Programmbeschwerden, welchen der Rundfunkrat formalrechtlich stattgibt, erhebliche Folgen f\u00fcr die betroffenen Mitarbeiter haben k\u00f6nnten. Diese Ansicht vernachl\u00e4ssigt in grober Weise die Gr\u00fcnde f\u00fcr Publikumsanliegen und spiegelt klar die Loyalit\u00e4t der Rundfunkr\u00e4tin gegen\u00fcber dem Haus wieder, in welchem sie \u00fcber ein ruhendes Besch\u00e4ftigungsverh\u00e4ltnis verf\u00fcgt. Da auch ein Gro\u00dfteil unserer Programmbeschwerden in den vergangenen Monaten in einer teils qualitativ und argumentativ ungen\u00fcgenden Art und Weise zur\u00fcckgewiesen wurde, sehen wir unsere Annahme best\u00e4tigt, dass sich Rundfunkr\u00e4te mit deutlich wahrnehmbaren Interessenkonflikten (parteipolitische und besch\u00e4ftigungstechnische Abh\u00e4ngigkeiten zur Senderfamilie) nicht als Interessenvertretung des anspruchsberechtigten Publikums eignen und ihren Kontrollaufgaben nicht hinreichend nachkommen. <\/p>\n<p>Frage 1: <\/p>\n<blockquote><p>Wie kann sichergestellt werden, dass seitens der WDR-Rundfunkr\u00e4tin und SPD-Abgeordneten Petra Kammerevert bei der Beurteilung von Publikumsanliegen interessengesteuerte (Unternehmen ARD) Entscheidungen ausgeschlossen werden k\u00f6nnen?<\/p><\/blockquote>\n<p>Frage 2: <\/p>\n<blockquote><p>Inwieweit wird der Landtag NRW als Entsendeorganisation k\u00fcnftig darauf achten, dass die Interessen des Gemeinwesens durch die in den WDR-Rundfunkrat entsendeten Personen, sowohl zeitlich, qualitativ als auch unbefangen erf\u00fcllt werden k\u00f6nnen? <\/p><\/blockquote>\n<p>Der Sitz in einem Rundfunkgremium ist eine gesamtgesellschaftlich relevante Aufgabe, die sich nicht darin ersch\u00f6pft, als Co-Manager einer Rundfunkanstalt zu fungieren. Sie hat stattdessen die selbstbewusste Kontrolle der Wahrung des gesellschaftlichen Auftrages und der journalistischen Qualit\u00e4tskontrolle zu sichern und ist damit existenziell f\u00fcr die Legitimation und Glaubw\u00fcrdigkeit des \u00f6ffentlich rechtlichen Rundfunks. Um dem gesellschaftlich formulierten Anspruch der Kontrolle qualitatv gerecht werden zu k\u00f6nnen, muss die Arbeit von Rundfunkr\u00e4ten mit einem beachtlichen Zeitbudget einhergehen. An die entsendenden Organisationen ist der dringende Appell zu richten, dass die Entsendeten in den Rundfunkgremien Gremien zwar ihre Sachkenntnis einzubringen, nicht aber Lobbyarbeit zu betreiben haben. Rundfunkr\u00e4te sind Repr\u00e4sentanten und Sachwalter des in Art. 5 Abs. 1 GG niedergelegten kommunikativen Interesses der Allgemeinheit und nicht etwa Interessenvertreter oder Sprachrohr ihrer Sender und deren Besch\u00e4ftigten.<\/p>\n<p><a href=\"https:\/\/www.otto-brenner-shop.de\/uploads\/tx_mplightshop\/AH73_Rundfunk_web.pdf\">Thesen zur Gremienarbeit<\/a><br \/>\n<a href=\"http:\/\/www.newsroom.de\/news\/detail\/%24HVKWFPEMNTIM\">Zw\u00f6lf Thesen: Warum Rundfunkr\u00e4te endlich wieder unabh\u00e4ngig arbeiten m\u00fcssen<\/a><\/p>\n<p><a href=\"https:\/\/publikumskonferenz.de\/blog\/wp-content\/uploads\/2015\/06\/otto.jpg\"><img loading=\"lazy\" decoding=\"async\" src=\"https:\/\/publikumskonferenz.de\/blog\/wp-content\/uploads\/2015\/06\/otto-300x134.jpg\" alt=\"otto\" width=\"300\" height=\"134\" class=\"alignnone size-medium wp-image-573\" srcset=\"https:\/\/publikumskonferenz.de\/blog\/wp-content\/uploads\/2015\/06\/otto-300x134.jpg 300w, https:\/\/publikumskonferenz.de\/blog\/wp-content\/uploads\/2015\/06\/otto-100x45.jpg 100w, https:\/\/publikumskonferenz.de\/blog\/wp-content\/uploads\/2015\/06\/otto-150x67.jpg 150w, https:\/\/publikumskonferenz.de\/blog\/wp-content\/uploads\/2015\/06\/otto-200x90.jpg 200w, https:\/\/publikumskonferenz.de\/blog\/wp-content\/uploads\/2015\/06\/otto-450x202.jpg 450w, https:\/\/publikumskonferenz.de\/blog\/wp-content\/uploads\/2015\/06\/otto-600x269.jpg 600w, https:\/\/publikumskonferenz.de\/blog\/wp-content\/uploads\/2015\/06\/otto.jpg 614w\" sizes=\"auto, (max-width: 300px) 100vw, 300px\" \/><\/a> <\/p>\n<div style=\"float:left;margin-top: 20px;\"><span style=\"background-color:rgb(248,109,14);padding:30px;margin-left: 30px;\"><a style=\"color:white;font-size:20px;\" href=\"https:\/\/publikumskonferenz.de\/blog\/foerdermitgliedschaft\/\">F\u00f6rdermitglied werden<\/a><\/span><\/div>\n<p><br style=\"clear:both;\" \/><\/p>\n<div class=\"twoclick_social_bookmarks_post_779 social_share_privacy clearfix 1.6.4 locale-de_DE sprite-de_DE\"><\/div><div class=\"twoclick-js\"><script type=\"text\/javascript\">\/* <![CDATA[ *\/\njQuery(document).ready(function($){if($('.twoclick_social_bookmarks_post_779')){$('.twoclick_social_bookmarks_post_779').socialSharePrivacy({\"services\":{\"facebook\":{\"status\":\"on\",\"txt_info\":\"2 Klicks f\\u00fcr mehr Datenschutz: Erst wenn Sie hier klicken, wird der Button aktiv und Sie k\\u00f6nnen Ihre Empfehlung an Facebook senden. Schon beim Aktivieren werden Daten an Dritte \\u00fcbertragen - siehe <em>i<\\\/em>.\",\"perma_option\":\"off\",\"action\":\"like\",\"language\":\"de_DE\"},\"twitter\":{\"reply_to\":\"\",\"tweet_text\":\"%20Im%20%C3%B6ffentlichen%20Auftrag%20%C2%BB%20St%C3%A4ndige%20Publikumskonferenz%20der%20...\",\"status\":\"on\",\"txt_info\":\"2 Klicks f\\u00fcr mehr Datenschutz: Erst wenn Sie hier klicken, wird der Button aktiv und Sie k\\u00f6nnen Ihre Empfehlung an Twitter senden. Schon beim Aktivieren werden Daten an Dritte \\u00fcbertragen - siehe <em>i<\\\/em>.\",\"perma_option\":\"off\",\"language\":\"de\",\"referrer_track\":\"\"}},\"txt_help\":\"Wenn Sie diese Felder durch einen Klick aktivieren, werden Informationen an Facebook, Twitter, Flattr, Xing, t3n, LinkedIn, Pinterest oder Google eventuell ins Ausland \\u00fcbertragen und unter Umst\\u00e4nden auch dort gespeichert. N\\u00e4heres erfahren Sie durch einen Klick auf das <em>i<\\\/em>.\",\"settings_perma\":\"Dauerhaft aktivieren und Daten\\u00fcber-tragung zustimmen:\",\"info_link\":\"http:\\\/\\\/www.heise.de\\\/ct\\\/artikel\\\/2-Klicks-fuer-mehr-Datenschutz-1333879.html\",\"uri\":\"https:\\\/\\\/publikumskonferenz.de\\\/blog\\\/im-oeffentlichen-auftrag\\\/\",\"post_id\":779,\"post_title_referrer_track\":\"Im+%C3%B6ffentlichen+Auftrag\",\"display_infobox\":\"on\"});}});\n\/* ]]> *\/<\/script><\/div>","protected":false},"excerpt":{"rendered":"<p>Beitragsbild: OBS-Studie &#8211; Im \u00f6ffentlichen Auftrag Dem streitbaren \u00d6konomen und Wirtschaftjournalisten Norbert H\u00e4ring ging die Berichterstattung \u00fcber die Griechen\u00adland-Krise geh\u00f6rig gegen den Strich. Auf seinem Blog konnte man in den vergangenen Monaten neben seinen Unmutsbekundungen \u00fcber ARD, Krause und Co. &hellip;<\/p>\n<p class=\"read-more\"> <a class=\"more-link\" href=\"https:\/\/publikumskonferenz.de\/blog\/im-oeffentlichen-auftrag\/\"> <span class=\"screen-reader-text\">Im \u00f6ffentlichen Auftrag<\/span> Weiterlesen &raquo;<\/a><\/p>\n","protected":false},"author":2,"featured_media":783,"comment_status":"closed","ping_status":"closed","sticky":false,"template":"","format":"standard","meta":{"footnotes":""},"categories":[1],"tags":[233,231,112,107,234,228,227,90,252,147,236,235,74,232,230],"class_list":["post-779","post","type-post","status-publish","format-standard","has-post-thumbnail","hentry","category-news","tag-ard-programmbeirat","tag-ard-programmkommission","tag-eu","tag-griechenland","tag-landtag-nrw","tag-norbert-haering","tag-obs-studie","tag-programmausschuss","tag-programmbeschwerde","tag-publikumskonferenz","tag-rolf-dieter-krause","tag-rundfunkraete","tag-wdr","tag-wdr-gesetz","tag-wdr-rundfunkrat"],"_links":{"self":[{"href":"https:\/\/publikumskonferenz.de\/blog\/wp-json\/wp\/v2\/posts\/779","targetHints":{"allow":["GET"]}}],"collection":[{"href":"https:\/\/publikumskonferenz.de\/blog\/wp-json\/wp\/v2\/posts"}],"about":[{"href":"https:\/\/publikumskonferenz.de\/blog\/wp-json\/wp\/v2\/types\/post"}],"author":[{"embeddable":true,"href":"https:\/\/publikumskonferenz.de\/blog\/wp-json\/wp\/v2\/users\/2"}],"replies":[{"embeddable":true,"href":"https:\/\/publikumskonferenz.de\/blog\/wp-json\/wp\/v2\/comments?post=779"}],"version-history":[{"count":18,"href":"https:\/\/publikumskonferenz.de\/blog\/wp-json\/wp\/v2\/posts\/779\/revisions"}],"predecessor-version":[{"id":2820,"href":"https:\/\/publikumskonferenz.de\/blog\/wp-json\/wp\/v2\/posts\/779\/revisions\/2820"}],"wp:featuredmedia":[{"embeddable":true,"href":"https:\/\/publikumskonferenz.de\/blog\/wp-json\/wp\/v2\/media\/783"}],"wp:attachment":[{"href":"https:\/\/publikumskonferenz.de\/blog\/wp-json\/wp\/v2\/media?parent=779"}],"wp:term":[{"taxonomy":"category","embeddable":true,"href":"https:\/\/publikumskonferenz.de\/blog\/wp-json\/wp\/v2\/categories?post=779"},{"taxonomy":"post_tag","embeddable":true,"href":"https:\/\/publikumskonferenz.de\/blog\/wp-json\/wp\/v2\/tags?post=779"}],"curies":[{"name":"wp","href":"https:\/\/api.w.org\/{rel}","templated":true}]}}