{"id":7972,"date":"2023-04-16T10:32:56","date_gmt":"2023-04-16T09:32:56","guid":{"rendered":"https:\/\/publikumskonferenz.de\/blog\/?p=7972"},"modified":"2023-04-16T11:02:41","modified_gmt":"2023-04-16T10:02:41","slug":"das-grauen-kommt-auf-leisen-sohlen","status":"publish","type":"post","link":"https:\/\/publikumskonferenz.de\/blog\/das-grauen-kommt-auf-leisen-sohlen\/","title":{"rendered":"Das Grauen kommt auf leisen Sohlen"},"content":{"rendered":"<div class=\"nLG8d5\" data-hook=\"post-description\">\n<article class=\"blog-post-page-font\">\n<div class=\"post-content__body\">\n<div class=\"NjQ71C\">\n<div class=\"NjQ71C\">\n<div class=\"ZylKKv md1nXG SwMATA\" data-rce-version=\"9.6.3\">\n<div class=\"kvdbP HWlYoF wrLZsV _1O7aH\" dir=\"ltr\" data-id=\"rich-content-viewer\">\n<div class=\"_1hN1O uyQefQ\">\n<p><em>Quelle Beitragsbild: Screenshot Szene aus <a href=\"https:\/\/www.youtube.com\/watch?v=jx2O4SZnNIU&amp;t=3804s\">Krasnoarmeysk am Tag des Referendums am 11.05.2014<\/a><\/em><\/p>\n<p id=\"viewer-foo\" class=\"mm8Nw _1j-51 roLFQS _1FoOD _1oG79 WJlzbz roLFQS public-DraftStyleDefault-block-depth0 fixed-tab-size public-DraftStyleDefault-text-ltr\"><span class=\"_2PHJq public-DraftStyleDefault-ltr\"><strong>Jede Zeit hat ihre eigenen Herausforderungen. <\/strong><\/span><span class=\"_2PHJq public-DraftStyleDefault-ltr\"><strong>Man muss sie erkennen und man muss sich ihnen stellen.<\/strong><\/span><\/p>\n<div data-hook=\"rcv-block2\"><strong><em>Ein Beitrag von <\/em><\/strong><a href=\"https:\/\/www.liske.de\/\"><em><strong>Bernd Liske<\/strong><\/em><\/a><\/div>\n<p id=\"viewer-6rm94\" class=\"mm8Nw _1j-51 roLFQS _1FoOD _78FBa sk96G9 roLFQS public-DraftStyleDefault-block-depth0 fixed-tab-size public-DraftStyleDefault-text-ltr\"><span class=\"_2PHJq public-DraftStyleDefault-ltr\">Es war Sonntag, der zweite April. Gerade hatte ich mit meiner Frau Kaffee getrunken \u2013 kurz vorher <a class=\"_3Bkfb _1lsz7\" href=\"https:\/\/twitter.com\/berndliske\/status\/1642504196078424064?s=20\" target=\"_blank\" rel=\"noopener noreferrer\" data-hook=\"linkViewer\">kommentierte<\/a> ich noch Ralf F\u00fccks von Zentrum Liberale Moderne, der dar\u00fcber sinnierte, warum der Westen Angst vor einem Sieg der Ukraine hat und sich fragte, weshalb \u201ewir nicht alle unsere Ressourcen in die Waagschale\u201c werfen \u2013 und wollte sie gleich zum Bahnhof fahren. Auf meinem Handy schaute ich schnell noch mal bei t-online, wie Magdeburg gegen Rostock gespielt hat. Mein Blick fiel auf einen Artikel auf der Startseite: <a class=\"_3Bkfb _1lsz7\" href=\"https:\/\/www.t-online.de\/nachrichten\/ukraine\/id_100154264\/12-punkte-plan-ukraine-kuendigt-entgiftung-der-krim-an.html\" target=\"_blank\" rel=\"noopener noreferrer\" data-hook=\"linkViewer\">Ukraine k\u00fcndigt \u201eEntgiftung\u201c der Krim an<\/a>. Ich bl\u00e4tterte rein und schluckte.<\/span><\/p>\n<p id=\"viewer-2qgd7\" class=\"mm8Nw _1j-51 roLFQS _1FoOD _78FBa sk96G9 roLFQS public-DraftStyleDefault-block-depth0 fixed-tab-size public-DraftStyleDefault-text-ltr\"><span class=\"_2PHJq public-DraftStyleDefault-ltr\">Nachdem ich meine Frau zum Bahnhof gebracht hatte, fuhr ich zum Fitness. Auf dem Parkplatz suchte ich vergebens auf TWITTER nach weiteren Meldungen mit der Schlagzeile \u2013 auch t-online hatte zu dem Artikel noch keinen Tweet abgesetzt. F\u00fcndig wurde ich aber doch, weil es in der Timeline eine Meldung der WELT gab: \u201eKiew ver\u00f6ffentlicht 12-Punkte-Plan f\u00fcr eine Befreiung der Krim.\u201c <a class=\"_3Bkfb _1lsz7\" href=\"https:\/\/twitter.com\/berndliske\/status\/1642529901675782146?s=20\" target=\"_blank\" rel=\"noopener noreferrer\" data-hook=\"linkViewer\">Meine Situationskomik<\/a> schlug sofort an. \u00dcberaus passend wurde der Tweet entgegen meiner schon l\u00e4nger bestehenden Erfahrung, dass alle meine Tweets unter \u201eWeitere Antworten anzeigen, insbesondere solcher, die beleidigende Inhalte enthalten k\u00f6nnen\u201c und dort an die letzte Stelle einsortiert werden \u2013 was ihnen eine gro\u00dfe Aufmerksamkeit sichert \u2013, diesmal nicht dort eingeordnet: Nein, offensichtlich wurde er durch die Redaktion der WELT gel\u00f6scht. <\/span><\/p>\n<p id=\"viewer-6n37c\" class=\"mm8Nw _1j-51 roLFQS _1FoOD _78FBa sk96G9 roLFQS public-DraftStyleDefault-block-depth0 fixed-tab-size public-DraftStyleDefault-text-ltr\"><span class=\"_2PHJq public-DraftStyleDefault-ltr\">Am Abend machte ich mich weiter auf die Suche. F\u00fcndig wurde ich bei der <a class=\"_3Bkfb _1lsz7\" href=\"https:\/\/www.tagesschau.de\/ausland\/europa\/plan-befreiung-krim-101.html\" target=\"_blank\" rel=\"noopener noreferrer\" data-hook=\"linkViewer\">TAGESSCHAU<\/a>, beim <a class=\"_3Bkfb _1lsz7\" href=\"https:\/\/www.zdf.de\/nachrichten\/politik\/kiew-krim-befreiung-plan-ukraine-100.html\" target=\"_blank\" rel=\"noopener noreferrer\" data-hook=\"linkViewer\">ZDF<\/a>, der <a class=\"_3Bkfb _1lsz7\" href=\"https:\/\/www.sueddeutsche.de\/politik\/ukraine-krieg-newsblog-russland-militaerblogger-petersburg-1.5774758?utm_source=Twitter&amp;utm_medium=twitterbot&amp;utm_campaign=5774758\" target=\"_blank\" rel=\"noopener noreferrer\" data-hook=\"linkViewer\">S\u00fcddeutschen Zeitung<\/a>, der <a class=\"_3Bkfb _1lsz7\" href=\"https:\/\/www.faz.net\/aktuell\/politik\/ukraine-liveticker-wagner-chef-prigoschin-meldet-einnahme-von-bachmut-faz-18495964.html\" target=\"_blank\" rel=\"noopener noreferrer\" data-hook=\"linkViewer\">FAZ<\/a>, beim <a class=\"_3Bkfb _1lsz7\" href=\"https:\/\/www.focus.de\/politik\/ausland\/ukraine-krise\/kiew-veroeffentlicht-12-punkte-plan-fuer-eine-befreiung-der-krim_id_190016267.html\" target=\"_blank\" rel=\"noopener noreferrer\" data-hook=\"linkViewer\">Focus<\/a>, der <a class=\"_3Bkfb _1lsz7\" href=\"https:\/\/www.dw.com\/de\/ukraine-aktuell-kiew-stellt-12-punkte-plan-f%C3%BCr-befreiung-der-krim-vor\/a-65205696\" target=\"_blank\" rel=\"noopener noreferrer\" data-hook=\"linkViewer\">Deutschen Welle<\/a> und <a class=\"_3Bkfb _1lsz7\" href=\"https:\/\/www.merkur.de\/politik\/ukraine-krieg-aktuell-militaer-analyse-sieg-niederlage-russland-putin-selenskyj-kiew-pawlo-zr-92186105.html\" target=\"_blank\" rel=\"noopener noreferrer\" data-hook=\"linkViewer\">Merkur<\/a>. Bis auf die Deutsche Welle findet man in allen Texten das Wort \u201eEntgiftung\u201c. Beispielhaft soll aus der TAGESCHAU zitiert werden \u2013 f\u00fcr jene Leser, die nur ungern Links folgen (ich liebe Links):<\/span><\/p>\n<p id=\"viewer-8rg7d\" class=\"mm8Nw _1j-51 roLFQS _1FoOD _78FBa sk96G9 roLFQS public-DraftStyleDefault-block-depth1 fixed-tab-size public-DraftStyleDefault-text-ltr\"><span class=\"_2PHJq public-DraftStyleDefault-ltr\"><strong>Seit<\/strong> <strong>2014<\/strong> <strong>steht<\/strong> <strong>die<\/strong> <strong>Halbinsel<\/strong> <strong>Krim<\/strong> <strong>im<\/strong> <strong>Schwarzen<\/strong> <strong>Meer<\/strong> <strong>unter<\/strong> <strong>russischer<\/strong> <strong>Kontrolle.<\/strong> <strong>Nun<\/strong> <strong>hat<\/strong> <strong>Kiew<\/strong> <strong>einen<\/strong> <strong>Zw\u00f6lf-Punkte-Plan<\/strong> <strong>f\u00fcr<\/strong> <strong>ihre<\/strong> <strong>&#8222;Befreiung&#8220;<\/strong> <strong>vorgelegt.<\/strong> <strong>Von<\/strong> <strong>&#8222;S\u00e4uberung&#8220;<\/strong> <strong>und<\/strong> <strong>&#8222;Entnazifizierung&#8220;<\/strong> <strong>ist<\/strong> <strong>die<\/strong> <strong>Rede. <!--more--><\/strong><\/span><\/p>\n<p id=\"viewer-drt6n\" class=\"mm8Nw _1j-51 roLFQS _1FoOD _78FBa sk96G9 roLFQS public-DraftStyleDefault-block-depth1 fixed-tab-size public-DraftStyleDefault-text-ltr\"><span class=\"_2PHJq public-DraftStyleDefault-ltr\">Der Sekret\u00e4r des ukrainischen Sicherheits- und Verteidigungsrats hat einen Plan vorgelegt, wie die Krim nach dem Ende der Besetzung aussehen soll. Den Zw\u00f6lf-Punkte-Plan ver\u00f6ffentlichte er auf Facebook.<\/span><\/p>\n<p id=\"viewer-bh8es\" class=\"mm8Nw _1j-51 roLFQS _1FoOD _78FBa sk96G9 roLFQS public-DraftStyleDefault-block-depth1 fixed-tab-size public-DraftStyleDefault-text-ltr\"><span class=\"_2PHJq public-DraftStyleDefault-ltr\"><strong>&#8222;S\u00e4uberung<\/strong> <strong>nach<\/strong> <strong>dem<\/strong> <strong>Vorbild<\/strong> <strong>der<\/strong> <strong>Entnazifizierung&#8220;<\/strong><\/span><\/p>\n<p id=\"viewer-a8hsb\" class=\"mm8Nw _1j-51 roLFQS _1FoOD _78FBa sk96G9 roLFQS public-DraftStyleDefault-block-depth1 fixed-tab-size public-DraftStyleDefault-text-ltr\"><span class=\"_2PHJq public-DraftStyleDefault-ltr\">Die Vertreter des Machtapparates in Moskau bezeichnete er als &#8222;M\u00fcll&#8220;. Die Staatsdiener auf der Krim, die sich bei der Annexion mit den russischen Besatzern eingelassen h\u00e4tten, w\u00fcrden einer S\u00e4uberung unterzogen nach dem Vorbild der Entnazifizierung Deutschlands nach dem Zweiten Weltkrieg, teilte Danilow mit.<\/span><\/p>\n<p id=\"viewer-3pejb\" class=\"mm8Nw _1j-51 roLFQS _1FoOD _78FBa sk96G9 roLFQS public-DraftStyleDefault-block-depth1 fixed-tab-size public-DraftStyleDefault-text-ltr\"><span class=\"_2PHJq public-DraftStyleDefault-ltr\">Besonders erw\u00e4hnte er auch Richter, Staatsanw\u00e4lte und Angeh\u00f6rige der Sicherheitsorgane, die sich 2014 auf die Seite Russlands geschlagen h\u00e4tten. Ukrainer, die f\u00fcr die von Moskau eingesetzte Regionalregierung gearbeitet haben, sollen strafrechtlich belangt werden, staatliche Pensionen verlieren und von \u00f6ffentlichen \u00c4mtern ausgeschlossen werden. <\/span><\/p>\n<p id=\"viewer-b8paa\" class=\"mm8Nw _1j-51 roLFQS _1FoOD _78FBa sk96G9 roLFQS public-DraftStyleDefault-block-depth1 fixed-tab-size public-DraftStyleDefault-text-ltr\"><span class=\"_2PHJq public-DraftStyleDefault-ltr\">Alle russischen B\u00fcrger, die nach 2014 auf die Krim gezogen sind, sollen dem Plan zufolge vertrieben werden. Grundst\u00fccksk\u00e4ufe und andere Vertr\u00e4ge sollen annulliert werden.<\/span><\/p>\n<p id=\"viewer-3dla8\" class=\"mm8Nw _1j-51 roLFQS _1FoOD _78FBa sk96G9 roLFQS public-DraftStyleDefault-block-depth1 fixed-tab-size public-DraftStyleDefault-text-ltr\"><span class=\"_2PHJq public-DraftStyleDefault-ltr\">Au\u00dferdem sollten alle politischen Gefangenen, darunter viele Krim-Tataren umgehend freigelassen werden. <em>&#8222;Es wird ein umfassendes Programm der &#8222;Entgiftung&#8220;<\/em> umgesetzt, das die Folgen des langj\u00e4hrigen Einflusses der russischen Propaganda auf das \u00f6ffentliche Bewusstsein eines Teils der Bev\u00f6lkerung der Halbinsel neutralisiert&#8220;, schreibt Danilow in Punkt 9.<\/span><\/p>\n<p id=\"viewer-bifad\" class=\"mm8Nw _1j-51 roLFQS _1FoOD _78FBa sk96G9 roLFQS public-DraftStyleDefault-block-depth0 fixed-tab-size public-DraftStyleDefault-text-ltr\"><span class=\"_2PHJq public-DraftStyleDefault-ltr\">Passend dazu schlie\u00dft die TAGESSCHAU:<\/span><\/p>\n<blockquote>\n<p id=\"viewer-5caf9\" class=\"mm8Nw _1j-51 roLFQS _1FoOD _78FBa sk96G9 roLFQS public-DraftStyleDefault-block-depth1 fixed-tab-size public-DraftStyleDefault-text-ltr\"><span class=\"_2PHJq public-DraftStyleDefault-ltr\">Danilows \u00dcberlegungen kommen in einer Phase des Krieges, in der die ukrainischen Streitkr\u00e4fte vermutlich eine Offensive zur R\u00fcckeroberung russisch besetzter Gebiete vorbereiten. Dabei k\u00f6nnten auch vom Westen gelieferte Kampfpanzer und andere moderne Waffensysteme zum Einsatz kommen. Russische Truppen konzentrieren ihre Angriffe derzeit auf die Stadt Bachmut im Donbass. Die K\u00e4mpfe dauern seit acht Monaten an, ohne dass sie die Stadt vollst\u00e4ndig erobert haben.<\/span><\/p>\n<\/blockquote>\n<p id=\"viewer-5qoup\" class=\"mm8Nw _1j-51 roLFQS _1FoOD _78FBa sk96G9 roLFQS public-DraftStyleDefault-block-depth0 fixed-tab-size public-DraftStyleDefault-text-ltr\"><span class=\"_2PHJq public-DraftStyleDefault-ltr\">Was bei allen Artikeln auff\u00e4llt: Sie kommen als reine Berichte ohne jegliche Emotionen und Kommentierungen daher. Ganz anders war das noch, als im Februar \u00fcber einen anderen 12-Punkte-Plan berichtet wurde: <a class=\"_3Bkfb _1lsz7\" href=\"https:\/\/www.fmprc.gov.cn\/mfa_eng\/wjdt_665385\/2649_665393\/202302\/t20230224_11030713.html\" target=\"_blank\" rel=\"noopener noreferrer\" data-hook=\"linkViewer\">Die Friedensinitiative Chinas<\/a>. <\/span><\/p>\n<p><span class=\"_2PHJq public-DraftStyleDefault-ltr\"><a class=\"_3Bkfb _1lsz7\" href=\"https:\/\/twitter.com\/LiskeAphorismen\/status\/1606611894747500549?s=20\" target=\"_blank\" rel=\"noopener noreferrer\" data-hook=\"linkViewer\"><strong>Es gibt kein Verbrechen<\/strong><\/a><strong>, keinen Kniff, keine Ignoranz, keine Selbstgef\u00e4lligkeit, keine Dummheit, keinen Trick, keinen Schwindel, keinen Betrug, kein Laster, dass der Auseinandersetzung und der Offenlegung vorenthalten bleiben soll. Begegnet ihrer fehlenden Achtung durch Achtung, offenbart ihr Schweigen als Feigheit, ihre Logik als verlogen, ihre Reden zum Eigen- statt Gemeinnutz, ihre Intriganz anstelle ihrer Integrit\u00e4t, doch macht sie nicht vor aller Augen l\u00e4cherlich, denn wir sind ein Volk, das nur zusammen eine Zukunft hat: Macht euch nicht mit ihnen gemein, sondern ver\u00e4ndert euch durch die Auseinandersetzung mit ihnen. Und fr\u00fcher oder sp\u00e4ter wird die Meinung der \u00d6ffentlichkeit den Wert erkennen. Die Auseinandersetzung und die Wahrheit allein gen\u00fcgen wahrscheinlich nicht \u2013 aber sie sind die einzigen Mittel, ohne die alle anderen versagen.<\/strong><\/span><\/p>\n<p id=\"viewer-14sj6\" class=\"mm8Nw _1j-51 roLFQS _1FoOD _78FBa sk96G9 roLFQS public-DraftStyleDefault-block-depth0 fixed-tab-size public-DraftStyleDefault-text-ltr\"><span class=\"_2PHJq public-DraftStyleDefault-ltr\">Damals meinte die <a class=\"_3Bkfb _1lsz7\" href=\"https:\/\/twitter.com\/heutejournal\/status\/1629223267348234241?s=20\" target=\"_blank\" rel=\"noopener noreferrer\" data-hook=\"linkViewer\">TAGESSCHAU<\/a>, das sei \u201eKeinesfalls ein umfassender Friedensplan\u201c, im <a class=\"_3Bkfb _1lsz7\" href=\"https:\/\/www.faz.net\/aktuell\/politik\/ausland\/china-was-der-12-punkte-plan-fuer-die-ukraine-bezweckt-18702520.html\" target=\"_blank\" rel=\"noopener noreferrer\" data-hook=\"linkViewer\">ZDF<\/a> durfte Au\u00dfenministerin Annalena Baerbock sagen, \u201eChinas Zw\u00f6lf-Punkte-Plan unterschlage, dass die Aggression von Russland ausgeht.\u201c, <a class=\"_3Bkfb _1lsz7\" href=\"https:\/\/twitter.com\/derspiegel\/status\/1629409408018165760?s=20\" target=\"_blank\" rel=\"noopener noreferrer\" data-hook=\"linkViewer\">DER SPIEGEL<\/a> meinte, \u201eDer nutzlose Plan aus China\u201c, ZEIT ONLINE erkannte, \u201eChina ist ein Komplize des Aggressors\u201c, die <a class=\"_3Bkfb _1lsz7\" href=\"https:\/\/www.sueddeutsche.de\/meinung\/china-ukraine-zwoelf-punkte-plan-1.5757992?reduced=true&amp;utm_source=Twitter&amp;utm_medium=twitterbot&amp;utm_campaign=5757992\" target=\"_blank\" rel=\"noopener noreferrer\" data-hook=\"linkViewer\">S\u00fcddeutsche Zeitung<\/a> war sich sicher, \u201eFrieden in der Ukraine? Darum ging es Peking nie\u201c und die <a class=\"_3Bkfb _1lsz7\" href=\"https:\/\/www.faz.net\/aktuell\/politik\/ausland\/china-was-der-12-punkte-plan-fuer-die-ukraine-bezweckt-18702520.html\" target=\"_blank\" rel=\"noopener noreferrer\" data-hook=\"linkViewer\">FAZ<\/a> sah nur \u201eChinas d\u00fcrres Friedenspapier\u201c. Und noch etwas anderes f\u00e4llt auf: Im Gegensatz zu der Auseinandersetzung mit dem Plan Chinas sucht man diesmal vergeblich nach Kommentierungen des ukrainischen Plans durch das politische oder journalistische Establishment: <a class=\"_3Bkfb _1lsz7\" href=\"https:\/\/www.liske.de\/post\/das-land-der-ahnungslosen-der-chinesische-friedensplan-und-seine-mediale-reflektion\" target=\"_blank\" rel=\"noopener noreferrer\" data-hook=\"linkViewer\">Das Land der Ahnungslosen<\/a> muss nicht \u00fcber ein paar Meldungen hinaus unn\u00f6tig gest\u00f6rt werden, <strong>mit<\/strong> <strong>denen<\/strong> <strong>man<\/strong> <strong>am<\/strong> <strong>Sonntagnachmittag<\/strong> <strong>zwischen<\/strong> <strong>14.19<\/strong> <strong>Uhr<\/strong> <strong>und<\/strong> <strong>16.28<\/strong> <strong>Uhr<\/strong> <strong>journalistischen<\/strong> <strong>Pflichten<\/strong> <strong>nachkommt<\/strong>.<\/span><\/p>\n<p id=\"viewer-fk2r0\" class=\"mm8Nw _1j-51 roLFQS _1FoOD _78FBa sk96G9 roLFQS public-DraftStyleDefault-block-depth0 fixed-tab-size public-DraftStyleDefault-text-ltr\"><span class=\"_2PHJq public-DraftStyleDefault-ltr\">Eigentlich sollte jeder halbwegs gebildete Deutsche \u00fcber den Begriff \u201eEntgiftung\u201c stolpern, wenn er im Zusammenhang mit Menschen verwendet wird. So sagte <a class=\"_3Bkfb _1lsz7\" href=\"https:\/\/de.wikipedia.org\/wiki\/Hitlers_Rede_vor_dem_Deutschen_Reichstag_am_23._M%C3%A4rz_1933\" target=\"_blank\" rel=\"noopener noreferrer\" data-hook=\"linkViewer\">Adolf Hitler<\/a> in seiner Rede vor dem Deutschen Reichstag am 23. M\u00e4rz 1933 \u2013 sie wurde als Rede zum Erm\u00e4chtigungsgesetz bekannt: \u201eDie Regierung ist entschlossen, die &#8222;politische und moralische Entgiftung unseres \u00f6ffentlichen Lebens durchzuf\u00fchren\u201c. Die weitere Entwicklung ist Geschichte und so ist zu erkl\u00e4ren, was ich unmittelbar nach der ersten Wahrnehmung auf meinem Handy in dem oben schon erw\u00e4hnten <a class=\"_3Bkfb _1lsz7\" href=\"https:\/\/twitter.com\/berndliske\/status\/1642529901675782146?s=20\" target=\"_blank\" rel=\"noopener noreferrer\" data-hook=\"linkViewer\">Tweet<\/a> schrieb:<\/span><\/p>\n<p id=\"viewer-b7e64\" class=\"mm8Nw _1j-51 roLFQS _1FoOD _78FBa sk96G9 roLFQS public-DraftStyleDefault-block-depth1 fixed-tab-size public-DraftStyleDefault-text-ltr\"><span class=\"_2PHJq public-DraftStyleDefault-ltr\">Sind wir schon so weit, Herr <a class=\"_3Bkfb _1lsz7\" href=\"https:\/\/t.co\/ZaQqf4khTv\" target=\"_blank\" rel=\"noopener noreferrer\" data-hook=\"linkViewer\">@UlfPosh<\/a>, dass die Medien Werbung f\u00fcr faschistische Ideologie machen: Anstelle der Entgiftung Deutschlands von den Juden die der Krim von russlandfreundlichen Russen durch Ukrainer? <a class=\"_3Bkfb _1lsz7\" href=\"https:\/\/t.co\/ZaQqf4khTv\" target=\"_blank\" rel=\"noopener noreferrer\" data-hook=\"linkViewer\">https:\/\/m.hausarbeiten.de\/document\/318169<\/a><\/span><\/p>\n<p id=\"viewer-3lktl\" class=\"mm8Nw _1j-51 roLFQS _1FoOD _78FBa sk96G9 roLFQS public-DraftStyleDefault-block-depth0 fixed-tab-size public-DraftStyleDefault-text-ltr\"><span class=\"_2PHJq public-DraftStyleDefault-ltr\">Dem entr\u00fcsteten Mainstream \u00fcber einen solchen unangemessenen Vergleich kann entgegengetreten werden. Am 14. Oktober vergangenen Jahres titelte der <a class=\"_3Bkfb _1lsz7\" href=\"https:\/\/www.tagesspiegel.de\/politik\/geruchte-um-umgang-mit-kollaborateuren-selenskyj-wirbt-nach-ruckeroberungen-um-vertrauen-in-besetzten-gebieten-8710261.html\" target=\"_blank\" rel=\"noopener noreferrer\" data-hook=\"linkViewer\">TAGESSPIEGEL<\/a>: \u201eGer\u00fcchte um Umgang mit Kollaborateuren: Selenskyj wirbt nach R\u00fcckeroberungen um Vertrauen in besetzten Gebieten\u201c. Schon in der Subline l\u00e4sst man den Leser wissen, \u201eDer ukrainische Pr\u00e4sident betont, dass nur solche Ukrainer, die die Okkupanten unterst\u00fctzen, etwas zu bef\u00fcrchten haben.\u201c und f\u00fcgt sinnigerweise hinzu: \u201eRussland hatte zuvor offenbar Angst gesch\u00fcrt.\u201c Am 14. November zeigt das <a class=\"_3Bkfb _1lsz7\" href=\"https:\/\/www.zdf.de\/nachrichten\/politik\/praesident-selenskyj-cherson-ukraine-krieg-russland-100.html\" target=\"_blank\" rel=\"noopener noreferrer\" data-hook=\"linkViewer\">ZDF<\/a> einen freudestrahlenden Pr\u00e4sidenten, der das befreite Cherson besucht. Nach S\u00e4tzen \u00fcber die feiernde, aber notleidende Bev\u00f6lkerung findet man auch das:<\/span><\/p>\n<p id=\"viewer-i36b\" class=\"mm8Nw _1j-51 roLFQS _1FoOD _78FBa sk96G9 roLFQS public-DraftStyleDefault-block-depth1 fixed-tab-size public-DraftStyleDefault-text-ltr\"><span class=\"_2PHJq public-DraftStyleDefault-ltr\">Russische Soldaten, die zur\u00fcckblieben, als ihre milit\u00e4rischen Befehlshaber in der vergangenen Woche die Stadt verlie\u00dfen, wurden nach Angaben des ukrainischen Pr\u00e4sidenten festgenommen. Die ukrainische Polizei hat die Bev\u00f6lkerung zudem aufgerufen, bei der Identifizierung von Personen zu helfen, die mit den russischen Streitkr\u00e4ften kollaborierten.<\/span><\/p>\n<p id=\"viewer-asurl\" class=\"mm8Nw _1j-51 roLFQS _1FoOD _78FBa sk96G9 roLFQS public-DraftStyleDefault-block-depth0 fixed-tab-size public-DraftStyleDefault-text-ltr\"><span class=\"_2PHJq public-DraftStyleDefault-ltr\">Will man wissen, wie es in Cherson weiterging, muss man auf Quellen wie den <a class=\"_3Bkfb _1lsz7\" href=\"https:\/\/www.anti-spiegel.ru\/2022\/der-spiegel-und-seine-rolle-bei-kriegsverbrechen-in-cherson\/?doing_wp_cron=1680084186.1027040481567382812500\" target=\"_blank\" rel=\"noopener noreferrer\" data-hook=\"linkViewer\">ANTI-SPIEGEL<\/a> zur\u00fcckgreifen. Will man die darin umfangreich diskutierten Kriegsverbrechen in Zweifel ziehen, stolpert man u. a. \u00fcber ein <a class=\"_3Bkfb _1lsz7\" href=\"https:\/\/www.thedailybeast.com\/photo-shows-alleged-russian-collaborators-tied-to-lampposts-in-kherson-ukraine\" target=\"_blank\" rel=\"noopener noreferrer\" data-hook=\"linkViewer\">Foto von Associated Press<\/a> und kann dar\u00fcber spekulieren was der ukrainische Pr\u00e4sident meint, wenn er die \u201eNeutralisierung von Saboteuren\u201c ein laufendes Projekt f\u00fcr die ukrainischen Soldaten nennt. <a href=\"https:\/\/publikumskonferenz.de\/blog\/wp-content\/uploads\/2023\/04\/221113-ukraine-russia-tease_z0kg9x.jpg\"><img loading=\"lazy\" decoding=\"async\" class=\"alignnone size-full wp-image-7982\" src=\"https:\/\/publikumskonferenz.de\/blog\/wp-content\/uploads\/2023\/04\/221113-ukraine-russia-tease_z0kg9x.jpg\" alt=\"\" width=\"912\" height=\"513\" srcset=\"https:\/\/publikumskonferenz.de\/blog\/wp-content\/uploads\/2023\/04\/221113-ukraine-russia-tease_z0kg9x.jpg 912w, https:\/\/publikumskonferenz.de\/blog\/wp-content\/uploads\/2023\/04\/221113-ukraine-russia-tease_z0kg9x-300x169.jpg 300w, https:\/\/publikumskonferenz.de\/blog\/wp-content\/uploads\/2023\/04\/221113-ukraine-russia-tease_z0kg9x-768x432.jpg 768w, https:\/\/publikumskonferenz.de\/blog\/wp-content\/uploads\/2023\/04\/221113-ukraine-russia-tease_z0kg9x-100x56.jpg 100w, https:\/\/publikumskonferenz.de\/blog\/wp-content\/uploads\/2023\/04\/221113-ukraine-russia-tease_z0kg9x-150x84.jpg 150w, https:\/\/publikumskonferenz.de\/blog\/wp-content\/uploads\/2023\/04\/221113-ukraine-russia-tease_z0kg9x-200x113.jpg 200w, https:\/\/publikumskonferenz.de\/blog\/wp-content\/uploads\/2023\/04\/221113-ukraine-russia-tease_z0kg9x-450x253.jpg 450w, https:\/\/publikumskonferenz.de\/blog\/wp-content\/uploads\/2023\/04\/221113-ukraine-russia-tease_z0kg9x-600x338.jpg 600w, https:\/\/publikumskonferenz.de\/blog\/wp-content\/uploads\/2023\/04\/221113-ukraine-russia-tease_z0kg9x-900x506.jpg 900w\" sizes=\"auto, (max-width: 912px) 100vw, 912px\" \/><\/a><br \/>\n<\/span><\/p>\n<p id=\"viewer-4i7ft\" class=\"mm8Nw _1j-51 roLFQS _1FoOD _78FBa sk96G9 roLFQS public-DraftStyleDefault-block-depth0 fixed-tab-size public-DraftStyleDefault-text-ltr\"><span class=\"_2PHJq public-DraftStyleDefault-ltr\">Was sich in dem 12-Punkte-Plan f\u00fcr die Krim manifestiert, bewegt sich in der N\u00e4he der <a class=\"_3Bkfb _1lsz7\" href=\"https:\/\/de.wikipedia.org\/wiki\/Wannseekonferenz\" target=\"_blank\" rel=\"noopener noreferrer\" data-hook=\"linkViewer\">Wannseekonferenz<\/a> und des <a class=\"_3Bkfb _1lsz7\" href=\"https:\/\/www.1000dokumente.de\/index.html?c=dokument_de&amp;dokument=0088_kbe&amp;l=de\" target=\"_blank\" rel=\"noopener noreferrer\" data-hook=\"linkViewer\">Kommissarbefehls<\/a>. Sicher kann dar\u00fcber spekuliert werden, dass die gerade jetzt erfolgende Ver\u00f6ffentlichung dem Ziel dient, die gegenw\u00e4rtigen Truppenkonzentrationen im Raum <strong>Saporischschja<\/strong> zu erkl\u00e4ren \u2013 deren Ziel es auch w\u00e4re, sich der Krim zu n\u00e4hern \u2013, und Russland sozu bewegen, noch gr\u00f6\u00dfere Anstrengungen zur Verteidigung der Krim zu unternehmen, aber bei der erwarteten ukrainischen Offensive an einer ganz anderen Stelle anzugreifen. Aber das Papier ist in der Schublade und wenn es der Ukraine tats\u00e4chlich gel\u00e4nge, die Krim zu erobern, wissen die Soldaten, was zu tun ist.<\/span><\/p>\n<p id=\"viewer-6eecc\" class=\"mm8Nw _1j-51 roLFQS _1FoOD _78FBa sk96G9 roLFQS public-DraftStyleDefault-block-depth0 fixed-tab-size public-DraftStyleDefault-text-ltr\"><span class=\"_2PHJq public-DraftStyleDefault-ltr\">Der Unterst\u00fctzung des Westens und insbesondere Deutschlands kann sich die Ukraine dabei sicher sein. Im Januar vergangenen Jahres antwortete Au\u00dfenministerin Annalena Baerbock auf die Frage, ob ihr erkl\u00e4rter Wille, die Ukraine m\u00fcsse den Krieg gewinnen, auch die R\u00fcckeroberung der Krim beinhalte: \u201eDie Krim geh\u00f6rt zur Ukraine und sie wurde 2014 v\u00f6lkerrechtswidrig von Russland besetzt.\u201c. Auf der Krim-Konferenz im August sicherte <a class=\"_3Bkfb _1lsz7\" href=\"https:\/\/www.bundesregierung.de\/breg-de\/suche\/intervention-von-bundeskanzler-scholz-beim-virtuellen-gipfeltreffen-der-krim-plattform-am-23-august-2022-2078180\" target=\"_blank\" rel=\"noopener noreferrer\" data-hook=\"linkViewer\">Bundeskanzler Olaf Scholz<\/a> der Ukraine dann zu, sie so lange zu unterst\u00fctzen, wie es n\u00f6tig w\u00e4re und meinte, die internationale Staatengemeinschaft w\u00fcrde \u201edie illegale, imperialistische Annexion ukrainischen Hoheitsgebiets durch Russland niemals akzeptieren\u201c \u2013 was heutzutage nun bedeutet, die Ukraine so lange zu unterst\u00fctzen, bis sie in die Lage versetzt ist, den 12-Punkte-Plan umzusetzen.<\/span><\/p>\n<p id=\"viewer-2aj4o\" class=\"mm8Nw _1j-51 roLFQS _1FoOD _78FBa sk96G9 roLFQS public-DraftStyleDefault-block-depth0 fixed-tab-size public-DraftStyleDefault-text-ltr\"><span class=\"_2PHJq public-DraftStyleDefault-ltr\">Um sich zu vergegenw\u00e4rtigen, was das f\u00fcr die Bev\u00f6lkerung auf der Krim bedeutet, kann man sich neben den Erfahrungen in Cherson auch mal mit den Lebensverh\u00e4ltnissen auf der Krim besch\u00e4ftigen. Auch hier muss auf den ANTI-SPIEGEL zur\u00fcckgegriffen werden, der von einer <a class=\"_3Bkfb _1lsz7\" href=\"https:\/\/www.anti-spiegel.ru\/2023\/teil-10-das-referendum-auf-der-krim\/?doing_wp_cron=1680468887.9159729480743408203125\" target=\"_blank\" rel=\"noopener noreferrer\" data-hook=\"linkViewer\">Verdreifachung der Geh\u00e4lter und Renten<\/a> nach dem Referendum 2014 schreibt und immer wieder auch Einblicke in den russischen Lebensstandard gibt (<a class=\"_3Bkfb _1lsz7\" href=\"https:\/\/www.anti-spiegel.ru\/2023\/ein-paar-informationen-ueber-auswandern-nach-russland\/?doing_wp_cron=1680455555.4299669265747070312500\" target=\"_blank\" rel=\"noopener noreferrer\" data-hook=\"linkViewer\">1<\/a>, <a class=\"_3Bkfb _1lsz7\" href=\"https:\/\/www.anti-spiegel.ru\/2018\/die-hohe-deutscher-und-russischer-renten-ein-vergleich-mit-uberraschendem-ergebnis\/\" target=\"_blank\" rel=\"noopener noreferrer\" data-hook=\"linkViewer\">2<\/a>). Dem stehen Berichte \u00fcber das <a class=\"_3Bkfb _1lsz7\" href=\"https:\/\/www.telepolis.de\/features\/Die-Ukraine-das-hochgeruestete-Armenhaus-Europas-7147424.html?seite=all\" target=\"_blank\" rel=\"noopener noreferrer\" data-hook=\"linkViewer\">hochger\u00fcstete Armenhaus Europas<\/a> und <a class=\"_3Bkfb _1lsz7\" href=\"https:\/\/www.zois-berlin.de\/publikationen\/ukraine-migrationsstroeme-im-wandel\" target=\"_blank\" rel=\"noopener noreferrer\" data-hook=\"linkViewer\">das neue Mexiko<\/a> gegen\u00fcber, aus dem sich Europa mit billigen Arbeitskr\u00e4ften bedient. Man kann sich vorstellen, wie bei einer solchen Perspektive die russische Bev\u00f6lkerung auch auf das deutsche Engagement schaut. Das dar\u00fcber hinaus die Weltgemeinschaft sehr genau verfolgt, wie der Westen in seinem Kampf f\u00fcr Frieden und Freiheit eskaliert, und sich fragt, wann f\u00fcr das eigene Territorium ein 12-Punkte-Plan auf der Tagesordnung steht, darf als sicher betrachtet werden \u2013 wenn eine zunehmende Anzahl von Erfahrungen der letzten Zeit ber\u00fccksichtigt wird.<\/span><\/p>\n<p id=\"viewer-2ae6u\" class=\"mm8Nw _1j-51 roLFQS _1FoOD _3M0Fe Z63qyL roLFQS public-DraftStyleDefault-block-depth0 fixed-tab-size public-DraftStyleDefault-text-ltr\"><span class=\"_2PHJq public-DraftStyleDefault-ltr\">Ein Sonntag in Deutschland im April des Jahres 2023: <a class=\"_3Bkfb _1lsz7\" href=\"https:\/\/www.liske.de\/post\/gedanken_zum_09_november\" target=\"_blank\" rel=\"noopener noreferrer\" data-hook=\"linkViewer\">Im Jahr 34 der \u201eZeitenwende\u201c des Mauerfalls<\/a> \u2013 in dem ich mich schon eine Weile frage, wie lange wir noch brauchen, um in das Jahr 39 vorzudringen. Gegen 1 Uhr wachte ich auf und meine Gedanken kreisten nur noch um die Informationen des zur\u00fcckliegenden Tages. Gegen 2 Uhr stand ich auf, machte mir eine Tasse Tee und setzte mich an den Computer. Gegen 6 Uhr legte ich mich wieder f\u00fcr eine Stunde ins Bett. Dann begann ein neuer Tag.<\/span><\/p>\n<p><em><span id=\"page57R_mcid4\" class=\"markedContent\"><span dir=\"ltr\" role=\"presentation\">Bernd Liske<\/span> <span dir=\"ltr\" role=\"presentation\">(Jg. 1956 \/ studierter Mathematiker) ist Inhaber von Liske Informationsmana<\/span><span dir=\"ltr\" role=\"presentation\">gementsysteme. In<\/span> <span dir=\"ltr\" role=\"presentation\">seinen B\u00fcchern und Artikeln setzt er sich mit sozialen, politischen und wirtschaftlichen Problemen unserer <\/span><span dir=\"ltr\" role=\"presentation\">Gesellschaft auseinander, um so Beitr\u00e4ge f\u00fcr die Erhaltung des Wirtschaftsstandortes Deutschland zu leisten.<\/span><\/span><\/em><\/p>\n<\/div>\n<\/div>\n<\/div>\n<\/div>\n<\/div>\n<\/div>\n<\/article>\n<\/div>\n<p><span style=\"background-color: #f86d0e; padding: 30px; margin-left: 30px;\"><a style=\"color: white; font-size: 20px;\" href=\"https:\/\/publikumskonferenz.de\/blog\/foerdermitgliedschaft\/\">F\u00f6rdermitglied werden<\/a><\/span><\/p>\n<div class=\"twoclick_social_bookmarks_post_7972 social_share_privacy clearfix 1.6.4 locale-de_DE sprite-de_DE\"><\/div><div class=\"twoclick-js\"><script type=\"text\/javascript\">\/* <![CDATA[ *\/\njQuery(document).ready(function($){if($('.twoclick_social_bookmarks_post_7972')){$('.twoclick_social_bookmarks_post_7972').socialSharePrivacy({\"services\":{\"facebook\":{\"status\":\"on\",\"txt_info\":\"2 Klicks f\\u00fcr mehr Datenschutz: Erst wenn Sie hier klicken, wird der Button aktiv und Sie k\\u00f6nnen Ihre Empfehlung an Facebook senden. Schon beim Aktivieren werden Daten an Dritte \\u00fcbertragen - siehe <em>i<\\\/em>.\",\"perma_option\":\"off\",\"action\":\"like\",\"language\":\"de_DE\"},\"twitter\":{\"reply_to\":\"\",\"tweet_text\":\"%20Das%20Grauen%20kommt%20auf%20leisen%20Sohlen%20%C2%BB%20St%C3%A4ndige%20Publikumskonferenz%20der%20...\",\"status\":\"on\",\"txt_info\":\"2 Klicks f\\u00fcr mehr Datenschutz: Erst wenn Sie hier klicken, wird der Button aktiv und Sie k\\u00f6nnen Ihre Empfehlung an Twitter senden. Schon beim Aktivieren werden Daten an Dritte \\u00fcbertragen - siehe <em>i<\\\/em>.\",\"perma_option\":\"off\",\"language\":\"de\",\"referrer_track\":\"\"}},\"txt_help\":\"Wenn Sie diese Felder durch einen Klick aktivieren, werden Informationen an Facebook, Twitter, Flattr, Xing, t3n, LinkedIn, Pinterest oder Google eventuell ins Ausland \\u00fcbertragen und unter Umst\\u00e4nden auch dort gespeichert. N\\u00e4heres erfahren Sie durch einen Klick auf das <em>i<\\\/em>.\",\"settings_perma\":\"Dauerhaft aktivieren und Daten\\u00fcber-tragung zustimmen:\",\"info_link\":\"http:\\\/\\\/www.heise.de\\\/ct\\\/artikel\\\/2-Klicks-fuer-mehr-Datenschutz-1333879.html\",\"uri\":\"https:\\\/\\\/publikumskonferenz.de\\\/blog\\\/das-grauen-kommt-auf-leisen-sohlen\\\/\",\"post_id\":7972,\"post_title_referrer_track\":\"Das+Grauen+kommt+auf+leisen+Sohlen\",\"display_infobox\":\"on\"});}});\n\/* ]]> *\/<\/script><\/div>","protected":false},"excerpt":{"rendered":"<p>Quelle Beitragsbild: Screenshot Szene aus Krasnoarmeysk am Tag des Referendums am 11.05.2014 Jede Zeit hat ihre eigenen Herausforderungen. Man muss sie erkennen und man muss sich ihnen stellen. Ein Beitrag von Bernd Liske Es war Sonntag, der zweite April. Gerade &hellip;<\/p>\n<p class=\"read-more\"> <a class=\"more-link\" href=\"https:\/\/publikumskonferenz.de\/blog\/das-grauen-kommt-auf-leisen-sohlen\/\"> <span class=\"screen-reader-text\">Das Grauen kommt auf leisen Sohlen<\/span> Weiterlesen &raquo;<\/a><\/p>\n","protected":false},"author":2,"featured_media":7975,"comment_status":"closed","ping_status":"closed","sticky":false,"template":"","format":"standard","meta":{"footnotes":""},"categories":[1],"tags":[5,408,584,211,7,10,20],"class_list":["post-7972","post","type-post","status-publish","format-standard","has-post-thumbnail","hentry","category-news","tag-ard","tag-china","tag-friedensplan","tag-krim","tag-russland","tag-ukraine","tag-zdf"],"_links":{"self":[{"href":"https:\/\/publikumskonferenz.de\/blog\/wp-json\/wp\/v2\/posts\/7972","targetHints":{"allow":["GET"]}}],"collection":[{"href":"https:\/\/publikumskonferenz.de\/blog\/wp-json\/wp\/v2\/posts"}],"about":[{"href":"https:\/\/publikumskonferenz.de\/blog\/wp-json\/wp\/v2\/types\/post"}],"author":[{"embeddable":true,"href":"https:\/\/publikumskonferenz.de\/blog\/wp-json\/wp\/v2\/users\/2"}],"replies":[{"embeddable":true,"href":"https:\/\/publikumskonferenz.de\/blog\/wp-json\/wp\/v2\/comments?post=7972"}],"version-history":[{"count":9,"href":"https:\/\/publikumskonferenz.de\/blog\/wp-json\/wp\/v2\/posts\/7972\/revisions"}],"predecessor-version":[{"id":7992,"href":"https:\/\/publikumskonferenz.de\/blog\/wp-json\/wp\/v2\/posts\/7972\/revisions\/7992"}],"wp:featuredmedia":[{"embeddable":true,"href":"https:\/\/publikumskonferenz.de\/blog\/wp-json\/wp\/v2\/media\/7975"}],"wp:attachment":[{"href":"https:\/\/publikumskonferenz.de\/blog\/wp-json\/wp\/v2\/media?parent=7972"}],"wp:term":[{"taxonomy":"category","embeddable":true,"href":"https:\/\/publikumskonferenz.de\/blog\/wp-json\/wp\/v2\/categories?post=7972"},{"taxonomy":"post_tag","embeddable":true,"href":"https:\/\/publikumskonferenz.de\/blog\/wp-json\/wp\/v2\/tags?post=7972"}],"curies":[{"name":"wp","href":"https:\/\/api.w.org\/{rel}","templated":true}]}}