{"id":8725,"date":"2023-11-24T07:52:42","date_gmt":"2023-11-24T06:52:42","guid":{"rendered":"https:\/\/publikumskonferenz.de\/blog\/?p=8725"},"modified":"2023-11-24T07:52:42","modified_gmt":"2023-11-24T06:52:42","slug":"weine-nicht-um-argentinien-es-ist-deine-traenen-nicht-wert","status":"publish","type":"post","link":"https:\/\/publikumskonferenz.de\/blog\/weine-nicht-um-argentinien-es-ist-deine-traenen-nicht-wert\/","title":{"rendered":"Weine nicht um Argentinien. Es ist deine Tr\u00e4nen nicht wert"},"content":{"rendered":"<p><strong>Weine nicht um Argentinien. Es ist deine Tr\u00e4nen nicht wert<\/strong><\/p>\n<p><a href=\"https:\/\/strategic-culture.su\/news\/2023\/11\/22\/dont-cry-for-argentina-it-is-not-worthy-of-your-tears\/\">von Stephen Karganovic, \u00fcbersetzt von FritzTheCat.<\/a><\/p>\n<p><strong>Die Stichwahl bei den argentinischen Pr\u00e4sidentschaftswahlen hat zu eine Ergebnis gef\u00fchrt, das viele, die sich noch um Argentinien k\u00fcmmern, als bedauerlich betrachten werden. Aber es gibt nicht wenige n\u00fcchterne Beobachter, die das Ergebnis als irgendwie verd\u00e4chtig betrachten.<\/strong><\/p>\n<p>Der offensichtliche Gewinner ist ein schrulliger \u201elibert\u00e4rer\u201c Politiker, Javier Milei. Als ein Exzentriker und wandelndes Pulverfass ist Milei ideologisch schwer einzusch\u00e4tzen. Er ist anscheinend von der Idee begeistert, seine verstorbenen Hunde zu klonen, und er selbst scheint ein Klon der widerw\u00e4rtigsten Aspekte der libert\u00e4ren Bewegung Amerikas zu sein. Der Libertarismus ist in seinem Gedankengut so nordamerikanisch provinziell wie die Mormonen auf religi\u00f6sem Gebiet und in seiner philosophischen Substanz genauso schal. Es wird sich zeigen, ob sich Milei als best\u00e4ndiger Ideologe der nebul\u00f6sen libert\u00e4ren Doktrin erweist, die er vertritt. In diesem Fall sollte man unverz\u00fcglich mit dem Komponieren des Requiems f\u00fcr Argentinien anfangen.<\/p>\n<p>Wenn Milei aber auch nur eine pragmatische Faser in seinem K\u00f6rper hat, dann wird er schon bald nach seiner Amtseinf\u00fchrung den R\u00fcckw\u00e4rtsgang einlegen m\u00fcssen oder den Zorn der \u00d6ffentlichkeit sp\u00fcren, die er mit seinen unverantwortlichen und messianischen Versprechen veralbert hat.<\/p>\n<p>Noch schlimmer k\u00f6nnte f\u00fcr ihn sein, dass er f\u00fcr seine politischen Dummheiten vom immer noch starken argentinischen Milit\u00e4r bestraft werden k\u00f6nnte, das eine respektable Bilanz aufweist, aufm\u00fcpfige zivile Politiker zu z\u00fcgeln, auch wenn sie nicht immer die notwendigen F\u00e4higkeiten besitzen, um die von ihnen hinterlassenen Schlamassel wieder in Ordnung zu bringen.<\/p>\n<p>Es gibt keinen Zweifel, dass Argentinien gegenw\u00e4rtig tief in einem dieser Schlamassel steckt, in das es mit sch\u00f6ner Regelm\u00e4\u00dfigkeit versinkt. Die von diesem Scharlatan angebotenen L\u00f6sungen wurden im ersten Wahlgang von den B\u00fcrgern klugerweise angelehnt, und Milei kam nur auf 30% der Stimmen. Aber Mileis wilde Rhetorik muss unwiderstehlich gewesen sein, In der zweiten Runde kam er auf erstaunliche 55% der Stimmen (da stellt sich die angemessene Frage, ob die popul\u00e4ren Dominion Wahlmaschinen nach ihrem glanzvollen Auftritt 2020 am Ende in Argentinien gelandet sind?).<\/p>\n<p>Eine der brillanten L\u00f6sungen von Milei, die Abschaffung des argentinischen Peso und die Einf\u00fchrung des US-Dollars, k\u00f6nnte dem argentinischen Volk bald zum Verh\u00e4ngnis werden. Es w\u00e4re interessant, Mileis Erkl\u00e4rung zu h\u00f6ren, wie die Abschaffung der nationalen W\u00e4hrung, so fragil sie auch sein mag und es dennoch immer geschafft hat, sich durch Anwendung einer korrekten Finanzpolitik zu erholen und unter der Kontrolle der emittierenden Regierung steht, und ihre Ersetzung durch eine schw\u00e4chelnde ausl\u00e4ndische W\u00e4hrung, die unter der Kontrolle fremder Interessen steht, zur L\u00f6sung der Probleme Argentiniens beitragen soll. L\u00e4sst die libert\u00e4re Ideologie eine nationale Souver\u00e4nit\u00e4t zu? Ist Milei dar\u00fcber informiert, dass Ecuador vor nicht allzu langer Zeit seine <a href=\"https:\/\/www.latamdialogue.org\/post\/two-decades-of-the-u-s-dollar-ecuador-s-experience\">nationale W\u00e4hrung zugunsten des Dollars aufgegeben<\/a> hat, dass aber das Experiment f\u00fcr das ecuadorianische Volk im Gro\u00dfen und Ganzen mehr wirtschaftliche Unannehmlichkeiten als Vorteile mit sich brachte? Warum sollte es jetzt in Argentinien anders sein, und das zu einer Zeit, in der der Dollar seinen Status als Reservew\u00e4hrung und rapide an Wert verliert, und zwar weit mehr als zu der Zeit als Ecuador auf diesen Pfad des Vergn\u00fcgens gef\u00fchrt wurde?<!--more--><\/p>\n<p>Hat Milei, der als Wirtschaftswissenschaftler gilt, einen globalen Finanztrend bemerkt, den ein reum\u00fctiger Jeffrey Sachs mit dem korrekten Namen \u201eEntdollarisierung\u201c bezeichnet hat, und hat sich dieser auff\u00e4llige Trend in irgendeiner Weise auf seine \u00dcberlegungen und die Wahl der Heilmittel f\u00fcr Argentiniens finanzielle \u00dcbel ausgewirkt?<\/p>\n<p><iframe loading=\"lazy\"  id=\"_ytid_47695\"  width=\"605\" height=\"340\"  data-origwidth=\"605\" data-origheight=\"340\" src=\"https:\/\/www.youtube.com\/embed\/4bw4QF8hyaU?enablejsapi=1&#038;autoplay=0&#038;cc_load_policy=0&#038;cc_lang_pref=&#038;iv_load_policy=1&#038;loop=0&#038;rel=1&#038;fs=1&#038;playsinline=0&#038;autohide=2&#038;theme=dark&#038;color=red&#038;controls=1&#038;disablekb=0&#038;\" class=\"__youtube_prefs__  epyt-is-override  no-lazyload\" title=\"YouTube player\"  allow=\"fullscreen; accelerometer; autoplay; clipboard-write; encrypted-media; gyroscope; picture-in-picture; web-share\" referrerpolicy=\"strict-origin-when-cross-origin\" allowfullscreen data-no-lazy=\"1\" data-skipgform_ajax_framebjll=\"\"><\/iframe><\/p>\n<p>Es gibt kaum Anzeichen daf\u00fcr, dass dies der Fall ist oder dass die Warnungen n\u00fcchterner Wirtschaftsexperten die Formulierung der von Milei vorgeschlagenen Politik beeinflusst haben. Am Ende des Tages, mit ihrer neuen Ramschw\u00e4hrung in der Hand, werden sich die Argentinier vielleicht mit Nostalgie an ihre derzeitige Inflation von \u201enur\u201c 143% erinnern. Genauso wahrscheinlich ist es aber auch, dass sie den Rattenf\u00e4nger, den viele von ihnen gew\u00e4hlt haben, mit Zorn betrachten werden.<\/p>\n<p><iframe loading=\"lazy\"  id=\"_ytid_36274\"  width=\"605\" height=\"340\"  data-origwidth=\"605\" data-origheight=\"340\" src=\"https:\/\/www.youtube.com\/embed\/xttBEfaqsDg?enablejsapi=1&#038;autoplay=0&#038;cc_load_policy=0&#038;cc_lang_pref=&#038;iv_load_policy=1&#038;loop=0&#038;rel=1&#038;fs=1&#038;playsinline=0&#038;autohide=2&#038;theme=dark&#038;color=red&#038;controls=1&#038;disablekb=0&#038;\" class=\"__youtube_prefs__  epyt-is-override  no-lazyload\" title=\"YouTube player\"  allow=\"fullscreen; accelerometer; autoplay; clipboard-write; encrypted-media; gyroscope; picture-in-picture; web-share\" referrerpolicy=\"strict-origin-when-cross-origin\" allowfullscreen data-no-lazy=\"1\" data-skipgform_ajax_framebjll=\"\"><\/iframe><\/p>\n<p>Auch scheint sich Milei des anderen gro\u00dfen Zusammenbruchs in der heutigen Welt nicht bewusst zu sein, n\u00e4mlich des unipolaren Systems, an dessen gef\u00e4hrdete W\u00e4hrung er die Geschicke seines Landes binden m\u00f6chte, was darauf schlie\u00dfen l\u00e4sst, dass El Clar\u00edn seine wichtigste politische Informationsquelle sein k\u00f6nnte. (Anm.d.\u00dc.: das argentinische Pendant zur BILD) Entgegen jedem Postulat der Klugheit (und manche w\u00fcrden sagen, auch des gesunden Menschenverstandes) hat Milei angek\u00fcndigt, dass er als Pr\u00e4sident die Mitgliedschaft Argentiniens in den BRICS r\u00fcckg\u00e4ngig machen will. Das \u00f6ffentliche Bekenntnis zu diesem politisch kontraintuitiven Ziel deutet darauf hin, dass Milei m\u00f6glicherweise mehr ist als nur ein exzentrischer libert\u00e4rer Enthusiast und dass er in der Tat eine Figur ist, die absichtlich in das globale Spiel eingef\u00fchrt wurde, um eine viel ernstere und st\u00f6rendere geopolitische Agenda zu f\u00f6rdern.<\/p>\n<p>Es gibt heute nur wenige, die sich daran erinnern, dass Argentinien nicht immer der Kranke Mann der Pampa war und dass es vor \u00fcber hundert Jahren in Bezug auf wirtschaftliche St\u00e4rke und Anziehungskraft mit den Vereinigten Staaten konkurrierte, als ein bevorzugtes Ziel f\u00fcr europ\u00e4ische Einwanderer. Die einst gl\u00e4nzenden Aussichten des Landes wurden durch die Kombination von Korruption und Dummheit seiner Elite und der Idiotie seiner verw\u00f6hnten Bev\u00f6lkerung zunichte gemacht.<\/p>\n<p>Argentiniens Niedergang und Fall spiegelt in vielerlei Hinsicht den Niedergang der Ukraine wider, die fr\u00fcher eine der fortschrittlichsten und wohlhabendsten Republiken der Sowjetunion war. Wie die Ukraine wurde auch Argentinien von seiner gierigen Elite in den Ruin getrieben, die ebenfalls aus egoistischen Motiven des kurzfristigen materiellen Gewinns handelte und sich freiwillig ausl\u00e4ndischen, in Argentinien vor allem britischen, G\u00f6nnern und deren schillernder Kultur unterwarf. Die verblendete Bev\u00f6lkerung folgte diesem Beispiel auf ihre eigene ignorante Art und Weise.<\/p>\n<p>Die Schwierigkeiten beider L\u00e4nder sind keineswegs das Ergebnis objektiver Notwendigkeiten, sondern das vermeidbare Resultat t\u00f6richter Entscheidungen, die von der herrschenden Elite und ihren ebenso unverantwortlichen Untertanen gemeinsam getroffen wurden.<\/p>\n<p>Unabh\u00e4ngig davon, welche Maschinen zur Stimmenausz\u00e4hlung verwendet wurden, hat Argentinien offensichtlich seine Wahl getroffen und muss nun tapfer die Konsequenzen seiner eigenen Entscheidung tragen. Es gibt keinen besonderen Grund, daf\u00fcr Tr\u00e4nen zu vergie\u00dfen, ebenso wenig wie \u00fcber das tragische Schicksal seines selbstm\u00f6rderischen Spiegelbildes in Osteuropa.<\/p>\n<p><span style=\"background-color: #f86d0e; padding: 30px; margin-left: 30px;\"><a style=\"color: white; font-size: 20px;\" href=\"https:\/\/publikumskonferenz.de\/blog\/foerdermitgliedschaft\/\">F\u00f6rdermitglied werden<\/a><\/span><\/p>\n<div class=\"twoclick_social_bookmarks_post_8725 social_share_privacy clearfix 1.6.4 locale-de_DE sprite-de_DE\"><\/div><div class=\"twoclick-js\"><script type=\"text\/javascript\">\/* <![CDATA[ *\/\njQuery(document).ready(function($){if($('.twoclick_social_bookmarks_post_8725')){$('.twoclick_social_bookmarks_post_8725').socialSharePrivacy({\"services\":{\"facebook\":{\"status\":\"on\",\"txt_info\":\"2 Klicks f\\u00fcr mehr Datenschutz: Erst wenn Sie hier klicken, wird der Button aktiv und Sie k\\u00f6nnen Ihre Empfehlung an Facebook senden. Schon beim Aktivieren werden Daten an Dritte \\u00fcbertragen - siehe <em>i<\\\/em>.\",\"perma_option\":\"off\",\"action\":\"like\",\"language\":\"de_DE\"},\"twitter\":{\"reply_to\":\"\",\"tweet_text\":\"%20Weine%20nicht%20um%20Argentinien.%20Es%20ist%20deine%20Tr%C3%A4nen%20nicht%20wert%20%C2%BB%20St%C3%A4ndige%20...\",\"status\":\"on\",\"txt_info\":\"2 Klicks f\\u00fcr mehr Datenschutz: Erst wenn Sie hier klicken, wird der Button aktiv und Sie k\\u00f6nnen Ihre Empfehlung an Twitter senden. Schon beim Aktivieren werden Daten an Dritte \\u00fcbertragen - siehe <em>i<\\\/em>.\",\"perma_option\":\"off\",\"language\":\"de\",\"referrer_track\":\"\"}},\"txt_help\":\"Wenn Sie diese Felder durch einen Klick aktivieren, werden Informationen an Facebook, Twitter, Flattr, Xing, t3n, LinkedIn, Pinterest oder Google eventuell ins Ausland \\u00fcbertragen und unter Umst\\u00e4nden auch dort gespeichert. N\\u00e4heres erfahren Sie durch einen Klick auf das <em>i<\\\/em>.\",\"settings_perma\":\"Dauerhaft aktivieren und Daten\\u00fcber-tragung zustimmen:\",\"info_link\":\"http:\\\/\\\/www.heise.de\\\/ct\\\/artikel\\\/2-Klicks-fuer-mehr-Datenschutz-1333879.html\",\"uri\":\"https:\\\/\\\/publikumskonferenz.de\\\/blog\\\/weine-nicht-um-argentinien-es-ist-deine-traenen-nicht-wert\\\/\",\"post_id\":8725,\"post_title_referrer_track\":\"Weine+nicht+um+Argentinien.+Es+ist+deine+Tr%C3%A4nen+nicht+wert\",\"display_infobox\":\"on\"});}});\n\/* ]]> *\/<\/script><\/div>","protected":false},"excerpt":{"rendered":"<p>Weine nicht um Argentinien. Es ist deine Tr\u00e4nen nicht wert von Stephen Karganovic, \u00fcbersetzt von FritzTheCat. Die Stichwahl bei den argentinischen Pr\u00e4sidentschaftswahlen hat zu eine Ergebnis gef\u00fchrt, das viele, die sich noch um Argentinien k\u00fcmmern, als bedauerlich betrachten werden. Aber &hellip;<\/p>\n<p class=\"read-more\"> <a class=\"more-link\" href=\"https:\/\/publikumskonferenz.de\/blog\/weine-nicht-um-argentinien-es-ist-deine-traenen-nicht-wert\/\"> <span class=\"screen-reader-text\">Weine nicht um Argentinien. Es ist deine Tr\u00e4nen nicht wert<\/span> Weiterlesen &raquo;<\/a><\/p>\n","protected":false},"author":2,"featured_media":8727,"comment_status":"closed","ping_status":"open","sticky":false,"template":"","format":"standard","meta":{"footnotes":""},"categories":[1],"tags":[605,571,603,548,604,59],"class_list":["post-8725","post","type-post","status-publish","format-standard","has-post-thumbnail","hentry","category-news","tag-arbentinien","tag-brics","tag-dollar","tag-putsch","tag-regime","tag-usa"],"_links":{"self":[{"href":"https:\/\/publikumskonferenz.de\/blog\/wp-json\/wp\/v2\/posts\/8725","targetHints":{"allow":["GET"]}}],"collection":[{"href":"https:\/\/publikumskonferenz.de\/blog\/wp-json\/wp\/v2\/posts"}],"about":[{"href":"https:\/\/publikumskonferenz.de\/blog\/wp-json\/wp\/v2\/types\/post"}],"author":[{"embeddable":true,"href":"https:\/\/publikumskonferenz.de\/blog\/wp-json\/wp\/v2\/users\/2"}],"replies":[{"embeddable":true,"href":"https:\/\/publikumskonferenz.de\/blog\/wp-json\/wp\/v2\/comments?post=8725"}],"version-history":[{"count":4,"href":"https:\/\/publikumskonferenz.de\/blog\/wp-json\/wp\/v2\/posts\/8725\/revisions"}],"predecessor-version":[{"id":8730,"href":"https:\/\/publikumskonferenz.de\/blog\/wp-json\/wp\/v2\/posts\/8725\/revisions\/8730"}],"wp:featuredmedia":[{"embeddable":true,"href":"https:\/\/publikumskonferenz.de\/blog\/wp-json\/wp\/v2\/media\/8727"}],"wp:attachment":[{"href":"https:\/\/publikumskonferenz.de\/blog\/wp-json\/wp\/v2\/media?parent=8725"}],"wp:term":[{"taxonomy":"category","embeddable":true,"href":"https:\/\/publikumskonferenz.de\/blog\/wp-json\/wp\/v2\/categories?post=8725"},{"taxonomy":"post_tag","embeddable":true,"href":"https:\/\/publikumskonferenz.de\/blog\/wp-json\/wp\/v2\/tags?post=8725"}],"curies":[{"name":"wp","href":"https:\/\/api.w.org\/{rel}","templated":true}]}}