{"id":927,"date":"2015-10-08T13:46:32","date_gmt":"2015-10-08T12:46:32","guid":{"rendered":"https:\/\/publikumskonferenz.de\/blog\/?p=927"},"modified":"2017-04-16T20:35:11","modified_gmt":"2017-04-16T19:35:11","slug":"anfrage-an-ard-aktuell","status":"publish","type":"post","link":"https:\/\/publikumskonferenz.de\/blog\/anfrage-an-ard-aktuell\/","title":{"rendered":"Anfrage an ARD-aktuell"},"content":{"rendered":"<p>NDR\/ARD-aktuell<br \/>\nChefredaktion<br \/>\nDr. Kai Gniffke<br \/>\nHugh-Greene-Weg 1<br \/>\n22529 Hamburg<\/p>\n<p><strong>Anfrage zur Nachrichtengebung innerhalb der Tagesschau\/Tagesthemen<\/strong><\/p>\n<p>Sehr geehrter Herr Gniffke,<\/p>\n<p>auf  unsere Nachfrage bei einer Nachrichtenredaktion bez\u00fcglich der Sortierung und Einordnung nach Relevanz, Aktualit\u00e4t und Brisanz von tagesaktuellen Nachrichten wurde uns vor einiger Zeit geantwortet, dass vor Ausstrahlung stets in der Redaktion entschieden werde, welche Rangordnung einzelnen Themen zuk\u00e4me. Durch die Festlegung der Reihenfolge w\u00fcrden  die Themen sozusagen gewichtet.<br \/>\nDas zuerst behandelte Thema sei demnach meist das, dem die gr\u00f6\u00dfte Bedeutung zugemessen werde  \u2013 der Aufmacher sozusagen.<\/p>\n<p>Die Themenauswahl, Wichtung und Vermutung von Relevanz innerhalb der Sendefolge von Tagesschau und Tagesthemen verst\u00f6rt nicht erst seit der <a href=\"https:\/\/publikumskonferenz.de\/forum\/viewtopic.php?f=30&#038;t=163#p1621\">Berichterstattung \u00fcber den ersten russischen Hilfskonvoi<\/a> im August vergangenen Jahres. In zahlreichen Blogbeitr\u00e4gen und Antwortschreiben weisen Sie stets Vorw\u00fcrfe zur\u00fcck, die besagen, dass die Art der Berichterstattung auf die politische Grundhaltung innerhalb der Sendeanstalten und der entsprechenden Parteinahme zu Gunsten der aktuellen Regierungsmeinung sowie b\u00fcndnispolitischer Erw\u00e4gungen zur\u00fcckzuf\u00fchren sei.<\/p>\n<p>Wenn dem tats\u00e4chlich so ist, dann haben Sie sicherlich eine Erkl\u00e4rung f\u00fcr die aktuellen Ph\u00e4nomene innerhalb der von Ihnen verantworteten Nachrichtengebung.<br \/>\n<!--more--><\/p>\n<p>Im Einzelnen:<\/p>\n<p><a href=\"http:\/\/www.ramstein-kampagne.eu\/2015\/09\/eroeffnungsrede-von-reiner-braun\/\">Die Kampagne \u201eStopp Ramstein\u201c<\/a> protestierte am Samstag den 26.09.2015 in einer bunten und lebhaften Demonstration vor der Airbase Ramstein. Mit ca. 1.500 Teilnehmern war das die gr\u00f6\u00dfte Friedensdemonstration der letzten Jahre in der Region. Die Teilnehmer, darunter Politiker, Publizisten und B\u00fcrgerrechtler forderten die Schlie\u00dfung des zentralen Drehkreuzes f\u00fcr die Vorbereitung und Durchf\u00fchrung v\u00f6lkerrechtwidriger Angriffskriege und Schaltzentrale f\u00fcr Drohneneins\u00e4tze. Eine Berichterstattung in Tagesschau\/Tagesthemen fand \u00fcber dieses Ereignis nicht statt.<\/p>\n<p>Am 29. September 2015 fanden bei einem Bombardement in Jemen &#8211; unweit des Hafens al-Mukha &#8211; nach Sch\u00e4tzungen der Vereinten Nationen, 135 Besucher einer Hochzeitsgesellschaft, darunter \u00fcberwiegend Frauen und Kinder, den Tod. Der Sprecher der UN-Menschenrechtsagentur, Rupert Colville, gab gegen\u00fcber Reportern an, dass dieser Anschlag der bisher blutigste einzelne Zwischenfall seit Beginn des Konflikt gewesen sei. Der Angriff ging auf das Konto der Saudi-gef\u00fchrten Koalition und war den deutschen Hauptnachrichtensendung Tagesschau\/Tagesthemen keine Silbe der Erw\u00e4hnung wert.<br \/>\n Als einzige \u00f6ffentlich-rechtliche Anstalt berichtete der Deutschlandfunk <a href=\"http:\/\/www.deutschlandfunk.de\/jemen-versehentlich-hochzeitsfeier-bombardiert.447.de.html?drn:news_id=529975\">in aller K\u00fcrze<\/a>. <\/p>\n<p>Am 2.10. 2015 wurde in Tagesschau und Tagesthemen ausf\u00fchrlichst <a href=\"http:\/\/www.tagesschau.de\/multimedia\/video\/video-121191.html\">\u00fcber eine kleinere Demonstration<\/a> von Maidan-Aktivisten berichtet, die anl\u00e4sslich eines Gipfels zur Ukraine und Syrien-Krise in Paris stattfand  und in deren Verlauf insbesondere der Pr\u00e4sident der russischen F\u00f6deration in der Kritik stand. <\/p>\n<p>Ungef\u00e4hr zum gleichen Zeitpunkt hatte sich vor der russischen Botschaft in Paris eine <a href=\"http:\/\/www.rtdeutsch.com\/33383\/unkommentiert\/frankreich-danke-putin-syrer-veranstalten-solidaritaetsprotest-vor-russischer-botschaft\/\">\u00e4hnlich \u201egro\u00dfe\u201c Menschenmenge<\/a> versammelt, um ihre Unterst\u00fctzung f\u00fcr die russische Intervention in Syrien zu zeigen. Organisiert wurde diese Aktion unter anderem von der \u201eUnion f\u00fcr syrische Patrioten\u201c. Dieses in Bezug auf Gr\u00f6\u00dfenordnung und Relevanz in etwa gleichwertige Ereignis wurde weder von der Tagesschau noch von den Tagesthemen aufgegriffen. <\/p>\n<p>Am 27. September 2015 wurde in der ARD relativ unaufgeregt, kritiklos und ohne den Verdacht auf eventuelle Gefahren f\u00fcr zivile Opfer, die Meldungen vorgetragen, dass <a href=\"https:\/\/www.youtube.com\/watch?v=CD7v7e33ous\">Frankreich in Syrien Ziele bombardiere<\/a>, obwohl die Angriffe weder von Syrien noch vom UN-Sicherheitsrat legitimiert waren. Frankreich handele in Notwehr. <\/p>\n<p>Der am 30.09.2015 in der Tagesschau zur Hauptmeldung avancierte Bericht \u00fcber das milit\u00e4rische <a href=\"http:\/\/www.tagesschau.de\/multimedia\/sendung\/ts-10413.html\">Eingreifen Russlands in den Konflikt<\/a>, wurde von Russland-Korrespondentin Golineh Atai ohne jeden Beweis mit angeblichen zivilen Opfern, darunter Kindern, ausgeschm\u00fcckt. \u201eZivilisten, darunter auch Kinder, kamen dabei ums Leben.\u201d Eindeutige Belege f\u00fcr diese Tatsachenbehauptung bleibt Frau Atai dem Publikum bis heute schuldig. W\u00e4hrend die \u201eNotwehrsituation\u201c bei Frankreich als nachvollziehbarer Fakt dargestellt wurde, stellt Atai in ihrem Kommentar die russische Intervention in Frage und stellt aus der Ferne unbewiesene Behauptungen auf.  <\/p>\n<p>Die russischen Luftangriffe auf Stellungen von Terroristen in Syrien stellen, laut Thomas Roth in den <a href=\"https:\/\/www.tagesschau.de\/multimedia\/sendung\/tt-3991.html\">Tagesthemen vom gleichen Tag<\/a>, eine \u201eneue Eskalationsstufe\u201c im Konflikt dar. Im Gegensatz zu Berichten \u00fcber die franz\u00f6sischen Bombardements wurden Zweifel an der Rechtm\u00e4\u00dfigkeit der Eins\u00e4tze und den \u201ewahren\u201c Absichten Russlands angemeldet. Ein Verweis der sehr fragw\u00fcrdigen \u201eSyrischen Beobachtungsstelle f\u00fcr Menschenrechte&#8220; auf angebliche Opfer, der aber \u201ein diesem Verwirrspiel um die Wahrheit\u201c nicht vollst\u00e4ndig zu kl\u00e4ren sei, rundeten den Bericht ab. <\/p>\n<p>Der Bericht \u00fcber die erwiesene <a href=\"https:\/\/www.tagesschau.de\/multimedia\/sendung\/ts-10447.html\">Mehrfachbombardierung eines Krankenhaus<\/a> der Organisation \u00c4rzte ohne Grenzen in Kunduz durch US-Streitkr\u00e4fte, dessen 1-st\u00fcndiger Verlauf zahlreiche tote und verletzte Patienten und \u00c4rzte forderte und mehrere Patienten &#8211; darunter auch Kinder &#8211; in ihren Betten verbrannten, wurde am 03.10.2015 von der Redaktion so gering gewichtet, dass er in der Sendefolge reichlich unangemessen nach hinten geschoben wurde. Verharmlosende Begrifflichkeiten wie \u201eoffenbar\u201c, \u201evermutlich\u201c, \u201eaus Versehen\u201c, \u201eKollateralschaden\u201c fanden innerhalb der Sendungen und im begleitenden Onlineangebot Verwendung.  <\/p>\n<p>W\u00e4hrend die ARD und insbesondere die Redaktion von Tagesschau und Tagesthemen bei der Bombardierung eines Krankenhauses klar von einem Versehen ausgehen wird dieser <a href=\"http:\/\/www.tagesschau.de\/ausland\/syrien-nato-russland-101.html\">\u201eungeheuerliche Vorgang\u201c<\/a> am 6.10. 2015 klar definiert, in aller Ausf\u00fchrlichkeit beleuchtet und kommentiert: \u201eRussische Maschinen von Syrien sind in den Luftraum des NATO-Mitglieds T\u00fcrkei eingedrungen.&#8220; <\/p>\n<blockquote><p>Das war kein Versehen.<\/p><\/blockquote>\n<p>Medien, des von Luftraumverletzung betroffenen NATO-Mitglieds, <a href=\"http:\/\/www.todayszaman.com\/latest-news_turkey-summons-russian-ambassador-again-over-air-space-violations_400830.html\">berichten<\/a> hingegen relativ gelassen und neutral, ohne jegliche Feindseligkeiten oder Verurteile gegen\u00fcber Russland, \u00fcber den vergleichsweise harmlosen Vorfall. <\/p>\n<p><a href=\"https:\/\/publikumskonferenz.de\/forum\/viewtopic.php?f=44&#038;t=967&#038;p=3503#p3495\">In einem Antwortschreiben<\/a> an einen Mitstreiter, der sich \u00fcber die Nichtberichterstattung \u00fcber Gewalt gegen Schwule in Kiew beklagte, antwortete der zweite Chefredakteur von ARD-aktuell sinngem\u00e4\u00df, dass die Parade mit 200-300 Teilnehmenden vergleichsweise klein gewesen sei und dass man wichtige Themen in der Sendung, wie etwa den ausf\u00fchrlichen Nachruf auf den verstorbenen Schauspieler Pierre Brice, platziert h\u00e4tte. <\/p>\n<p>Wie erkl\u00e4rt es sich angesichts dieser seltsamen Argumentation, dass der eingangs erw\u00e4hnten Veranstaltung von Maidan-Aktivisten in Paris, die maximal aus 30 Teilnehmern bestand, derart viel Sendezeit in den wichtigsten deutschen Nachrichtensendungen einger\u00e4umt wird? <\/p>\n<p>Wie soll das durchschnittlich verst\u00e4ndige Publikum auf die unabl\u00e4ssig stattfindende Ungleichgewichtung von Menschenleben, Themen und Werturteilen je nach Herkunftsland oder politischer Pr\u00e4ferenz reagieren?  Es ist doch unstrittig, dass Konflikte im derzeitigen Weltgeschehen auch die Nachrichtengebung beherrschen bzw. beeinflussen. Allerdings ist es angesichts von Konflikten, Krisen und Kriegen Aufgabe der (\u00f6ffentlich-rechtlichen) Medien, unabh\u00e4ngig, ausf\u00fchrlich und fair f\u00fcr alle Seiten zu berichten, Missst\u00e4nde aufzudecken und Aufkl\u00e4rungsarbeit zu leisten. <\/p>\n<p>Es liegt in Ihrer Verantwortung, die <strong>freie<\/strong> Meinungsbildung der \u00d6ffentlichkeit zu gew\u00e4hrleisten. Dazu geh\u00f6rt unter anderem, dass Tatsachen nicht als Mutma\u00dfungen verkauft werden und Mutma\u00dfungen nicht als Tatsachen \u2013 auch wenn die Realit\u00e4ten gerade nicht in den b\u00fcndnispolitischen Kontext passen. <\/p>\n<p>Wenn Sie nach jeder Sendung kritisch Bilanz ziehen und (eventuell) reflektieren, wen oder was sie vernachl\u00e4ssigt, unangemessen hochgespielt oder komplett verschwiegen haben, k\u00f6nnte es helfen, von Zeit zu Zeit Ihre journalistisch-nachrichtlichen Kriterien und Nachrichtenroutinen zu \u00fcberdenken.<\/p>\n<p>Eine unausgewogene und straff parteiisch ausgerichtete Nachrichtengebung widerspricht klar den Vorgaben des Rundfunkstaatsvertrages. Ein dauerhaft zur Schau gestelltes Freund-Feind-Schema innerhalb seri\u00f6ser Nachrichtenformate ist kein journalistisches Kriterium.<\/p>\n<p>Dieses Schreiben ist ein Resultat der Auswertung der in den letzten zwei Wochen festgestellten Unzul\u00e4nglichkeiten in der Nachrichtengebung der Tagesschau\/Tagesthemen und hat den Charakter einer einfachen Anfrage. Es w\u00e4re sehr freundlich von Ihnen, wenn Sie auf die einzelnen Punkte eingingen und die jeweilige redaktionelle Entscheidung unter Ber\u00fccksichtigung des gesetzlichen Programmauftrages kurz begr\u00fcndeten.<\/p>\n<p>Zum Zwecke der Transparenz werden diese Anfrage und weiterf\u00fchrender Schriftverkehr auf der Webseite des Vereins http:\/\/forum.publikumskonferenz.de\/ ver\u00f6ffentlicht. <\/p>\n<p>Mit freundlichen Gr\u00fc\u00dfen <\/p>\n<p>i. A. Maren M\u00fcller<br \/>\nVorsitzende<\/p>\n<div style=\"float:left;margin-top: 20px;\"><span style=\"background-color:rgb(248,109,14);padding:30px;margin-left: 30px;\"><a style=\"color:white;font-size:20px;\" href=\"https:\/\/publikumskonferenz.de\/blog\/foerdermitgliedschaft\/\">F\u00f6rdermitglied werden<\/a><\/span><\/div>\n<p><br style=\"clear:both;\" \/><\/p>\n<div class=\"twoclick_social_bookmarks_post_927 social_share_privacy clearfix 1.6.4 locale-de_DE sprite-de_DE\"><\/div><div class=\"twoclick-js\"><script type=\"text\/javascript\">\/* <![CDATA[ *\/\njQuery(document).ready(function($){if($('.twoclick_social_bookmarks_post_927')){$('.twoclick_social_bookmarks_post_927').socialSharePrivacy({\"services\":{\"facebook\":{\"status\":\"on\",\"txt_info\":\"2 Klicks f\\u00fcr mehr Datenschutz: Erst wenn Sie hier klicken, wird der Button aktiv und Sie k\\u00f6nnen Ihre Empfehlung an Facebook senden. Schon beim Aktivieren werden Daten an Dritte \\u00fcbertragen - siehe <em>i<\\\/em>.\",\"perma_option\":\"off\",\"action\":\"like\",\"language\":\"de_DE\"},\"twitter\":{\"reply_to\":\"\",\"tweet_text\":\"%20Anfrage%20an%20ARD-aktuell%20%C2%BB%20St%C3%A4ndige%20Publikumskonferenz%20der%20%C3%B6ffentlich-rechtlichen%20...\",\"status\":\"on\",\"txt_info\":\"2 Klicks f\\u00fcr mehr Datenschutz: Erst wenn Sie hier klicken, wird der Button aktiv und Sie k\\u00f6nnen Ihre Empfehlung an Twitter senden. Schon beim Aktivieren werden Daten an Dritte \\u00fcbertragen - siehe <em>i<\\\/em>.\",\"perma_option\":\"off\",\"language\":\"de\",\"referrer_track\":\"\"}},\"txt_help\":\"Wenn Sie diese Felder durch einen Klick aktivieren, werden Informationen an Facebook, Twitter, Flattr, Xing, t3n, LinkedIn, Pinterest oder Google eventuell ins Ausland \\u00fcbertragen und unter Umst\\u00e4nden auch dort gespeichert. N\\u00e4heres erfahren Sie durch einen Klick auf das <em>i<\\\/em>.\",\"settings_perma\":\"Dauerhaft aktivieren und Daten\\u00fcber-tragung zustimmen:\",\"info_link\":\"http:\\\/\\\/www.heise.de\\\/ct\\\/artikel\\\/2-Klicks-fuer-mehr-Datenschutz-1333879.html\",\"uri\":\"https:\\\/\\\/publikumskonferenz.de\\\/blog\\\/anfrage-an-ard-aktuell\\\/\",\"post_id\":927,\"post_title_referrer_track\":\"Anfrage+an+ARD-aktuell\",\"display_infobox\":\"on\"});}});\n\/* ]]> *\/<\/script><\/div>","protected":false},"excerpt":{"rendered":"<p>NDR\/ARD-aktuell Chefredaktion Dr. Kai Gniffke Hugh-Greene-Weg 1 22529 Hamburg Anfrage zur Nachrichtengebung innerhalb der Tagesschau\/Tagesthemen Sehr geehrter Herr Gniffke, auf unsere Nachfrage bei einer Nachrichtenredaktion bez\u00fcglich der Sortierung und Einordnung nach Relevanz, Aktualit\u00e4t und Brisanz von tagesaktuellen Nachrichten wurde uns &hellip;<\/p>\n<p class=\"read-more\"> <a class=\"more-link\" href=\"https:\/\/publikumskonferenz.de\/blog\/anfrage-an-ard-aktuell\/\"> <span class=\"screen-reader-text\">Anfrage an ARD-aktuell<\/span> Weiterlesen &raquo;<\/a><\/p>\n","protected":false},"author":2,"featured_media":928,"comment_status":"closed","ping_status":"closed","sticky":false,"template":"","format":"standard","meta":{"footnotes":""},"categories":[1],"tags":[322,313,315,12,321,320,318,314,147,34,316,83,317,319,282,9,49,59],"class_list":["post-927","post","type-post","status-publish","format-standard","has-post-thumbnail","hentry","category-news","tag-ard-aktuell","tag-dr-gniffke","tag-friedensdemo","tag-jemen","tag-krankenhaus","tag-kunduz","tag-maidan","tag-nachrichten","tag-publikumskonferenz","tag-putin","tag-ramstein","tag-relevanz","tag-saudi-arabien","tag-sohr","tag-syrien","tag-tagesschau","tag-tagesthemen","tag-usa"],"_links":{"self":[{"href":"https:\/\/publikumskonferenz.de\/blog\/wp-json\/wp\/v2\/posts\/927","targetHints":{"allow":["GET"]}}],"collection":[{"href":"https:\/\/publikumskonferenz.de\/blog\/wp-json\/wp\/v2\/posts"}],"about":[{"href":"https:\/\/publikumskonferenz.de\/blog\/wp-json\/wp\/v2\/types\/post"}],"author":[{"embeddable":true,"href":"https:\/\/publikumskonferenz.de\/blog\/wp-json\/wp\/v2\/users\/2"}],"replies":[{"embeddable":true,"href":"https:\/\/publikumskonferenz.de\/blog\/wp-json\/wp\/v2\/comments?post=927"}],"version-history":[{"count":9,"href":"https:\/\/publikumskonferenz.de\/blog\/wp-json\/wp\/v2\/posts\/927\/revisions"}],"predecessor-version":[{"id":2662,"href":"https:\/\/publikumskonferenz.de\/blog\/wp-json\/wp\/v2\/posts\/927\/revisions\/2662"}],"wp:featuredmedia":[{"embeddable":true,"href":"https:\/\/publikumskonferenz.de\/blog\/wp-json\/wp\/v2\/media\/928"}],"wp:attachment":[{"href":"https:\/\/publikumskonferenz.de\/blog\/wp-json\/wp\/v2\/media?parent=927"}],"wp:term":[{"taxonomy":"category","embeddable":true,"href":"https:\/\/publikumskonferenz.de\/blog\/wp-json\/wp\/v2\/categories?post=927"},{"taxonomy":"post_tag","embeddable":true,"href":"https:\/\/publikumskonferenz.de\/blog\/wp-json\/wp\/v2\/tags?post=927"}],"curies":[{"name":"wp","href":"https:\/\/api.w.org\/{rel}","templated":true}]}}